{"id":6149,"date":"2019-06-04T11:04:51","date_gmt":"2019-06-04T16:04:51","guid":{"rendered":"http:\/\/www.conmarcapropia.com\/portal\/?p=6149"},"modified":"2019-06-04T16:20:22","modified_gmt":"2019-06-04T21:20:22","slug":"se-rumora-n300-semana-del-28-de-mayo-al-04-de-junio-de-2019","status":"publish","type":"post","link":"https:\/\/www.conmarcapropia.com\/portal\/se-rumora-n300-semana-del-28-de-mayo-al-04-de-junio-de-2019\/","title":{"rendered":"Se Rumora N\u00b0300 (semana del 28 de Mayo al 04 de Junio de 2019)"},"content":{"rendered":"<p><strong>Se Rumora y sus 300 columnas<br \/>\n<img loading=\"lazy\" class=\"alignnone size-full wp-image-6150\" src=\"https:\/\/i0.wp.com\/www.conmarcapropia.com\/portal\/wp-content\/uploads\/2019\/06\/Se-Rumora.jpg?resize=300%2C166\" alt=\"\" width=\"300\" height=\"166\" data-recalc-dims=\"1\" \/><br \/>\n<\/strong><\/p>\n<p style=\"text-align: justify;\">En estas 300 ediciones hemos recorrido los 23 municipios del Oriente Antioque\u00f1o en innumerables oportunidades y hemos conversado con infinidad de personas de la subregi\u00f3n. En diferentes partes conocen nuestros productos y hasta nombres cari\u00f1osos les tienen, por ejemplo, el espacio audiovisual JAQUE, es apodado \u00abjaqueca\u00bb, seg\u00fan los seguidores por los conceptos all\u00ed tratados, ya que el formato sin libreto nos permite tocar muchos temas, se lleva al entrevistado por las caminos de sus municipios, pero lo m\u00e1s importante por su gesti\u00f3n.<\/p>\n<p><!--more--><\/p>\n<p><img src=\"https:\/\/i0.wp.com\/www.conmarcapropia.com\/portal\/wp-content\/uploads\/2019\/05\/Orientese-3.jpg?resize=400%2C373\" data-recalc-dims=\"1\" \/><\/p>\n<p style=\"text-align: justify;\">Durante estas trescientas ediciones hemos estado en cenas de gala, sancochos comunitarios, fiestas de 15, bautizos y hasta matrimonios, nos hemos hospedado en hoteles, hoster\u00edas, casas de hogar, fincas y hasta lujosos chalets en los que nos han albergado.<\/p>\n<p style=\"text-align: justify;\">Siempre con la misma l\u00ednea, la tertulia pol\u00edtica, a manteles nos hemos sentado con senadores, representantes, ministros, estrategas, personajes de talla internacional y alguna vez hasta con el presidente Santos por las \u00e9pocas de su campa\u00f1a reeleccionista.<\/p>\n<p style=\"text-align: justify;\">Gracias al trabajo y a nuestras publicaciones el universo se ha ampliado y hemos visitado distintas regiones del pa\u00eds y del mundo, contando an\u00e9cdotas, pero ante todo dejando en alto las bondades del Oriente Antioque\u00f1o.<\/p>\n<p style=\"text-align: justify;\">300 ediciones, una cada semana, solo descansando en diciembre y enfocados en un solo tema, como lo hacen los medios de nicho, el tema pol\u00edtico, adicional a ello jam\u00e1s nos ha dolido reconocer una fuente o felicitar a los amigos y colegas por sus logros, igualmente siempre hemos defendido y apoyado a los colegas en sus luchas diarias, ah\u00ed estamos para respaldar una demanda, para apoyo moral o simplemente para compartir informaci\u00f3n.<\/p>\n<p style=\"text-align: justify;\">Con Marca propia y en espacial su columna \u201cSe Rumora\u201d ha sido una constante de aprendizaje. A la fecha la suma de las lecturas de los Se Rumora, llega a la no despreciable cifra de 643.764 clicks.<\/p>\n<p style=\"text-align: justify;\">Desde 2017 organizamos una alianza con el portal <a href=\"http:\/\/www.quienesquien.co\/\" target=\"_blank\" rel=\"noopener\">www.quienesquien.co<\/a> creando el producto impreso Resumen Pol\u00edtico del Oriente Antioque\u00f1o y en el 2018 se sum\u00f3 a la alianza el portal <a href=\"http:\/\/www.alternativaregional.com\/\" target=\"_blank\" rel=\"noopener\"><strong>www.Alternativaregioanal.com<\/strong><\/a> que regres\u00f3 a sus due\u00f1os fundadores, con esta sinergia se le dio luz a JAQUE, espacio audiovisual de opini\u00f3n y an\u00e1lisis.<\/p>\n<hr \/>\n<p><img loading=\"lazy\" class=\"alignnone size-medium wp-image-6151\" src=\"https:\/\/i0.wp.com\/www.conmarcapropia.com\/portal\/wp-content\/uploads\/2019\/06\/Banner-Guarne.jpg?resize=311%2C400\" alt=\"\" width=\"311\" height=\"400\" srcset=\"https:\/\/i0.wp.com\/www.conmarcapropia.com\/portal\/wp-content\/uploads\/2019\/06\/Banner-Guarne.jpg?resize=311%2C400&amp;ssl=1 311w, https:\/\/i0.wp.com\/www.conmarcapropia.com\/portal\/wp-content\/uploads\/2019\/06\/Banner-Guarne.jpg?resize=233%2C300&amp;ssl=1 233w, https:\/\/i0.wp.com\/www.conmarcapropia.com\/portal\/wp-content\/uploads\/2019\/06\/Banner-Guarne.jpg?w=400&amp;ssl=1 400w\" sizes=\"(max-width: 311px) 100vw, 311px\" data-recalc-dims=\"1\" \/><\/p>\n<hr \/>\n<p><strong>La columna m\u00e1s le\u00edda de las 300 ediciones<br \/>\n<img loading=\"lazy\" class=\"alignnone size-full wp-image-6152\" src=\"https:\/\/i0.wp.com\/www.conmarcapropia.com\/portal\/wp-content\/uploads\/2019\/06\/Andr\u00e9s-Juli\u00e1n-vs-Rub\u00e9n-Dar\u00edo.jpg?resize=300%2C150\" alt=\"\" width=\"300\" height=\"150\" data-recalc-dims=\"1\" \/><br \/>\n<\/strong><\/p>\n<p style=\"text-align: justify;\">Con el t\u00edtulo de \u201c<a href=\"http:\/\/www.quienesquien.co\/listado-de-perfiles\/nombre\/andres-rendon-cardona\/\" target=\"_blank\" rel=\"noopener\"><strong>Andr\u00e9s Juli\u00e1n Rend\u00f3n<\/strong><\/a> VS Rub\u00e9n Dar\u00edo Quintero\u201d el primero de septiembre de 2013, publicamos esta columna en donde recog\u00edamos un audio del exsecretario de gobierno y hoy alcalde de Rionegro, que por esos d\u00edas estaba en el coqueteo de aspirar al senado por el Centro Democr\u00e1tico, en la entrevista que le conced\u00eda al portal Minuto 30, dec\u00eda que no ten\u00eda parentesco alguno con Rub\u00e9n Dar\u00edo Quintero Villada. Luego de estas declaraciones, buscamos al exsenador Quintero Villada quien nos concedi\u00f3 una entrevista y all\u00ed expres\u00f3 su reacci\u00f3n, dijo que era el golpe m\u00e1s duro que recib\u00eda en la vida, miren c\u00f3mo es de din\u00e1mica la pol\u00edtica, hoy son de nuevos aliados. Por cierto, el audio de las declaraciones de <a href=\"http:\/\/www.quienesquien.co\/listado-de-perfiles\/nombre\/andres-rendon-cardona\/\" target=\"_blank\" rel=\"noopener\"><strong>Andr\u00e9s Juli\u00e1n<\/strong><\/a> fue desmontado del portal en \u00e9poca electoral en 2015, pero lo recuperamos y est\u00e1 en nuestra columna.<\/p>\n<p><a href=\"http:\/\/www.conmarcapropia.com\/portal\/se-rumora-n-28-semana-del-26-de-agosto-al-1-de-septiembre\/\">Leer Se Rumora 28\u00a0<\/a><\/p>\n<p><iframe loading=\"lazy\" src=\"https:\/\/w.soundcloud.com\/player\/?url=http%3A%2F%2Fapi.soundcloud.com%2Ftracks%2F106500379\" width=\"100%\" height=\"166\" frameborder=\"no\" scrolling=\"no\"><\/iframe><\/p>\n<p>Aqu\u00ed la entrevista:<\/p>\n<p style=\"text-align: justify;\"><strong><em>Conmarcapropia.com: \u00bfEn Rionegro y en el \u00e1mbito nacional hay quienes dicen que <a href=\"http:\/\/www.quienesquien.co\/listado-de-perfiles\/nombre\/andres-rendon-cardona\/\" target=\"_blank\" rel=\"noopener\">Andr\u00e9s Juli\u00e1n Rend\u00f3n Cardona<\/a>, su sobrino pol\u00edtico, es reconocido pol\u00edticamente gracias a su respaldo, qu\u00e9 siente hoy que \u00e9ste le da la espalda para buscar su propio espacio? cree que le alcanzar\u00e1 su m\u00fasculo electoral para llegar al senado?<\/em><\/strong><\/p>\n<p style=\"text-align: justify;\">\u201cRub\u00e9n Dar\u00edo Quintero Villada: \u201cEl tema de <a href=\"http:\/\/www.quienesquien.co\/listado-de-perfiles\/nombre\/andres-rendon-cardona\/\" target=\"_blank\" rel=\"noopener\"><strong>Andr\u00e9s<\/strong><\/a>, ha sido el golpe m\u00e1s duro que he recibido pol\u00edticamente. Desde joven lo ten\u00eda como mi \u00a0\u201chijo pol\u00edtico\u201d, lo apoy\u00e9 en sus procesos electorales (a pesar que no estuve de acuerdo con su primera candidatura a la Alcald\u00eda). Cada visita al Presidente Uribe lo llevaba y lo promov\u00ed siempre para todos los cargos nacionales que ocup\u00f3 (Min hacienda, Fedecafeteros y Corpoica) y con Omar Fl\u00f3rez lo respaldamos para ser nuestra cuota pol\u00edtica como Secretario de Gobierno de Ramos en su Gobernaci\u00f3n. Hace casi cuatro a\u00f1os, en medio de mis dificultades me traicion\u00f3, cuando m\u00e1s lo necesitaba y no apoyo a mi hijo Esteban para la Asamblea, todo lo contrario coopt\u00f3 todo mi capital pol\u00edtico en los municipios y recursos econ\u00f3micos y los puso al servicio de Alpidio Betancur (hechos que me negaba).<\/p>\n<p style=\"text-align: justify;\">O sea que la espalda me la dio desde el 2010, cuando yo estaba confinado. Pero \u00c9l para ser Senador, no necesita un s\u00f3lo voto, todos los pondr\u00e1 el Expresidente, con la lista cerrada que Uribe encabezar\u00e1. ! Se gan\u00f3 la loter\u00eda \u00a1\u201d<\/p>\n<p style=\"text-align: justify;\"><strong><em>Conmarcapropia.com: \u00bfLe duelen las declaraciones de <a href=\"http:\/\/www.quienesquien.co\/listado-de-perfiles\/nombre\/andres-rendon-cardona\/\" target=\"_blank\" rel=\"noopener\">Rend\u00f3n Cardona<\/a>, otorgadas a Minuto30.com en donde dijo enf\u00e1ticamente que entre ustedes no existe ning\u00fan parentesco?<\/em><\/strong><\/p>\n<p style=\"text-align: justify;\">RDQV: \u201cLes quiero confesar que con Maritza, Nataly y Esteban, despu\u00e9s de la traici\u00f3n que recib\u00ed de <a href=\"http:\/\/www.quienesquien.co\/listado-de-perfiles\/nombre\/andres-rendon-cardona\/\" target=\"_blank\" rel=\"noopener\"><strong>Andr\u00e9s<\/strong><\/a>, hab\u00edamos acordado que yo doblar\u00eda esa p\u00e1gina, ni siquiera en las pr\u00f3ximas elecciones volver\u00eda a tocar ese tema, pero \u00e9l en una entrevista hace 10 d\u00edas y mensajes en las redes sociales rectific\u00f3 lo que inform\u00f3 Blu Radio sobre su relaci\u00f3n conmigo y me quiso enfrentar con El Presidente Uribe.<\/p>\n<p style=\"text-align: justify;\">El problema no es que me niegue a m\u00ed, ni que haya querido desconocer a su t\u00eda y primo, ni diga que la gente nos confunde por \u201ctener el mismo origen municipal\u2026\u201d, sino toda la indisposici\u00f3n y la ciza\u00f1a que cre\u00f3 con las \u201cenvenenadas\u201d declaraciones a los medios y a trav\u00e9s de las redes sociales. Por eso romp\u00ed mi silencio y la promesa que le hice a la familia.<\/p>\n<p style=\"text-align: justify;\">Tengo el orgullo de ser uno de los pocos fundadores del \u201cUribismo\u201d en Rionegro y el Oriente que he estado con el expresidente en todos los momentos desde hace 26 a\u00f1os hasta hoy. A \u00e9l solo le ha tocado aprovecharse de los momentos de \u00e9xitos. No tiene autoridad moral para graduarme de antiuribista.<\/p>\n<p style=\"text-align: justify;\">S\u00ed, como \u00e9l lo dice, estoy acompa\u00f1ando al Dr. Mauricio Lizcano para regresar al Senado y al exdiputado Guillermo Palacio para la C\u00e1mara, porque fueron los que apoyaron a Esteban para llegar a la Asamblea, cuando <a href=\"http:\/\/www.quienesquien.co\/listado-de-perfiles\/nombre\/andres-rendon-cardona\/\" target=\"_blank\" rel=\"noopener\"><strong>Andr\u00e9s<\/strong><\/a> nos abandon\u00f3, adem\u00e1s por sus calidades y capacidades y por prescripci\u00f3n legal.<\/p>\n<p style=\"text-align: justify;\">Me duele su incoherencia: en las redes sociales se muestra como ajeno al poder, cuando para llegar al mismo, se va en contra de los principios que pregona y degusta la mermelada que critica a nivel nacional (negoci\u00f3 apoyos a la Asamblea, recibe \u201cmermelada\u201d burocr\u00e1tica y contractual en Rionegro\u2026).<\/p>\n<p style=\"text-align: justify;\">Espero alg\u00fan d\u00eda saber por qu\u00e9 <a href=\"http:\/\/www.quienesquien.co\/listado-de-perfiles\/nombre\/andres-rendon-cardona\/\" target=\"_blank\" rel=\"noopener\"><strong>Andr\u00e9s Juli\u00e1n<\/strong> <\/a>nos traicion\u00f3 y quisiera volver a cerrar esta p\u00e1gina que tanto afecta a nuestras familias.\u201d<\/p>\n<hr \/>\n<p><strong>La foto del pasado que recuerda el alcalde en sus redes<br \/>\n<img loading=\"lazy\" class=\"alignnone size-medium wp-image-6153\" src=\"https:\/\/i0.wp.com\/www.conmarcapropia.com\/portal\/wp-content\/uploads\/2019\/06\/tuit-Andr\u00e9s-Juli\u00e1n.jpg?resize=400%2C371\" alt=\"\" width=\"400\" height=\"371\" srcset=\"https:\/\/i0.wp.com\/www.conmarcapropia.com\/portal\/wp-content\/uploads\/2019\/06\/tuit-Andr\u00e9s-Juli\u00e1n.jpg?resize=400%2C371&amp;ssl=1 400w, https:\/\/i0.wp.com\/www.conmarcapropia.com\/portal\/wp-content\/uploads\/2019\/06\/tuit-Andr\u00e9s-Juli\u00e1n.jpg?resize=300%2C278&amp;ssl=1 300w, https:\/\/i0.wp.com\/www.conmarcapropia.com\/portal\/wp-content\/uploads\/2019\/06\/tuit-Andr\u00e9s-Juli\u00e1n.jpg?resize=768%2C713&amp;ssl=1 768w, https:\/\/i0.wp.com\/www.conmarcapropia.com\/portal\/wp-content\/uploads\/2019\/06\/tuit-Andr\u00e9s-Juli\u00e1n.jpg?w=1024&amp;ssl=1 1024w\" sizes=\"(max-width: 400px) 100vw, 400px\" data-recalc-dims=\"1\" \/><\/strong><\/p>\n<p>&nbsp;<\/p>\n<p style=\"text-align: justify;\">A prop\u00f3sito de la columna m\u00e1s le\u00edda, les compartimos esta foto.<\/p>\n<p style=\"text-align: justify;\">En recientes d\u00edas, el alcalde <a href=\"http:\/\/www.quienesquien.co\/listado-de-perfiles\/nombre\/andres-rendon-cardona\/\" target=\"_blank\" rel=\"noopener\"><strong>Andr\u00e9s Juli\u00e1n Rend\u00f3n<\/strong> <\/a>public\u00f3 en sus redes sociales una foto de 2003 en donde aparece con Enrique Pe\u00f1alosa y con Rub\u00e9n Dar\u00edo Quintero a quien califica como el mejor alcalde de Rionegro y a Pe\u00f1alosa le dice el mejor alcalde de la historia republicana y eso que hoy ostenta m\u00e1s del 70 por ciento de desaprobaci\u00f3n en las encuestas de la capital de la Rep\u00fablica.<\/p>\n<hr \/>\n<p><strong>El video con m\u00e1s reproducciones<br \/>\n<\/strong><\/p>\n<p><iframe loading=\"lazy\" src=\"\/\/www.youtube.com\/embed\/a0JNjrMJ50I?t=12s\" width=\"560\" height=\"314\" allowfullscreen=\"allowfullscreen\"><\/iframe><\/p>\n<p>En nuestro canal de Youtube el video publicado m\u00e1s taquillero es el de \u201cRecorridos con Jair\u201d, programa presentado por Manuel Jair Casta\u00f1o y que habla de chivas y camiones escaleras. Cuenta con m\u00e1s de 84 mil reproducciones.<\/p>\n<p><iframe loading=\"lazy\" src=\"\/\/www.youtube.com\/embed\/1XhGE_iGlR0\" width=\"560\" height=\"314\" allowfullscreen=\"allowfullscreen\"><\/iframe><\/p>\n<p style=\"text-align: justify;\">Un video que ha sido tambi\u00e9n muy visitado y ha sido referencias de columnas nacionales como esta de Yohir Akerman en El Espectador,<a href=\"https:\/\/www.elespectador.com\/opinion\/valorizando-mas-la-tierrita-columna-748799\"> leer columna Valorizando la Tierrita<\/a> es el de Jorge Alberto Urrea Mej\u00eda, el \u00a0exsecretario de planeaci\u00f3n de Rionegro en la \u00e9poca de <strong>Hern\u00e1n Ospina<\/strong> invadiendo el espacio p\u00fablico.<\/p>\n<hr \/>\n<p><strong>Luis P\u00e9rez en las tertulias pol\u00edticas<br \/>\n<iframe loading=\"lazy\" src=\"\/\/www.youtube.com\/embed\/rlV1Hhae_nI?feature=youtu\" width=\"560\" height=\"314\" allowfullscreen=\"allowfullscreen\"><\/iframe><br \/>\n<\/strong><\/p>\n<p style=\"text-align: justify;\">Dentro de las tertulias pol\u00edticas que este portal promovi\u00f3 en la regi\u00f3n para analizar el proceso electoral, invitamos a Luis P\u00e9rez Guti\u00e9rrez. Apenas era agosto de 2013, faltaban m\u00e1s de dos a\u00f1os para los comicios territoriales y lo sentamos en una panader\u00eda de Guarne y quien lo creyera, hasta chunchurria y pelanga comi\u00f3, ante la pregunta que si anunciaba su candidatura a la gobernaci\u00f3n titube\u00f3, pero dej\u00f3 abierta la puerta con el consabido resultado.<\/p>\n<hr \/>\n<p><img loading=\"lazy\" class=\"alignnone size-medium wp-image-6154\" src=\"https:\/\/i0.wp.com\/www.conmarcapropia.com\/portal\/wp-content\/uploads\/2019\/06\/Concejo-Marinilla.jpg?resize=400%2C400\" alt=\"\" width=\"400\" height=\"400\" srcset=\"https:\/\/i0.wp.com\/www.conmarcapropia.com\/portal\/wp-content\/uploads\/2019\/06\/Concejo-Marinilla.jpg?resize=400%2C400&amp;ssl=1 400w, https:\/\/i0.wp.com\/www.conmarcapropia.com\/portal\/wp-content\/uploads\/2019\/06\/Concejo-Marinilla.jpg?resize=300%2C300&amp;ssl=1 300w, https:\/\/i0.wp.com\/www.conmarcapropia.com\/portal\/wp-content\/uploads\/2019\/06\/Concejo-Marinilla.jpg?resize=768%2C769&amp;ssl=1 768w, https:\/\/i0.wp.com\/www.conmarcapropia.com\/portal\/wp-content\/uploads\/2019\/06\/Concejo-Marinilla.jpg?resize=150%2C150&amp;ssl=1 150w, https:\/\/i0.wp.com\/www.conmarcapropia.com\/portal\/wp-content\/uploads\/2019\/06\/Concejo-Marinilla.jpg?w=959&amp;ssl=1 959w\" sizes=\"(max-width: 400px) 100vw, 400px\" data-recalc-dims=\"1\" \/><\/p>\n<hr \/>\n<p><strong>El aval liberal para las alcald\u00edas en Oriente<br \/>\n<img loading=\"lazy\" class=\"alignnone size-full wp-image-6155\" src=\"https:\/\/i0.wp.com\/www.conmarcapropia.com\/portal\/wp-content\/uploads\/2019\/06\/Liberalismo.png?resize=275%2C183\" alt=\"\" width=\"275\" height=\"183\" data-recalc-dims=\"1\" \/><br \/>\n<\/strong><\/p>\n<p style=\"text-align: justify;\">Reporta el agudo comentarista pol\u00edtico del Mundo, Nacho Mej\u00eda que los avales liberales ya no se entregan en una convenci\u00f3n sino en un apartamento en Bogot\u00e1. Y los entrega el expresidente Cesar Gaviria y ojo que no solo tienen la potestad de repartirlos los congresistas, los candidatos tambi\u00e9n as\u00ed se hayan quemado, es el caso de Carlos Mario Mej\u00eda \u201cel flaco\u201d que hizo respetar los votos que sac\u00f3. As\u00ed las cosas, en nuestra regi\u00f3n as\u00ed queda el panorama.<\/p>\n<p style=\"text-align: justify;\"><strong>Senador Juli\u00e1n Bedoya<\/strong><\/p>\n<p style=\"text-align: justify;\">La Ceja: <a href=\"http:\/\/www.quienesquien.co\/listado-de-perfiles\/nombre\/nelson-carmona-lopera\/\" target=\"_blank\" rel=\"noopener\"><strong>Nelson Carmona Lopera<\/strong><\/a> llega muy fuerte y aprovechar\u00eda las relaciones de su t\u00edo Gildardo Lopera con este equipo. Claro que otro familiar de Gildardo est\u00e1 en el partidor, Alex Santa.<\/p>\n<p style=\"text-align: justify;\">La Uni\u00f3n: all\u00ed tambi\u00e9n el senador Juli\u00e1n Bedoya entregar\u00e1 el aval que ya est\u00e1 resuelto para el exalcalde Alexander Osorio quien aspirar\u00e1 de nuevo.<\/p>\n<p style=\"text-align: justify;\"><strong>Flaco Mej\u00eda<\/strong><\/p>\n<p style=\"text-align: justify;\">El Retiro: en este municipio el aval liberal del equipo del liberalismo social est\u00e1 en disputa entre N\u00f3lber Bedoya y el candidato del oficialismo.<\/p>\n<p style=\"text-align: justify;\">Santuario: En este municipio el equipo del alcalde <a href=\"http:\/\/www.quienesquien.co\/listado-de-perfiles\/nombre\/luis-ramirez-duque\/\" target=\"_blank\" rel=\"noopener\"><strong>Alexandri Ram\u00edrez<\/strong><\/a> hab\u00eda hecho una jugada y se hab\u00eda filado al lado de Iv\u00e1n Agudelo, as\u00ed las cosas, se vuelve a barajar el aval rojo.<\/p>\n<p style=\"text-align: justify;\">Guatap\u00e9: En este tur\u00edstico municipio el aval rojo estar\u00eda del lado de Juan P\u00e9rez<\/p>\n<p style=\"text-align: justify;\">Cocorn\u00e1<\/p>\n<p style=\"text-align: justify;\">Concepci\u00f3n<\/p>\n<p style=\"text-align: justify;\">Granada<\/p>\n<p style=\"text-align: justify;\">Guatap\u00e9<\/p>\n<p style=\"text-align: justify;\">San Carlos<\/p>\n<p style=\"text-align: justify;\"><strong>Senador Iv\u00e1n Agudelo<\/strong><\/p>\n<p style=\"text-align: justify;\">Marinilla: en este municipio este aval est\u00e1 casi listo para <a href=\"http:\/\/www.quienesquien.co\/listado-de-perfiles\/nombre\/jose-gonzalez-botero\/\" target=\"_blank\" rel=\"noopener\"><strong>Jos\u00e9 Manuel Gonz\u00e1lez<\/strong><\/a>, dado que el exconcejal Fabio Villalba lleg\u00f3 a estas huestes.<\/p>\n<p style=\"text-align: justify;\">Argelia<\/p>\n<p style=\"text-align: justify;\">Nari\u00f1o<\/p>\n<p style=\"text-align: justify;\">Sons\u00f3n<\/p>\n<p style=\"text-align: justify;\"><strong>Representante Juli\u00e1n Peinado<\/strong><\/p>\n<p style=\"text-align: justify;\">Rionegro: en este municipio esta es la corriente del concejal <a href=\"http:\/\/www.quienesquien.co\/listado-de-perfiles\/nombre\/juan-castro-henao\/\" target=\"_blank\" rel=\"noopener\"><strong>Juan Sebasti\u00e1n Castro<\/strong><\/a> quien es precandidato.<\/p>\n<p style=\"text-align: justify;\">El Carmen: En la tierra de la loza John Fredy Quintero cuenta con ese aval.<\/p>\n<p style=\"text-align: justify;\">San Francisco: este aval est\u00e1 definido para <a href=\"http:\/\/www.quienesquien.co\/listado-de-perfiles\/nombre\/diego-duque-valencia\/\" target=\"_blank\" rel=\"noopener\"><strong>Diego Duque.<\/strong><\/a><\/p>\n<p style=\"text-align: justify;\"><strong>Representante Jhon Jairo Rold\u00e1n<\/strong><\/p>\n<p style=\"text-align: justify;\">El Pe\u00f1ol: Esta es la tierra de la Universidad de Medell\u00edn y el liberalismo tiene una interesante puja entre la concejal Sandra Duque y Sorany Mar\u00edn.<\/p>\n<p style=\"text-align: justify;\">Guarne: En la lucha por este aval est\u00e1 el aspirante Mauricio Grisales<\/p>\n<p style=\"text-align: justify;\">San Rafael:<\/p>\n<p style=\"text-align: justify;\">San Luis: en este municipio tienen potestad de entrega de aval Jhon Jairo Rold\u00e1n e Iv\u00e1n Agudelo.<\/p>\n<hr \/>\n<p><strong>Se meter\u00e1 de lleno a la campa\u00f1a de la alcald\u00eda<br \/>\n<img loading=\"lazy\" class=\"alignnone size-medium wp-image-6156\" src=\"https:\/\/i0.wp.com\/www.conmarcapropia.com\/portal\/wp-content\/uploads\/2019\/06\/Nelson-Carmona.jpg?resize=400%2C323\" alt=\"\" width=\"400\" height=\"323\" srcset=\"https:\/\/i0.wp.com\/www.conmarcapropia.com\/portal\/wp-content\/uploads\/2019\/06\/Nelson-Carmona.jpg?resize=400%2C323&amp;ssl=1 400w, https:\/\/i0.wp.com\/www.conmarcapropia.com\/portal\/wp-content\/uploads\/2019\/06\/Nelson-Carmona.jpg?resize=300%2C242&amp;ssl=1 300w, https:\/\/i0.wp.com\/www.conmarcapropia.com\/portal\/wp-content\/uploads\/2019\/06\/Nelson-Carmona.jpg?w=704&amp;ssl=1 704w\" sizes=\"(max-width: 400px) 100vw, 400px\" data-recalc-dims=\"1\" \/><br \/>\n<\/strong><\/p>\n<p style=\"text-align: justify;\"><a href=\"http:\/\/www.quienesquien.co\/listado-de-perfiles\/nombre\/nelson-carmona-lopera\/\" target=\"_blank\" rel=\"noopener\"><strong>Nelson Carmona Lopera<\/strong><\/a>, la m\u00e1xima votaci\u00f3n al Concejo de La Ceja en toda su historia decidi\u00f3 renunciar al concejo para enfocarse en su campa\u00f1a a la alcald\u00eda. Este joven abogado especialista en derecho administrativo y Maestr\u00eda que alcanz\u00f3 cerca de 2000 sufragios es una opci\u00f3n interesante para alcanzar la primera dignidad. Ya tiene el aval de la ASI, pero quiere llegar con multiaval y el liberalismo tambi\u00e9n le est\u00e1 coqueteando para que se haga contar con el logo de la L.<\/p>\n<hr \/>\n<p><strong>Entreg\u00f3 firmas<br \/>\n<img loading=\"lazy\" class=\"alignnone size-medium wp-image-6157\" src=\"https:\/\/i0.wp.com\/www.conmarcapropia.com\/portal\/wp-content\/uploads\/2019\/06\/Ilbet-Santa.jpg?resize=225%2C400\" alt=\"\" width=\"225\" height=\"400\" srcset=\"https:\/\/i0.wp.com\/www.conmarcapropia.com\/portal\/wp-content\/uploads\/2019\/06\/Ilbet-Santa.jpg?resize=225%2C400&amp;ssl=1 225w, https:\/\/i0.wp.com\/www.conmarcapropia.com\/portal\/wp-content\/uploads\/2019\/06\/Ilbet-Santa.jpg?resize=169%2C300&amp;ssl=1 169w, https:\/\/i0.wp.com\/www.conmarcapropia.com\/portal\/wp-content\/uploads\/2019\/06\/Ilbet-Santa.jpg?resize=768%2C1367&amp;ssl=1 768w, https:\/\/i0.wp.com\/www.conmarcapropia.com\/portal\/wp-content\/uploads\/2019\/06\/Ilbet-Santa.jpg?resize=575%2C1024&amp;ssl=1 575w, https:\/\/i0.wp.com\/www.conmarcapropia.com\/portal\/wp-content\/uploads\/2019\/06\/Ilbet-Santa.jpg?w=818&amp;ssl=1 818w\" sizes=\"(max-width: 225px) 100vw, 225px\" data-recalc-dims=\"1\" \/><br \/>\n<\/strong><\/p>\n<p style=\"text-align: justify;\">Tambi\u00e9n en La Ceja, la aspirante <a href=\"http:\/\/www.quienesquien.co\/listado-de-perfiles\/nombre\/maria-santa-santa\/\" target=\"_blank\" rel=\"noopener\"><strong>Ilbed Santa Santa<\/strong><\/a> entreg\u00f3 18.573 firmas para avalar su candidatura por el grupo significativo de ciudadanos \u201cHagamos lo Correcto\u201d, sin duda Santa Santa es una aspirante con toda la experiencia para llegar al primer cargo municipal ya en 2011 aspir\u00f3 con una significativa votaci\u00f3n, 9.291 sufragios.<\/p>\n<hr \/>\n<p><strong>Aval de la U ser\u00eda para \u201cla Tola\u201d<br \/>\n<img loading=\"lazy\" class=\"alignnone size-medium wp-image-6158\" src=\"https:\/\/i0.wp.com\/www.conmarcapropia.com\/portal\/wp-content\/uploads\/2019\/06\/Convenci\u00f3n-la-U-Rionegro.jpg?resize=400%2C300\" alt=\"\" width=\"400\" height=\"300\" srcset=\"https:\/\/i0.wp.com\/www.conmarcapropia.com\/portal\/wp-content\/uploads\/2019\/06\/Convenci\u00f3n-la-U-Rionegro.jpg?resize=400%2C300&amp;ssl=1 400w, https:\/\/i0.wp.com\/www.conmarcapropia.com\/portal\/wp-content\/uploads\/2019\/06\/Convenci\u00f3n-la-U-Rionegro.jpg?resize=300%2C225&amp;ssl=1 300w, https:\/\/i0.wp.com\/www.conmarcapropia.com\/portal\/wp-content\/uploads\/2019\/06\/Convenci\u00f3n-la-U-Rionegro.jpg?resize=768%2C576&amp;ssl=1 768w, https:\/\/i0.wp.com\/www.conmarcapropia.com\/portal\/wp-content\/uploads\/2019\/06\/Convenci\u00f3n-la-U-Rionegro.jpg?resize=1024%2C768&amp;ssl=1 1024w, https:\/\/i0.wp.com\/www.conmarcapropia.com\/portal\/wp-content\/uploads\/2019\/06\/Convenci\u00f3n-la-U-Rionegro.jpg?w=1280&amp;ssl=1 1280w\" sizes=\"(max-width: 400px) 100vw, 400px\" data-recalc-dims=\"1\" \/><br \/>\n<\/strong><\/p>\n<p style=\"text-align: justify;\">El concejal <a href=\"http:\/\/www.quienesquien.co\/listado-de-perfiles\/nombre\/fernando-valencia-vallejo\/\" target=\"_blank\" rel=\"noopener\"><strong>Fernando Valencia<\/strong><\/a>, m\u00e1s conocido como \u201cla Tola\u201d, ser\u00eda el favorecido con el aval del partido de la U para aspirar a la alcald\u00eda. <a href=\"http:\/\/www.quienesquien.co\/listado-de-perfiles\/nombre\/fernando-valencia-vallejo\/\" target=\"_blank\" rel=\"noopener\"><strong>Valencia<\/strong><\/a> integra la alianza para elegir entre seis aspirantes el candidato de una parte de la oposici\u00f3n. En reuni\u00f3n con el equipo del senador Juan Felipe Lemos en la que tambi\u00e9n estuvo el concejal, Gildardo Valencia, se dio este acercamiento, la intenci\u00f3n del senador es tener candidato propio en la Ciudad Hidalga.<\/p>\n<hr \/>\n<p><strong>30 nuevos auxiliares de polic\u00eda reforzar\u00e1n la seguridad ciudadana en La Ceja<br \/>\n<img loading=\"lazy\" class=\"alignnone size-medium wp-image-6159\" src=\"https:\/\/i0.wp.com\/www.conmarcapropia.com\/portal\/wp-content\/uploads\/2019\/06\/Consejo-seguridad-La-Ceja.jpg?resize=400%2C300\" alt=\"\" width=\"400\" height=\"300\" srcset=\"https:\/\/i0.wp.com\/www.conmarcapropia.com\/portal\/wp-content\/uploads\/2019\/06\/Consejo-seguridad-La-Ceja.jpg?resize=400%2C300&amp;ssl=1 400w, https:\/\/i0.wp.com\/www.conmarcapropia.com\/portal\/wp-content\/uploads\/2019\/06\/Consejo-seguridad-La-Ceja.jpg?resize=300%2C225&amp;ssl=1 300w, https:\/\/i0.wp.com\/www.conmarcapropia.com\/portal\/wp-content\/uploads\/2019\/06\/Consejo-seguridad-La-Ceja.jpg?resize=768%2C576&amp;ssl=1 768w, https:\/\/i0.wp.com\/www.conmarcapropia.com\/portal\/wp-content\/uploads\/2019\/06\/Consejo-seguridad-La-Ceja.jpg?resize=1024%2C768&amp;ssl=1 1024w, https:\/\/i0.wp.com\/www.conmarcapropia.com\/portal\/wp-content\/uploads\/2019\/06\/Consejo-seguridad-La-Ceja.jpg?w=1152&amp;ssl=1 1152w\" sizes=\"(max-width: 400px) 100vw, 400px\" data-recalc-dims=\"1\" \/><br \/>\n<\/strong><\/p>\n<p style=\"text-align: justify;\">La seguridad de La Ceja ser\u00e1 reforzada con la presencia de 30 auxiliares de polic\u00eda bachilleres, gracias a un convenio suscrito entre la Alcald\u00eda de La Ceja y el Departamento de Polic\u00eda de Antioquia, as\u00ed lo manifest\u00f3 el alcalde <a href=\"http:\/\/www.quienesquien.co\/listado-de-perfiles\/nombre\/elkin-ospina-ospina\/\" target=\"_blank\" rel=\"noopener\"><strong>Elkin Ospina Ospina<\/strong><\/a>, en un consejo de seguridad realizado en recientes d\u00edas .<\/p>\n<p style=\"text-align: justify;\">La medida, fortalecer\u00e1 la estrategia de seguridad local que busca contrarrestar delitos como homicidios, hurtos, microtr\u00e1fico y mendicidad, a trav\u00e9s de la presencia visible de los auxiliares, que contribuir\u00e1n con su esfuerzo a crear entornos m\u00e1s seguros en las principales zonas del municipio y el acercamiento efectivo y respetuoso con la ciudadan\u00eda.<\/p>\n<p style=\"text-align: justify;\">Durante la reuni\u00f3n, el alcalde hizo un fuerte llamado a la fuerza p\u00fablica a plantear estrategias que permitan erradicar la mendicidad en La Ceja y la problem\u00e1tica de delincuencia que de esta se genera.<\/p>\n<p style=\"text-align: justify;\">En este consejo tambi\u00e9n se analizaron estad\u00edsticas que permitieron concluir que, a pesar de los acontecimientos en materia de orden p\u00fablico ocurridos en lo que va del a\u00f1o, los habitantes de La Ceja tienen buena percepci\u00f3n frente a la seguridad local, al considerarlo como un municipio tranquilo, donde se recibe acompa\u00f1amiento y respaldo por parte de los organismos de seguridad.<\/p>\n<hr \/>\n<p><strong>Guarne vibr\u00f3 con la cultura<br \/>\n<img loading=\"lazy\" class=\"alignnone size-medium wp-image-6160\" src=\"https:\/\/i0.wp.com\/www.conmarcapropia.com\/portal\/wp-content\/uploads\/2019\/06\/Festival-Guarne.jpg?resize=400%2C267\" alt=\"\" width=\"400\" height=\"267\" srcset=\"https:\/\/i0.wp.com\/www.conmarcapropia.com\/portal\/wp-content\/uploads\/2019\/06\/Festival-Guarne.jpg?resize=400%2C267&amp;ssl=1 400w, https:\/\/i0.wp.com\/www.conmarcapropia.com\/portal\/wp-content\/uploads\/2019\/06\/Festival-Guarne.jpg?resize=300%2C200&amp;ssl=1 300w, https:\/\/i0.wp.com\/www.conmarcapropia.com\/portal\/wp-content\/uploads\/2019\/06\/Festival-Guarne.jpg?resize=768%2C512&amp;ssl=1 768w, https:\/\/i0.wp.com\/www.conmarcapropia.com\/portal\/wp-content\/uploads\/2019\/06\/Festival-Guarne.jpg?w=960&amp;ssl=1 960w\" sizes=\"(max-width: 400px) 100vw, 400px\" data-recalc-dims=\"1\" \/><br \/>\n<\/strong><\/p>\n<p style=\"text-align: justify;\">Del 31 de mayo al 2 de junio se realiz\u00f3 en Guarne la Fiesta del Libro y la cultura con extraordinaria participaci\u00f3n de la comunidad. La programaci\u00f3n que fue muy nutrida y variada e incluy\u00f3 actividades como: talleres de cuenter\u00eda, veladas po\u00e9ticas, ensamble municipal, microteatro y danzas.<\/p>\n<hr \/>\n<p><strong>Les compartimos las\u00a0<a href=\"http:\/\/www.alternativaregional.com\/oriente-antioqueno\/notas-al-oido-no-38-junio-de-2019.html\" target=\"_blank\" rel=\"noopener\">Notas al O\u00eddo #38<\/a><\/strong><\/p>\n<p><img src=\"https:\/\/i0.wp.com\/www.conmarcapropia.com\/portal\/wp-content\/uploads\/2018\/07\/Notas-al-O%C3%ADdo-400x225.jpg?resize=400%2C225\" data-recalc-dims=\"1\" \/><\/p>\n<p><strong>Les compartimos\u00a0<a href=\"http:\/\/www.quienesquien.co\/runrun-politico-37\/\" target=\"_blank\" rel=\"noopener\">Runr\u00fan Pol\u00edtico #37<\/a><\/strong><\/p>\n<p><img loading=\"lazy\" class=\"\" src=\"https:\/\/i0.wp.com\/www.alternativaregional.com\/wp-content\/uploads\/2018\/07\/WhatsApp-Image-2018-07-05-at-5.23.23-PM.jpeg?resize=405%2C228\" alt=\"WhatsApp Image 2018-07-05 at 5.23.23 PM\" width=\"405\" height=\"228\" data-recalc-dims=\"1\" \/><\/p>\n<hr \/>\n<p><img src=\"https:\/\/i0.wp.com\/www.conmarcapropia.com\/portal\/wp-content\/uploads\/2018\/10\/PHOTO-2018-10-04-23-18-48.jpg?resize=400%2C154\" data-recalc-dims=\"1\" \/><\/p>\n<hr \/>\n<p><img src=\"https:\/\/i0.wp.com\/www.conmarcapropia.com\/portal\/wp-content\/uploads\/2017\/03\/CMP-WhatsApp.jpg?resize=400%2C400\" alt=\"CMP WhatsApp\" data-recalc-dims=\"1\" \/><\/p>\n<hr \/>\n<p><img src=\"https:\/\/i0.wp.com\/www.conmarcapropia.com\/portal\/wp-content\/uploads\/2017\/01\/Publicidad-Web-El-Comunero.jpg?resize=400%2C308\" alt=\"Publicidad Web El Comunero\" data-recalc-dims=\"1\" \/><\/p>\n<hr \/>\n<p><img src=\"https:\/\/i0.wp.com\/www.conmarcapropia.com\/portal\/wp-content\/uploads\/2016\/07\/Acuario-TV1.jpg?w=640\" alt=\"Acuario TV\" data-recalc-dims=\"1\" \/><\/p>\n<hr \/>\n<p><a href=\"http:\/\/www.quienesquien.co\/\"><img loading=\"lazy\" class=\"alignnone\" src=\"https:\/\/i0.wp.com\/www.conmarcapropia.com\/portal\/wp-content\/uploads\/2017\/09\/Qui%C3%A9n-es-Qui%C3%A9n.co_-344x400.jpg?resize=344%2C400\" alt=\"\" width=\"344\" height=\"400\" data-recalc-dims=\"1\" \/><\/a><\/p>\n<hr \/>\n<p><img loading=\"lazy\" class=\"alignnone size-medium wp-image-5891\" src=\"https:\/\/i0.wp.com\/www.conmarcapropia.com\/portal\/wp-content\/uploads\/2019\/02\/banner-AO-1.jpg?resize=400%2C173\" sizes=\"(max-width: 400px) 100vw, 400px\" srcset=\"https:\/\/i0.wp.com\/www.conmarcapropia.com\/portal\/wp-content\/uploads\/2019\/02\/banner-AO-1.jpg?resize=400%2C173 400w, http:\/\/www.conmarcapropia.com\/portal\/wp-content\/uploads\/2019\/02\/banner-AO-1-300x130.jpg 300w, http:\/\/www.conmarcapropia.com\/portal\/wp-content\/uploads\/2019\/02\/banner-AO-1-768x332.jpg 768w, http:\/\/www.conmarcapropia.com\/portal\/wp-content\/uploads\/2019\/02\/banner-AO-1-1024x443.jpg 1024w, http:\/\/www.conmarcapropia.com\/portal\/wp-content\/uploads\/2019\/02\/banner-AO-1.jpg 1195w\" alt=\"\" width=\"400\" height=\"173\" data-attachment-id=\"5891\" data-permalink=\"http:\/\/www.conmarcapropia.com\/portal\/se-rumora-n285-semana-del-12-al-18-de-enero-de-2019\/banner-ao-2\/\" data-orig-file=\"http:\/\/www.conmarcapropia.com\/portal\/wp-content\/uploads\/2019\/02\/banner-AO-1.jpg\" data-orig-size=\"1195,517\" data-comments-opened=\"0\" data-image-meta=\"{&quot;aperture&quot;:&quot;0&quot;,&quot;credit&quot;:&quot;&quot;,&quot;camera&quot;:&quot;&quot;,&quot;caption&quot;:&quot;&quot;,&quot;created_timestamp&quot;:&quot;0&quot;,&quot;copyright&quot;:&quot;&quot;,&quot;focal_length&quot;:&quot;0&quot;,&quot;iso&quot;:&quot;0&quot;,&quot;shutter_speed&quot;:&quot;0&quot;,&quot;title&quot;:&quot;&quot;,&quot;orientation&quot;:&quot;1&quot;}\" data-image-title=\"banner AO\" data-image-description=\"\" data-medium-file=\"https:\/\/i0.wp.com\/www.conmarcapropia.com\/portal\/wp-content\/uploads\/2019\/02\/banner-AO-1.jpg?resize=400%2C173\" data-large-file=\"http:\/\/www.conmarcapropia.com\/portal\/wp-content\/uploads\/2019\/02\/banner-AO-1-1024x443.jpg\" data-recalc-dims=\"1\" \/><\/p>\n<hr \/>\n<p><img src=\"https:\/\/i0.wp.com\/www.conmarcapropia.com\/portal\/wp-content\/uploads\/2017\/06\/Muebles-Aga.jpg?resize=400%2C223\" alt=\"Muebles Aga\" data-recalc-dims=\"1\" \/><\/p>\n<hr \/>\n<p><img src=\"https:\/\/i0.wp.com\/www.conmarcapropia.com\/portal\/wp-content\/uploads\/2017\/04\/Orientese-400x119-400x119.jpg?resize=400%2C119\" alt=\"Orientese-400x119\" data-recalc-dims=\"1\" \/><\/p>\n<hr \/>\n<p><img src=\"https:\/\/i0.wp.com\/www.conmarcapropia.com\/portal\/wp-content\/uploads\/2017\/04\/CABEZOTE-FINAL-COLOR-VERDE-MAYO-2015-1-400x71-400x71.jpg?resize=400%2C71\" alt=\"CABEZOTE-FINAL-COLOR-VERDE-MAYO-2015-1-400x71\" data-recalc-dims=\"1\" \/><\/p>\n","protected":false},"excerpt":{"rendered":"<p>Se Rumora y sus 300 columnas En estas 300 ediciones hemos recorrido los 23 municipios del Oriente Antioque\u00f1o en innumerables oportunidades y hemos conversado con infinidad de personas de la subregi\u00f3n. En diferentes partes conocen nuestros productos y hasta nombres cari\u00f1osos les tienen, por ejemplo, el espacio audiovisual JAQUE, es apodado \u00abjaqueca\u00bb, seg\u00fan los seguidores [&hellip;]<\/p>\n","protected":false},"author":11,"featured_media":6150,"comment_status":"closed","ping_status":"closed","sticky":false,"template":"","format":"standard","meta":{"om_disable_all_campaigns":false,"_monsterinsights_skip_tracking":false,"_uf_show_specific_survey":0,"_uf_disable_surveys":false,"jetpack_post_was_ever_published":false},"categories":[3],"tags":[323,10],"aioseo_notices":[],"aioseo_head":"\n\t\t<!-- All in One SEO 5.0.1.1 - aioseo.com -->\n\t<meta name=\"description\" content=\"Se Rumora y sus 300 columnas En estas 300 ediciones hemos recorrido los 23 municipios del Oriente Antioque\u00f1o en innumerables oportunidades y hemos conversado con infinidad de personas de la subregi\u00f3n. En diferentes partes conocen nuestros productos y hasta nombres cari\u00f1osos les tienen, por ejemplo, el espacio audiovisual JAQUE, es apodado &quot;jaqueca&quot;, seg\u00fan los seguidores\" \/>\n\t<meta name=\"robots\" content=\"max-image-preview:large\" \/>\n\t<meta name=\"author\" content=\"Editor\"\/>\n\t<link rel=\"canonical\" href=\"https:\/\/www.conmarcapropia.com\/portal\/se-rumora-n300-semana-del-28-de-mayo-al-04-de-junio-de-2019\/\" \/>\n\t<meta name=\"generator\" content=\"All in One SEO (AIOSEO) 5.0.1.1\" \/>\n\t\t<meta property=\"og:locale\" content=\"es_ES\" \/>\n\t\t<meta property=\"og:site_name\" content=\"ConMarcaPropia - cmp@conmarcapropia.com\" \/>\n\t\t<meta property=\"og:type\" content=\"article\" \/>\n\t\t<meta property=\"og:title\" content=\"Se Rumora N\u00b0300 (semana del 28 de Mayo al 04 de Junio de 2019) - ConMarcaPropia\" \/>\n\t\t<meta property=\"og:description\" content=\"Se Rumora y sus 300 columnas En estas 300 ediciones hemos recorrido los 23 municipios del Oriente Antioque\u00f1o en innumerables oportunidades y hemos conversado con infinidad de personas de la subregi\u00f3n. En diferentes partes conocen nuestros productos y hasta nombres cari\u00f1osos les tienen, por ejemplo, el espacio audiovisual JAQUE, es apodado &quot;jaqueca&quot;, seg\u00fan los seguidores\" \/>\n\t\t<meta property=\"og:url\" content=\"https:\/\/www.conmarcapropia.com\/portal\/se-rumora-n300-semana-del-28-de-mayo-al-04-de-junio-de-2019\/\" \/>\n\t\t<meta property=\"og:image\" content=\"https:\/\/i0.wp.com\/www.conmarcapropia.com\/portal\/wp-content\/uploads\/2022\/08\/cropped-CONAMR.png?fit=500%2C100&#038;ssl=1\" \/>\n\t\t<meta property=\"og:image:secure_url\" content=\"https:\/\/i0.wp.com\/www.conmarcapropia.com\/portal\/wp-content\/uploads\/2022\/08\/cropped-CONAMR.png?fit=500%2C100&#038;ssl=1\" \/>\n\t\t<meta property=\"article:published_time\" content=\"2019-06-04T16:04:51+00:00\" \/>\n\t\t<meta property=\"article:modified_time\" content=\"2019-06-04T21:20:22+00:00\" \/>\n\t\t<meta name=\"twitter:card\" content=\"summary_large_image\" \/>\n\t\t<meta name=\"twitter:title\" content=\"Se Rumora N\u00b0300 (semana del 28 de Mayo al 04 de Junio de 2019) - ConMarcaPropia\" \/>\n\t\t<meta name=\"twitter:description\" content=\"Se Rumora y sus 300 columnas En estas 300 ediciones hemos recorrido los 23 municipios del Oriente Antioque\u00f1o en innumerables oportunidades y hemos conversado con infinidad de personas de la subregi\u00f3n. En diferentes partes conocen nuestros productos y hasta nombres cari\u00f1osos les tienen, por ejemplo, el espacio audiovisual JAQUE, es apodado &quot;jaqueca&quot;, seg\u00fan los seguidores\" \/>\n\t\t<meta name=\"twitter:image\" content=\"https:\/\/i0.wp.com\/www.conmarcapropia.com\/portal\/wp-content\/uploads\/2022\/08\/cropped-CONAMR.png?fit=500%2C100&amp;ssl=1\" \/>\n\t\t<script type=\"application\/ld+json\" class=\"aioseo-schema\">\n\t\t\t{\"@context\":\"https:\\\/\\\/schema.org\",\"@graph\":[{\"@type\":\"BlogPosting\",\"@id\":\"https:\\\/\\\/www.conmarcapropia.com\\\/portal\\\/se-rumora-n300-semana-del-28-de-mayo-al-04-de-junio-de-2019\\\/#blogposting\",\"name\":\"Se Rumora N\\u00b0300 (semana del 28 de Mayo al 04 de Junio de 2019) - ConMarcaPropia\",\"headline\":\"Se Rumora N\\u00b0300 (semana del 28 de Mayo al 04 de Junio de 2019)\",\"author\":{\"@id\":\"https:\\\/\\\/www.conmarcapropia.com\\\/portal\\\/author\\\/carlosp\\\/#author\"},\"publisher\":{\"@id\":\"https:\\\/\\\/www.conmarcapropia.com\\\/portal\\\/#organization\"},\"image\":{\"@type\":\"ImageObject\",\"url\":\"https:\\\/\\\/i0.wp.com\\\/www.conmarcapropia.com\\\/portal\\\/wp-content\\\/uploads\\\/2019\\\/06\\\/Se-Rumora.jpg?fit=300%2C166&ssl=1\",\"width\":300,\"height\":166},\"datePublished\":\"2019-06-04T11:04:51-05:00\",\"dateModified\":\"2019-06-04T16:20:22-05:00\",\"inLanguage\":\"es-ES\",\"mainEntityOfPage\":{\"@id\":\"https:\\\/\\\/www.conmarcapropia.com\\\/portal\\\/se-rumora-n300-semana-del-28-de-mayo-al-04-de-junio-de-2019\\\/#webpage\"},\"isPartOf\":{\"@id\":\"https:\\\/\\\/www.conmarcapropia.com\\\/portal\\\/se-rumora-n300-semana-del-28-de-mayo-al-04-de-junio-de-2019\\\/#webpage\"},\"articleSection\":\"Se Rumora, pol\\u00ectica Oriente antioque\\u00f1o, se rumora\"},{\"@type\":\"BreadcrumbList\",\"@id\":\"https:\\\/\\\/www.conmarcapropia.com\\\/portal\\\/se-rumora-n300-semana-del-28-de-mayo-al-04-de-junio-de-2019\\\/#breadcrumblist\",\"itemListElement\":[{\"@type\":\"ListItem\",\"@id\":\"https:\\\/\\\/www.conmarcapropia.com\\\/portal#listItem\",\"position\":1,\"name\":\"Home\",\"item\":\"https:\\\/\\\/www.conmarcapropia.com\\\/portal\",\"nextItem\":{\"@type\":\"ListItem\",\"@id\":\"https:\\\/\\\/www.conmarcapropia.com\\\/portal\\\/tema\\\/se-rumora\\\/#listItem\",\"name\":\"Se Rumora\"}},{\"@type\":\"ListItem\",\"@id\":\"https:\\\/\\\/www.conmarcapropia.com\\\/portal\\\/tema\\\/se-rumora\\\/#listItem\",\"position\":2,\"name\":\"Se Rumora\",\"item\":\"https:\\\/\\\/www.conmarcapropia.com\\\/portal\\\/tema\\\/se-rumora\\\/\",\"nextItem\":{\"@type\":\"ListItem\",\"@id\":\"https:\\\/\\\/www.conmarcapropia.com\\\/portal\\\/se-rumora-n300-semana-del-28-de-mayo-al-04-de-junio-de-2019\\\/#listItem\",\"name\":\"Se Rumora N\\u00b0300 (semana del 28 de Mayo al 04 de Junio de 2019)\"},\"previousItem\":{\"@type\":\"ListItem\",\"@id\":\"https:\\\/\\\/www.conmarcapropia.com\\\/portal#listItem\",\"name\":\"Home\"}},{\"@type\":\"ListItem\",\"@id\":\"https:\\\/\\\/www.conmarcapropia.com\\\/portal\\\/se-rumora-n300-semana-del-28-de-mayo-al-04-de-junio-de-2019\\\/#listItem\",\"position\":3,\"name\":\"Se Rumora N\\u00b0300 (semana del 28 de Mayo al 04 de Junio de 2019)\",\"previousItem\":{\"@type\":\"ListItem\",\"@id\":\"https:\\\/\\\/www.conmarcapropia.com\\\/portal\\\/tema\\\/se-rumora\\\/#listItem\",\"name\":\"Se Rumora\"}}]},{\"@type\":\"Organization\",\"@id\":\"https:\\\/\\\/www.conmarcapropia.com\\\/portal\\\/#organization\",\"name\":\"ConMarcaPropia\",\"description\":\"cmp@conmarcapropia.com\",\"url\":\"https:\\\/\\\/www.conmarcapropia.com\\\/portal\\\/\",\"logo\":{\"@type\":\"ImageObject\",\"url\":\"https:\\\/\\\/i0.wp.com\\\/www.conmarcapropia.com\\\/portal\\\/wp-content\\\/uploads\\\/2022\\\/08\\\/cropped-CONAMR.png?fit=500%2C100&ssl=1\",\"@id\":\"https:\\\/\\\/www.conmarcapropia.com\\\/portal\\\/se-rumora-n300-semana-del-28-de-mayo-al-04-de-junio-de-2019\\\/#organizationLogo\",\"width\":500,\"height\":100},\"image\":{\"@id\":\"https:\\\/\\\/www.conmarcapropia.com\\\/portal\\\/se-rumora-n300-semana-del-28-de-mayo-al-04-de-junio-de-2019\\\/#organizationLogo\"}},{\"@type\":\"Person\",\"@id\":\"https:\\\/\\\/www.conmarcapropia.com\\\/portal\\\/author\\\/carlosp\\\/#author\",\"url\":\"https:\\\/\\\/www.conmarcapropia.com\\\/portal\\\/author\\\/carlosp\\\/\",\"name\":\"Editor\",\"image\":{\"@type\":\"ImageObject\",\"@id\":\"https:\\\/\\\/www.conmarcapropia.com\\\/portal\\\/se-rumora-n300-semana-del-28-de-mayo-al-04-de-junio-de-2019\\\/#authorImage\",\"url\":\"https:\\\/\\\/secure.gravatar.com\\\/avatar\\\/444d08604116fee1399108703e7d90e7?s=96&d=mm&r=g\",\"width\":96,\"height\":96,\"caption\":\"Editor\"}},{\"@type\":\"WebPage\",\"@id\":\"https:\\\/\\\/www.conmarcapropia.com\\\/portal\\\/se-rumora-n300-semana-del-28-de-mayo-al-04-de-junio-de-2019\\\/#webpage\",\"url\":\"https:\\\/\\\/www.conmarcapropia.com\\\/portal\\\/se-rumora-n300-semana-del-28-de-mayo-al-04-de-junio-de-2019\\\/\",\"name\":\"Se Rumora N\\u00b0300 (semana del 28 de Mayo al 04 de Junio de 2019) - ConMarcaPropia\",\"description\":\"Se Rumora y sus 300 columnas En estas 300 ediciones hemos recorrido los 23 municipios del Oriente Antioque\\u00f1o en innumerables oportunidades y hemos conversado con infinidad de personas de la subregi\\u00f3n. En diferentes partes conocen nuestros productos y hasta nombres cari\\u00f1osos les tienen, por ejemplo, el espacio audiovisual JAQUE, es apodado \\\"jaqueca\\\", seg\\u00fan los seguidores\",\"inLanguage\":\"es-ES\",\"isPartOf\":{\"@id\":\"https:\\\/\\\/www.conmarcapropia.com\\\/portal\\\/#website\"},\"breadcrumb\":{\"@id\":\"https:\\\/\\\/www.conmarcapropia.com\\\/portal\\\/se-rumora-n300-semana-del-28-de-mayo-al-04-de-junio-de-2019\\\/#breadcrumblist\"},\"author\":{\"@id\":\"https:\\\/\\\/www.conmarcapropia.com\\\/portal\\\/author\\\/carlosp\\\/#author\"},\"creator\":{\"@id\":\"https:\\\/\\\/www.conmarcapropia.com\\\/portal\\\/author\\\/carlosp\\\/#author\"},\"image\":{\"@type\":\"ImageObject\",\"url\":\"https:\\\/\\\/i0.wp.com\\\/www.conmarcapropia.com\\\/portal\\\/wp-content\\\/uploads\\\/2019\\\/06\\\/Se-Rumora.jpg?fit=300%2C166&ssl=1\",\"@id\":\"https:\\\/\\\/www.conmarcapropia.com\\\/portal\\\/se-rumora-n300-semana-del-28-de-mayo-al-04-de-junio-de-2019\\\/#mainImage\",\"width\":300,\"height\":166},\"primaryImageOfPage\":{\"@id\":\"https:\\\/\\\/www.conmarcapropia.com\\\/portal\\\/se-rumora-n300-semana-del-28-de-mayo-al-04-de-junio-de-2019\\\/#mainImage\"},\"datePublished\":\"2019-06-04T11:04:51-05:00\",\"dateModified\":\"2019-06-04T16:20:22-05:00\"},{\"@type\":\"WebSite\",\"@id\":\"https:\\\/\\\/www.conmarcapropia.com\\\/portal\\\/#website\",\"url\":\"https:\\\/\\\/www.conmarcapropia.com\\\/portal\\\/\",\"name\":\"ConMarcaPropia\",\"description\":\"cmp@conmarcapropia.com\",\"inLanguage\":\"es-ES\",\"publisher\":{\"@id\":\"https:\\\/\\\/www.conmarcapropia.com\\\/portal\\\/#organization\"}}]}\n\t\t<\/script>\n\t\t<!-- All in One SEO -->\n\n","aioseo_head_json":{"title":"Se Rumora N\u00b0300 (semana del 28 de Mayo al 04 de Junio de 2019) - ConMarcaPropia","description":"Se Rumora y sus 300 columnas En estas 300 ediciones hemos recorrido los 23 municipios del Oriente Antioque\u00f1o en innumerables oportunidades y hemos conversado con infinidad de personas de la subregi\u00f3n. En diferentes partes conocen nuestros productos y hasta nombres cari\u00f1osos les tienen, por ejemplo, el espacio audiovisual JAQUE, es apodado \"jaqueca\", seg\u00fan los seguidores","canonical_url":"https:\/\/www.conmarcapropia.com\/portal\/se-rumora-n300-semana-del-28-de-mayo-al-04-de-junio-de-2019\/","robots":"max-image-preview:large","keywords":"","webmasterTools":{"miscellaneous":""},"schema":{"@context":"https:\/\/schema.org","@graph":[{"@type":"BlogPosting","@id":"https:\/\/www.conmarcapropia.com\/portal\/se-rumora-n300-semana-del-28-de-mayo-al-04-de-junio-de-2019\/#blogposting","name":"Se Rumora N\u00b0300 (semana del 28 de Mayo al 04 de Junio de 2019) - ConMarcaPropia","headline":"Se Rumora N\u00b0300 (semana del 28 de Mayo al 04 de Junio de 2019)","author":{"@id":"https:\/\/www.conmarcapropia.com\/portal\/author\/carlosp\/#author"},"publisher":{"@id":"https:\/\/www.conmarcapropia.com\/portal\/#organization"},"image":{"@type":"ImageObject","url":"https:\/\/i0.wp.com\/www.conmarcapropia.com\/portal\/wp-content\/uploads\/2019\/06\/Se-Rumora.jpg?fit=300%2C166&ssl=1","width":300,"height":166},"datePublished":"2019-06-04T11:04:51-05:00","dateModified":"2019-06-04T16:20:22-05:00","inLanguage":"es-ES","mainEntityOfPage":{"@id":"https:\/\/www.conmarcapropia.com\/portal\/se-rumora-n300-semana-del-28-de-mayo-al-04-de-junio-de-2019\/#webpage"},"isPartOf":{"@id":"https:\/\/www.conmarcapropia.com\/portal\/se-rumora-n300-semana-del-28-de-mayo-al-04-de-junio-de-2019\/#webpage"},"articleSection":"Se Rumora, pol\u00ectica Oriente antioque\u00f1o, se rumora"},{"@type":"BreadcrumbList","@id":"https:\/\/www.conmarcapropia.com\/portal\/se-rumora-n300-semana-del-28-de-mayo-al-04-de-junio-de-2019\/#breadcrumblist","itemListElement":[{"@type":"ListItem","@id":"https:\/\/www.conmarcapropia.com\/portal#listItem","position":1,"name":"Home","item":"https:\/\/www.conmarcapropia.com\/portal","nextItem":{"@type":"ListItem","@id":"https:\/\/www.conmarcapropia.com\/portal\/tema\/se-rumora\/#listItem","name":"Se Rumora"}},{"@type":"ListItem","@id":"https:\/\/www.conmarcapropia.com\/portal\/tema\/se-rumora\/#listItem","position":2,"name":"Se Rumora","item":"https:\/\/www.conmarcapropia.com\/portal\/tema\/se-rumora\/","nextItem":{"@type":"ListItem","@id":"https:\/\/www.conmarcapropia.com\/portal\/se-rumora-n300-semana-del-28-de-mayo-al-04-de-junio-de-2019\/#listItem","name":"Se Rumora N\u00b0300 (semana del 28 de Mayo al 04 de Junio de 2019)"},"previousItem":{"@type":"ListItem","@id":"https:\/\/www.conmarcapropia.com\/portal#listItem","name":"Home"}},{"@type":"ListItem","@id":"https:\/\/www.conmarcapropia.com\/portal\/se-rumora-n300-semana-del-28-de-mayo-al-04-de-junio-de-2019\/#listItem","position":3,"name":"Se Rumora N\u00b0300 (semana del 28 de Mayo al 04 de Junio de 2019)","previousItem":{"@type":"ListItem","@id":"https:\/\/www.conmarcapropia.com\/portal\/tema\/se-rumora\/#listItem","name":"Se Rumora"}}]},{"@type":"Organization","@id":"https:\/\/www.conmarcapropia.com\/portal\/#organization","name":"ConMarcaPropia","description":"cmp@conmarcapropia.com","url":"https:\/\/www.conmarcapropia.com\/portal\/","logo":{"@type":"ImageObject","url":"https:\/\/i0.wp.com\/www.conmarcapropia.com\/portal\/wp-content\/uploads\/2022\/08\/cropped-CONAMR.png?fit=500%2C100&ssl=1","@id":"https:\/\/www.conmarcapropia.com\/portal\/se-rumora-n300-semana-del-28-de-mayo-al-04-de-junio-de-2019\/#organizationLogo","width":500,"height":100},"image":{"@id":"https:\/\/www.conmarcapropia.com\/portal\/se-rumora-n300-semana-del-28-de-mayo-al-04-de-junio-de-2019\/#organizationLogo"}},{"@type":"Person","@id":"https:\/\/www.conmarcapropia.com\/portal\/author\/carlosp\/#author","url":"https:\/\/www.conmarcapropia.com\/portal\/author\/carlosp\/","name":"Editor","image":{"@type":"ImageObject","@id":"https:\/\/www.conmarcapropia.com\/portal\/se-rumora-n300-semana-del-28-de-mayo-al-04-de-junio-de-2019\/#authorImage","url":"https:\/\/secure.gravatar.com\/avatar\/444d08604116fee1399108703e7d90e7?s=96&d=mm&r=g","width":96,"height":96,"caption":"Editor"}},{"@type":"WebPage","@id":"https:\/\/www.conmarcapropia.com\/portal\/se-rumora-n300-semana-del-28-de-mayo-al-04-de-junio-de-2019\/#webpage","url":"https:\/\/www.conmarcapropia.com\/portal\/se-rumora-n300-semana-del-28-de-mayo-al-04-de-junio-de-2019\/","name":"Se Rumora N\u00b0300 (semana del 28 de Mayo al 04 de Junio de 2019) - ConMarcaPropia","description":"Se Rumora y sus 300 columnas En estas 300 ediciones hemos recorrido los 23 municipios del Oriente Antioque\u00f1o en innumerables oportunidades y hemos conversado con infinidad de personas de la subregi\u00f3n. En diferentes partes conocen nuestros productos y hasta nombres cari\u00f1osos les tienen, por ejemplo, el espacio audiovisual JAQUE, es apodado \"jaqueca\", seg\u00fan los seguidores","inLanguage":"es-ES","isPartOf":{"@id":"https:\/\/www.conmarcapropia.com\/portal\/#website"},"breadcrumb":{"@id":"https:\/\/www.conmarcapropia.com\/portal\/se-rumora-n300-semana-del-28-de-mayo-al-04-de-junio-de-2019\/#breadcrumblist"},"author":{"@id":"https:\/\/www.conmarcapropia.com\/portal\/author\/carlosp\/#author"},"creator":{"@id":"https:\/\/www.conmarcapropia.com\/portal\/author\/carlosp\/#author"},"image":{"@type":"ImageObject","url":"https:\/\/i0.wp.com\/www.conmarcapropia.com\/portal\/wp-content\/uploads\/2019\/06\/Se-Rumora.jpg?fit=300%2C166&ssl=1","@id":"https:\/\/www.conmarcapropia.com\/portal\/se-rumora-n300-semana-del-28-de-mayo-al-04-de-junio-de-2019\/#mainImage","width":300,"height":166},"primaryImageOfPage":{"@id":"https:\/\/www.conmarcapropia.com\/portal\/se-rumora-n300-semana-del-28-de-mayo-al-04-de-junio-de-2019\/#mainImage"},"datePublished":"2019-06-04T11:04:51-05:00","dateModified":"2019-06-04T16:20:22-05:00"},{"@type":"WebSite","@id":"https:\/\/www.conmarcapropia.com\/portal\/#website","url":"https:\/\/www.conmarcapropia.com\/portal\/","name":"ConMarcaPropia","description":"cmp@conmarcapropia.com","inLanguage":"es-ES","publisher":{"@id":"https:\/\/www.conmarcapropia.com\/portal\/#organization"}}]},"og:locale":"es_ES","og:site_name":"ConMarcaPropia - cmp@conmarcapropia.com","og:type":"article","og:title":"Se Rumora N\u00b0300 (semana del 28 de Mayo al 04 de Junio de 2019) - ConMarcaPropia","og:description":"Se Rumora y sus 300 columnas En estas 300 ediciones hemos recorrido los 23 municipios del Oriente Antioque\u00f1o en innumerables oportunidades y hemos conversado con infinidad de personas de la subregi\u00f3n. En diferentes partes conocen nuestros productos y hasta nombres cari\u00f1osos les tienen, por ejemplo, el espacio audiovisual JAQUE, es apodado &quot;jaqueca&quot;, seg\u00fan los seguidores","og:url":"https:\/\/www.conmarcapropia.com\/portal\/se-rumora-n300-semana-del-28-de-mayo-al-04-de-junio-de-2019\/","og:image":"https:\/\/i0.wp.com\/www.conmarcapropia.com\/portal\/wp-content\/uploads\/2022\/08\/cropped-CONAMR.png?fit=500%2C100&#038;ssl=1","og:image:secure_url":"https:\/\/i0.wp.com\/www.conmarcapropia.com\/portal\/wp-content\/uploads\/2022\/08\/cropped-CONAMR.png?fit=500%2C100&#038;ssl=1","article:published_time":"2019-06-04T16:04:51+00:00","article:modified_time":"2019-06-04T21:20:22+00:00","twitter:card":"summary_large_image","twitter:title":"Se Rumora N\u00b0300 (semana del 28 de Mayo al 04 de Junio de 2019) - ConMarcaPropia","twitter:description":"Se Rumora y sus 300 columnas En estas 300 ediciones hemos recorrido los 23 municipios del Oriente Antioque\u00f1o en innumerables oportunidades y hemos conversado con infinidad de personas de la subregi\u00f3n. En diferentes partes conocen nuestros productos y hasta nombres cari\u00f1osos les tienen, por ejemplo, el espacio audiovisual JAQUE, es apodado &quot;jaqueca&quot;, seg\u00fan los seguidores","twitter:image":"https:\/\/i0.wp.com\/www.conmarcapropia.com\/portal\/wp-content\/uploads\/2022\/08\/cropped-CONAMR.png?fit=500%2C100&ssl=1"},"aioseo_meta_data":{"post_id":"6149","title":null,"description":null,"keywords":null,"keyphrases":null,"primary_term":null,"canonical_url":null,"og_title":null,"og_description":null,"og_object_type":"default","og_image_type":"default","og_image_url":null,"og_image_width":null,"og_image_height":null,"og_image_custom_url":null,"og_image_custom_fields":null,"og_video":null,"og_custom_url":null,"og_article_section":null,"og_article_tags":null,"twitter_use_og":false,"twitter_card":"default","twitter_image_type":"default","twitter_image_url":null,"twitter_image_custom_url":null,"twitter_image_custom_fields":null,"twitter_title":null,"twitter_description":null,"schema":{"blockGraphs":[],"customGraphs":[],"default":{"data":{"Article":[],"Course":[],"Dataset":[],"FAQPage":[],"Movie":[],"Person":[],"Product":[],"ProductReview":[],"Car":[],"Recipe":[],"Service":[],"SoftwareApplication":[],"WebPage":[]},"graphName":"","isEnabled":true},"graphs":[]},"schema_type":"default","schema_type_options":null,"pillar_content":false,"robots_default":true,"robots_noindex":false,"robots_noarchive":false,"robots_nosnippet":false,"robots_nofollow":false,"robots_noimageindex":false,"robots_noodp":false,"robots_notranslate":false,"robots_max_snippet":null,"robots_max_videopreview":null,"robots_max_imagepreview":"large","priority":null,"frequency":null,"local_seo":null,"breadcrumb_settings":null,"limit_modified_date":false,"ai":null,"created":"2023-11-11 15:22:56","updated":"2023-11-11 15:22:56","seo_analyzer_scan_date":null,"focus_keyword":null,"additional_keywords":null,"truseo_locale":null},"aioseo_breadcrumb":"<div class=\"aioseo-breadcrumbs\"><span class=\"aioseo-breadcrumb\">\n\t\t\t<a href=\"https:\/\/www.conmarcapropia.com\/portal\" title=\"Home\">Home<\/a>\n\t\t<\/span><span class=\"aioseo-breadcrumb-separator\">&raquo;<\/span><span class=\"aioseo-breadcrumb\">\n\t\t\t<a href=\"https:\/\/www.conmarcapropia.com\/portal\/tema\/se-rumora\/\" title=\"Se Rumora\">Se Rumora<\/a>\n\t\t<\/span><span class=\"aioseo-breadcrumb-separator\">&raquo;<\/span><span class=\"aioseo-breadcrumb\">\n\t\t\tSe Rumora N\u00b0300 (semana del 28 de Mayo al 04 de Junio de 2019)\n\t\t<\/span><\/div>","aioseo_breadcrumb_json":[{"label":"Home","link":"https:\/\/www.conmarcapropia.com\/portal"},{"label":"Se Rumora","link":"https:\/\/www.conmarcapropia.com\/portal\/tema\/se-rumora\/"},{"label":"Se Rumora N\u00b0300 (semana del 28 de Mayo al 04 de Junio de 2019)","link":"https:\/\/www.conmarcapropia.com\/portal\/se-rumora-n300-semana-del-28-de-mayo-al-04-de-junio-de-2019\/"}],"yoast_head":"<!-- This site is optimized with the Yoast SEO plugin v20.6 - https:\/\/yoast.com\/wordpress\/plugins\/seo\/ -->\n<title>Se Rumora N\u00b0300 (semana del 28 de Mayo al 04 de Junio de 2019) - ConMarcaPropia<\/title>\n<meta name=\"robots\" content=\"index, follow, max-snippet:-1, max-image-preview:large, max-video-preview:-1\" \/>\n<link rel=\"canonical\" href=\"https:\/\/www.conmarcapropia.com\/portal\/se-rumora-n300-semana-del-28-de-mayo-al-04-de-junio-de-2019\/\" \/>\n<meta property=\"og:locale\" content=\"es_ES\" \/>\n<meta property=\"og:type\" content=\"article\" \/>\n<meta property=\"og:title\" content=\"Se Rumora N\u00b0300 (semana del 28 de Mayo al 04 de Junio de 2019) - ConMarcaPropia\" \/>\n<meta property=\"og:description\" content=\"Se Rumora y sus 300 columnas En estas 300 ediciones hemos recorrido los 23 municipios del Oriente Antioque\u00f1o en innumerables oportunidades y hemos conversado con infinidad de personas de la subregi\u00f3n. En diferentes partes conocen nuestros productos y hasta nombres cari\u00f1osos les tienen, por ejemplo, el espacio audiovisual JAQUE, es apodado \u00abjaqueca\u00bb, seg\u00fan los seguidores [&hellip;]\" \/>\n<meta property=\"og:url\" content=\"https:\/\/www.conmarcapropia.com\/portal\/se-rumora-n300-semana-del-28-de-mayo-al-04-de-junio-de-2019\/\" \/>\n<meta property=\"og:site_name\" content=\"ConMarcaPropia\" \/>\n<meta property=\"article:publisher\" content=\"https:\/\/www.facebook.com\/ConMarcaPropiaCom\" \/>\n<meta property=\"article:published_time\" content=\"2019-06-04T16:04:51+00:00\" \/>\n<meta property=\"article:modified_time\" content=\"2019-06-04T21:20:22+00:00\" \/>\n<meta property=\"og:image\" content=\"https:\/\/i0.wp.com\/www.conmarcapropia.com\/portal\/wp-content\/uploads\/2019\/06\/Se-Rumora.jpg?fit=300%2C166&ssl=1\" \/>\n\t<meta property=\"og:image:width\" content=\"300\" \/>\n\t<meta property=\"og:image:height\" content=\"166\" \/>\n\t<meta property=\"og:image:type\" content=\"image\/jpeg\" \/>\n<meta name=\"author\" content=\"Editor\" \/>\n<meta name=\"twitter:label1\" content=\"Escrito por\" \/>\n\t<meta name=\"twitter:data1\" content=\"Editor\" \/>\n\t<meta name=\"twitter:label2\" content=\"Tiempo de lectura\" \/>\n\t<meta name=\"twitter:data2\" content=\"12 minutos\" \/>\n<script type=\"application\/ld+json\" class=\"yoast-schema-graph\">{\"@context\":\"https:\/\/schema.org\",\"@graph\":[{\"@type\":\"Article\",\"@id\":\"https:\/\/www.conmarcapropia.com\/portal\/se-rumora-n300-semana-del-28-de-mayo-al-04-de-junio-de-2019\/#article\",\"isPartOf\":{\"@id\":\"https:\/\/www.conmarcapropia.com\/portal\/se-rumora-n300-semana-del-28-de-mayo-al-04-de-junio-de-2019\/\"},\"author\":{\"name\":\"Editor\",\"@id\":\"https:\/\/www.conmarcapropia.com\/portal\/#\/schema\/person\/99e32c7be3e9590e5f01c02fe4bd4148\"},\"headline\":\"Se Rumora N\u00b0300 (semana del 28 de Mayo al 04 de Junio de 2019)\",\"datePublished\":\"2019-06-04T16:04:51+00:00\",\"dateModified\":\"2019-06-04T21:20:22+00:00\",\"mainEntityOfPage\":{\"@id\":\"https:\/\/www.conmarcapropia.com\/portal\/se-rumora-n300-semana-del-28-de-mayo-al-04-de-junio-de-2019\/\"},\"wordCount\":2405,\"publisher\":{\"@id\":\"https:\/\/www.conmarcapropia.com\/portal\/#organization\"},\"keywords\":[\"pol\u00ectica Oriente antioque\u00f1o\",\"se rumora\"],\"articleSection\":[\"Se Rumora\"],\"inLanguage\":\"es\"},{\"@type\":\"WebPage\",\"@id\":\"https:\/\/www.conmarcapropia.com\/portal\/se-rumora-n300-semana-del-28-de-mayo-al-04-de-junio-de-2019\/\",\"url\":\"https:\/\/www.conmarcapropia.com\/portal\/se-rumora-n300-semana-del-28-de-mayo-al-04-de-junio-de-2019\/\",\"name\":\"Se Rumora N\u00b0300 (semana del 28 de Mayo al 04 de Junio de 2019) - ConMarcaPropia\",\"isPartOf\":{\"@id\":\"https:\/\/www.conmarcapropia.com\/portal\/#website\"},\"datePublished\":\"2019-06-04T16:04:51+00:00\",\"dateModified\":\"2019-06-04T21:20:22+00:00\",\"breadcrumb\":{\"@id\":\"https:\/\/www.conmarcapropia.com\/portal\/se-rumora-n300-semana-del-28-de-mayo-al-04-de-junio-de-2019\/#breadcrumb\"},\"inLanguage\":\"es\",\"potentialAction\":[{\"@type\":\"ReadAction\",\"target\":[\"https:\/\/www.conmarcapropia.com\/portal\/se-rumora-n300-semana-del-28-de-mayo-al-04-de-junio-de-2019\/\"]}]},{\"@type\":\"BreadcrumbList\",\"@id\":\"https:\/\/www.conmarcapropia.com\/portal\/se-rumora-n300-semana-del-28-de-mayo-al-04-de-junio-de-2019\/#breadcrumb\",\"itemListElement\":[{\"@type\":\"ListItem\",\"position\":1,\"name\":\"Portada\",\"item\":\"https:\/\/www.conmarcapropia.com\/portal\/\"},{\"@type\":\"ListItem\",\"position\":2,\"name\":\"Se Rumora N\u00b0300 (semana del 28 de Mayo al 04 de Junio de 2019)\"}]},{\"@type\":\"WebSite\",\"@id\":\"https:\/\/www.conmarcapropia.com\/portal\/#website\",\"url\":\"https:\/\/www.conmarcapropia.com\/portal\/\",\"name\":\"ConMarcaPropia\",\"description\":\"cmp@conmarcapropia.com\",\"publisher\":{\"@id\":\"https:\/\/www.conmarcapropia.com\/portal\/#organization\"},\"potentialAction\":[{\"@type\":\"SearchAction\",\"target\":{\"@type\":\"EntryPoint\",\"urlTemplate\":\"https:\/\/www.conmarcapropia.com\/portal\/?s={search_term_string}\"},\"query-input\":\"required name=search_term_string\"}],\"inLanguage\":\"es\"},{\"@type\":\"Organization\",\"@id\":\"https:\/\/www.conmarcapropia.com\/portal\/#organization\",\"name\":\"ConMarcaPropia\",\"url\":\"https:\/\/www.conmarcapropia.com\/portal\/\",\"logo\":{\"@type\":\"ImageObject\",\"inLanguage\":\"es\",\"@id\":\"https:\/\/www.conmarcapropia.com\/portal\/#\/schema\/logo\/image\/\",\"url\":\"https:\/\/i0.wp.com\/www.conmarcapropia.com\/portal\/wp-content\/uploads\/2022\/08\/cropped-CONAMR.png?fit=500%2C100&ssl=1\",\"contentUrl\":\"https:\/\/i0.wp.com\/www.conmarcapropia.com\/portal\/wp-content\/uploads\/2022\/08\/cropped-CONAMR.png?fit=500%2C100&ssl=1\",\"width\":500,\"height\":100,\"caption\":\"ConMarcaPropia\"},\"image\":{\"@id\":\"https:\/\/www.conmarcapropia.com\/portal\/#\/schema\/logo\/image\/\"},\"sameAs\":[\"https:\/\/www.facebook.com\/ConMarcaPropiaCom\",\"https:\/\/twitter.com\/Conmarcap\",\"https:\/\/www.youtube.com\/user\/ConMarcaPropia\"]},{\"@type\":\"Person\",\"@id\":\"https:\/\/www.conmarcapropia.com\/portal\/#\/schema\/person\/99e32c7be3e9590e5f01c02fe4bd4148\",\"name\":\"Editor\",\"image\":{\"@type\":\"ImageObject\",\"inLanguage\":\"es\",\"@id\":\"https:\/\/www.conmarcapropia.com\/portal\/#\/schema\/person\/image\/\",\"url\":\"https:\/\/secure.gravatar.com\/avatar\/444d08604116fee1399108703e7d90e7?s=96&d=mm&r=g\",\"contentUrl\":\"https:\/\/secure.gravatar.com\/avatar\/444d08604116fee1399108703e7d90e7?s=96&d=mm&r=g\",\"caption\":\"Editor\"},\"url\":\"https:\/\/www.conmarcapropia.com\/portal\/author\/carlosp\/\"}]}<\/script>\n<!-- \/ Yoast SEO plugin. -->","yoast_head_json":{"title":"Se Rumora N\u00b0300 (semana del 28 de Mayo al 04 de Junio de 2019) - ConMarcaPropia","robots":{"index":"index","follow":"follow","max-snippet":"max-snippet:-1","max-image-preview":"max-image-preview:large","max-video-preview":"max-video-preview:-1"},"canonical":"https:\/\/www.conmarcapropia.com\/portal\/se-rumora-n300-semana-del-28-de-mayo-al-04-de-junio-de-2019\/","og_locale":"es_ES","og_type":"article","og_title":"Se Rumora N\u00b0300 (semana del 28 de Mayo al 04 de Junio de 2019) - ConMarcaPropia","og_description":"Se Rumora y sus 300 columnas En estas 300 ediciones hemos recorrido los 23 municipios del Oriente Antioque\u00f1o en innumerables oportunidades y hemos conversado con infinidad de personas de la subregi\u00f3n. En diferentes partes conocen nuestros productos y hasta nombres cari\u00f1osos les tienen, por ejemplo, el espacio audiovisual JAQUE, es apodado \u00abjaqueca\u00bb, seg\u00fan los seguidores [&hellip;]","og_url":"https:\/\/www.conmarcapropia.com\/portal\/se-rumora-n300-semana-del-28-de-mayo-al-04-de-junio-de-2019\/","og_site_name":"ConMarcaPropia","article_publisher":"https:\/\/www.facebook.com\/ConMarcaPropiaCom","article_published_time":"2019-06-04T16:04:51+00:00","article_modified_time":"2019-06-04T21:20:22+00:00","og_image":[{"width":300,"height":166,"url":"https:\/\/i0.wp.com\/www.conmarcapropia.com\/portal\/wp-content\/uploads\/2019\/06\/Se-Rumora.jpg?fit=300%2C166&ssl=1","type":"image\/jpeg"}],"author":"Editor","twitter_misc":{"Escrito por":"Editor","Tiempo de lectura":"12 minutos"},"schema":{"@context":"https:\/\/schema.org","@graph":[{"@type":"Article","@id":"https:\/\/www.conmarcapropia.com\/portal\/se-rumora-n300-semana-del-28-de-mayo-al-04-de-junio-de-2019\/#article","isPartOf":{"@id":"https:\/\/www.conmarcapropia.com\/portal\/se-rumora-n300-semana-del-28-de-mayo-al-04-de-junio-de-2019\/"},"author":{"name":"Editor","@id":"https:\/\/www.conmarcapropia.com\/portal\/#\/schema\/person\/99e32c7be3e9590e5f01c02fe4bd4148"},"headline":"Se Rumora N\u00b0300 (semana del 28 de Mayo al 04 de Junio de 2019)","datePublished":"2019-06-04T16:04:51+00:00","dateModified":"2019-06-04T21:20:22+00:00","mainEntityOfPage":{"@id":"https:\/\/www.conmarcapropia.com\/portal\/se-rumora-n300-semana-del-28-de-mayo-al-04-de-junio-de-2019\/"},"wordCount":2405,"publisher":{"@id":"https:\/\/www.conmarcapropia.com\/portal\/#organization"},"keywords":["pol\u00ectica Oriente antioque\u00f1o","se rumora"],"articleSection":["Se Rumora"],"inLanguage":"es"},{"@type":"WebPage","@id":"https:\/\/www.conmarcapropia.com\/portal\/se-rumora-n300-semana-del-28-de-mayo-al-04-de-junio-de-2019\/","url":"https:\/\/www.conmarcapropia.com\/portal\/se-rumora-n300-semana-del-28-de-mayo-al-04-de-junio-de-2019\/","name":"Se Rumora N\u00b0300 (semana del 28 de Mayo al 04 de Junio de 2019) - ConMarcaPropia","isPartOf":{"@id":"https:\/\/www.conmarcapropia.com\/portal\/#website"},"datePublished":"2019-06-04T16:04:51+00:00","dateModified":"2019-06-04T21:20:22+00:00","breadcrumb":{"@id":"https:\/\/www.conmarcapropia.com\/portal\/se-rumora-n300-semana-del-28-de-mayo-al-04-de-junio-de-2019\/#breadcrumb"},"inLanguage":"es","potentialAction":[{"@type":"ReadAction","target":["https:\/\/www.conmarcapropia.com\/portal\/se-rumora-n300-semana-del-28-de-mayo-al-04-de-junio-de-2019\/"]}]},{"@type":"BreadcrumbList","@id":"https:\/\/www.conmarcapropia.com\/portal\/se-rumora-n300-semana-del-28-de-mayo-al-04-de-junio-de-2019\/#breadcrumb","itemListElement":[{"@type":"ListItem","position":1,"name":"Portada","item":"https:\/\/www.conmarcapropia.com\/portal\/"},{"@type":"ListItem","position":2,"name":"Se Rumora N\u00b0300 (semana del 28 de Mayo al 04 de Junio de 2019)"}]},{"@type":"WebSite","@id":"https:\/\/www.conmarcapropia.com\/portal\/#website","url":"https:\/\/www.conmarcapropia.com\/portal\/","name":"ConMarcaPropia","description":"cmp@conmarcapropia.com","publisher":{"@id":"https:\/\/www.conmarcapropia.com\/portal\/#organization"},"potentialAction":[{"@type":"SearchAction","target":{"@type":"EntryPoint","urlTemplate":"https:\/\/www.conmarcapropia.com\/portal\/?s={search_term_string}"},"query-input":"required name=search_term_string"}],"inLanguage":"es"},{"@type":"Organization","@id":"https:\/\/www.conmarcapropia.com\/portal\/#organization","name":"ConMarcaPropia","url":"https:\/\/www.conmarcapropia.com\/portal\/","logo":{"@type":"ImageObject","inLanguage":"es","@id":"https:\/\/www.conmarcapropia.com\/portal\/#\/schema\/logo\/image\/","url":"https:\/\/i0.wp.com\/www.conmarcapropia.com\/portal\/wp-content\/uploads\/2022\/08\/cropped-CONAMR.png?fit=500%2C100&ssl=1","contentUrl":"https:\/\/i0.wp.com\/www.conmarcapropia.com\/portal\/wp-content\/uploads\/2022\/08\/cropped-CONAMR.png?fit=500%2C100&ssl=1","width":500,"height":100,"caption":"ConMarcaPropia"},"image":{"@id":"https:\/\/www.conmarcapropia.com\/portal\/#\/schema\/logo\/image\/"},"sameAs":["https:\/\/www.facebook.com\/ConMarcaPropiaCom","https:\/\/twitter.com\/Conmarcap","https:\/\/www.youtube.com\/user\/ConMarcaPropia"]},{"@type":"Person","@id":"https:\/\/www.conmarcapropia.com\/portal\/#\/schema\/person\/99e32c7be3e9590e5f01c02fe4bd4148","name":"Editor","image":{"@type":"ImageObject","inLanguage":"es","@id":"https:\/\/www.conmarcapropia.com\/portal\/#\/schema\/person\/image\/","url":"https:\/\/secure.gravatar.com\/avatar\/444d08604116fee1399108703e7d90e7?s=96&d=mm&r=g","contentUrl":"https:\/\/secure.gravatar.com\/avatar\/444d08604116fee1399108703e7d90e7?s=96&d=mm&r=g","caption":"Editor"},"url":"https:\/\/www.conmarcapropia.com\/portal\/author\/carlosp\/"}]}},"jetpack_featured_media_url":"https:\/\/i0.wp.com\/www.conmarcapropia.com\/portal\/wp-content\/uploads\/2019\/06\/Se-Rumora.jpg?fit=300%2C166&ssl=1","jetpack_sharing_enabled":true,"jetpack_shortlink":"https:\/\/wp.me\/p5SOeN-1Bb","jetpack-related-posts":[{"id":7740,"url":"https:\/\/www.conmarcapropia.com\/portal\/se-rumora-n375-semana-del-28-de-diciembre-al-15-de-febrero-de-2020\/","url_meta":{"origin":6149,"position":0},"title":"Se Rumora N\u00b0375 (semana del 28 de Diciembre al 15 de Febrero de 2020)","date":"15 febrero, 2021","format":false,"excerpt":"Volvimos Despu\u00e9s de un prolongado receso por el inicio de a\u00f1o y por la aventura en la que nos embarcamos cada anualidad de producir el resumen pol\u00edtico del Oriente Antioque\u00f1o, menester que implica toda la dedicaci\u00f3n para entregar la revista en cada despacho del poder p\u00fablico, municipio por municipio, nos\u2026","rel":"","context":"En \u00abSe Rumora\u00bb","img":{"alt_text":"","src":"https:\/\/i0.wp.com\/www.conmarcapropia.com\/portal\/wp-content\/uploads\/2021\/02\/Portada-Resumen-Pol\u00c3\u00actico-400x223.jpeg?resize=350%2C200","width":350,"height":200},"classes":[]},{"id":5824,"url":"https:\/\/www.conmarcapropia.com\/portal\/terminamos-la-gira-por-los-23-municipios-del-oriente-antioqueno\/","url_meta":{"origin":6149,"position":1},"title":"Terminamos la gira por los 23 municipios del Oriente Antioque\u00f1o","date":"28 enero, 2019","format":false,"excerpt":"La revista Resumen Pol\u00edtico 2018 ya est\u00e1 en manos del Oriente Antioque\u00f1o Luis Alfredo Ramos Botero Recorrimos con \u00e9xito los 23 municipios de nuestra hermosa regi\u00f3n. Como este a\u00f1o es electoral y esa din\u00e1mica cambia notoriamente el transcurrir y afecta la cotidianeidad de nuestras poblaciones, pues nosotros agudizamos nuestros sentidos\u2026","rel":"","context":"En \u00abSe Rumora\u00bb","img":{"alt_text":"","src":"https:\/\/i0.wp.com\/www.conmarcapropia.com\/portal\/wp-content\/uploads\/2019\/01\/Luis-Alfredo-Ramos.jpg?fit=540%2C960&ssl=1&resize=350%2C200","width":350,"height":200},"classes":[]},{"id":12390,"url":"https:\/\/www.conmarcapropia.com\/portal\/se-rumora-n527-semana-del-06-al-12-de-agosto-de-2024\/","url_meta":{"origin":6149,"position":2},"title":"Se Rumora N\u00b0527 (semana del 06 al 12 de Agosto de 2024)","date":"12 agosto, 2024","format":false,"excerpt":"Uribe Turbay se est\u00e1 mostrando en el Oriente de la mano de Esteban Quintero Miguel Uribe Turbay, nieto del Presidente que m\u00e1s chistes nos ha dejado en la historia del pa\u00eds, se meti\u00f3 todo el fin de semana en Medell\u00edn y el Oriente Antique\u00f1o, de la mano del senador Esteban\u2026","rel":"","context":"En \u00abSe Rumora\u00bb","img":{"alt_text":"","src":"https:\/\/i0.wp.com\/www.conmarcapropia.com\/portal\/wp-content\/uploads\/2024\/08\/Alcaldes-con-Uribe-Turbay.jpg?fit=900%2C1200&ssl=1&resize=350%2C200","width":350,"height":200},"classes":[]},{"id":3658,"url":"https:\/\/www.conmarcapropia.com\/portal\/se-rumora-n200-semana-del-25-de-abril-al-2-de-mayo\/","url_meta":{"origin":6149,"position":3},"title":"Se Rumora N\u00b0200 (semana del 25 de abril al 2 de mayo)","date":"2 mayo, 2017","format":false,"excerpt":"El rey sin trono Desde Guatap\u00e9 nos env\u00edan esta imagen del desfile organizado con motivo de la estrategia \u201cPor la Transformaci\u00f3n Social\u201d movimiento que le apuesta al desarrollo integral de la ciudadan\u00eda guatapense, un gran acierto del alcalde Hern\u00e1n Dar\u00edo Urrea, pero lo que nos hacen caer en cuenta es\u2026","rel":"","context":"En \u00abSe Rumora\u00bb","img":{"alt_text":"","src":"https:\/\/i0.wp.com\/www.conmarcapropia.com\/portal\/wp-content\/uploads\/2017\/05\/WhatsApp-Image-2017-04-30-at-5.15.45-AM.jpeg?fit=1032%2C581&ssl=1&resize=350%2C200","width":350,"height":200},"classes":[]},{"id":3299,"url":"https:\/\/www.conmarcapropia.com\/portal\/revista-resumen-politico-2016\/","url_meta":{"origin":6149,"position":4},"title":"REVISTA RESUMEN POL\u00cdTICO 2016","date":"28 diciembre, 2016","format":false,"excerpt":"Nos complace presentar a nuestros fieles lectores, el compilado de los hechos noticiosos de 2016 en el Oriente Antioque\u00f1o. Los personajes, las instituciones y las noticias pol\u00edticas destacadas de este a\u00f1o que termina. \u00a0 Para leer la revista resumen 2016, click aqu\u00ed o en la imagen","rel":"","context":"En \u00abSe Rumora\u00bb","img":{"alt_text":"","src":"https:\/\/i0.wp.com\/www.conmarcapropia.com\/portal\/wp-content\/uploads\/2016\/12\/Portada-resumen.jpg?fit=927%2C1200&ssl=1&resize=350%2C200","width":350,"height":200},"classes":[]},{"id":9566,"url":"https:\/\/www.conmarcapropia.com\/portal\/se-rumora-n456-semana-del-04-al-10-de-octubre-de-2022\/","url_meta":{"origin":6149,"position":5},"title":"Se Rumora N\u00b0456 (semana del 04 al 10 de Octubre de 2022)","date":"10 octubre, 2022","format":false,"excerpt":"Vuelve al concejo de Rionegro Tal y como lo hab\u00edamos advertido en nuestro Se Rumora 448, la suspensi\u00f3n provisional del concejal de Rionegro, Jeferson Moreno V\u00e1squez ser\u00eda revocada. La semana pasada, la secci\u00f3n quinta, sala electoral del Consejo de Estado revoc\u00f3 esta medida provisional de suspensi\u00f3n del corporado de la\u2026","rel":"","context":"En \u00abSe Rumora\u00bb","img":{"alt_text":"","src":"https:\/\/i0.wp.com\/www.conmarcapropia.com\/portal\/wp-content\/uploads\/2022\/05\/Banner-II-y-III-etapa-vi\u00cc\u0081a-intermedia_Mesa-de-trabajo-1-300x150.png?resize=350%2C200","width":350,"height":200},"classes":[]}],"_links":{"self":[{"href":"https:\/\/www.conmarcapropia.com\/portal\/wp-json\/wp\/v2\/posts\/6149"}],"collection":[{"href":"https:\/\/www.conmarcapropia.com\/portal\/wp-json\/wp\/v2\/posts"}],"about":[{"href":"https:\/\/www.conmarcapropia.com\/portal\/wp-json\/wp\/v2\/types\/post"}],"author":[{"embeddable":true,"href":"https:\/\/www.conmarcapropia.com\/portal\/wp-json\/wp\/v2\/users\/11"}],"replies":[{"embeddable":true,"href":"https:\/\/www.conmarcapropia.com\/portal\/wp-json\/wp\/v2\/comments?post=6149"}],"version-history":[{"count":4,"href":"https:\/\/www.conmarcapropia.com\/portal\/wp-json\/wp\/v2\/posts\/6149\/revisions"}],"predecessor-version":[{"id":6166,"href":"https:\/\/www.conmarcapropia.com\/portal\/wp-json\/wp\/v2\/posts\/6149\/revisions\/6166"}],"wp:featuredmedia":[{"embeddable":true,"href":"https:\/\/www.conmarcapropia.com\/portal\/wp-json\/wp\/v2\/media\/6150"}],"wp:attachment":[{"href":"https:\/\/www.conmarcapropia.com\/portal\/wp-json\/wp\/v2\/media?parent=6149"}],"wp:term":[{"taxonomy":"category","embeddable":true,"href":"https:\/\/www.conmarcapropia.com\/portal\/wp-json\/wp\/v2\/categories?post=6149"},{"taxonomy":"post_tag","embeddable":true,"href":"https:\/\/www.conmarcapropia.com\/portal\/wp-json\/wp\/v2\/tags?post=6149"}],"curies":[{"name":"wp","href":"https:\/\/api.w.org\/{rel}","templated":true}]}}