{"id":8155,"date":"2021-07-06T11:12:32","date_gmt":"2021-07-06T16:12:32","guid":{"rendered":"http:\/\/www.conmarcapropia.com\/portal\/?p=8155"},"modified":"2021-07-06T11:12:32","modified_gmt":"2021-07-06T16:12:32","slug":"se-rumora-n395-semana-del-29-de-junio-al-06-de-julio-de-2021","status":"publish","type":"post","link":"https:\/\/www.conmarcapropia.com\/portal\/se-rumora-n395-semana-del-29-de-junio-al-06-de-julio-de-2021\/","title":{"rendered":"Se Rumora N\u00b0395 (semana del 29 de Junio al 06 de julio de 2021)"},"content":{"rendered":"<p><strong>3 municipios orientales en el selecto club de DNP<br \/>\n<img loading=\"lazy\" class=\"alignnone size-medium wp-image-8156\" src=\"https:\/\/i0.wp.com\/www.conmarcapropia.com\/portal\/wp-content\/uploads\/2021\/07\/Tabla-DNP.jpg?resize=400%2C248\" alt=\"\" width=\"400\" height=\"248\" srcset=\"https:\/\/i0.wp.com\/www.conmarcapropia.com\/portal\/wp-content\/uploads\/2021\/07\/Tabla-DNP.jpg?resize=400%2C248&amp;ssl=1 400w, https:\/\/i0.wp.com\/www.conmarcapropia.com\/portal\/wp-content\/uploads\/2021\/07\/Tabla-DNP.jpg?resize=300%2C186&amp;ssl=1 300w, https:\/\/i0.wp.com\/www.conmarcapropia.com\/portal\/wp-content\/uploads\/2021\/07\/Tabla-DNP.jpg?w=680&amp;ssl=1 680w\" sizes=\"(max-width: 400px) 100vw, 400px\" data-recalc-dims=\"1\" \/><br \/>\n<\/strong><\/p>\n<p style=\"text-align: justify;\">Al club del buen manejo de las finanzas p\u00fablicas que a\u00f1o tras a\u00f1o depura el Departamento Nacional de Planeaci\u00f3n de acuerdo con la Ley 617, entran nuevos entes territoriales y salen hist\u00f3ricos en este menester. El 2020 fue un a\u00f1o de innumerables complejidades conocidas de sobra por todos, lo que implic\u00f3 esfuerzos inconmensurables de los municipios para mantenerse a flote, pues hubo una ostensible disminuci\u00f3n del recaudo y por consiguiente de los recursos propios.<\/p>\n<p><!--more--><\/p>\n<p><img src=\"https:\/\/i1.wp.com\/www.quienesquien.co\/wp-content\/uploads\/2021\/06\/quien-es-quien_Mesa-de-trabajo-1-1.png?resize=600%2C600\" \/><\/p>\n<p style=\"text-align: justify;\">La nueva metodolog\u00eda de Planeaci\u00f3n Nacional incorpora nuevos retos de sostenibilidad fiscal en t\u00e9rminos de endeudamiento, inversi\u00f3n, generaci\u00f3n de ingresos y ejecuci\u00f3n del gasto territorial.<\/p>\n<p style=\"text-align: justify;\">Felicitaciones a los municipios de Rionegro, que se mantiene a la cabeza de top de desempe\u00f1o fiscal como ha sido la usanza de los \u00faltimos a\u00f1os en la categor\u00eda G1-nivel alto.<br \/>\n<img loading=\"lazy\" class=\"alignnone size-medium wp-image-8157\" src=\"https:\/\/i0.wp.com\/www.conmarcapropia.com\/portal\/wp-content\/uploads\/2021\/07\/Rionegro-DNP.jpg?resize=400%2C275\" alt=\"\" width=\"400\" height=\"275\" srcset=\"https:\/\/i0.wp.com\/www.conmarcapropia.com\/portal\/wp-content\/uploads\/2021\/07\/Rionegro-DNP.jpg?resize=400%2C275&amp;ssl=1 400w, https:\/\/i0.wp.com\/www.conmarcapropia.com\/portal\/wp-content\/uploads\/2021\/07\/Rionegro-DNP.jpg?resize=300%2C207&amp;ssl=1 300w, https:\/\/i0.wp.com\/www.conmarcapropia.com\/portal\/wp-content\/uploads\/2021\/07\/Rionegro-DNP.jpg?w=424&amp;ssl=1 424w\" sizes=\"(max-width: 400px) 100vw, 400px\" data-recalc-dims=\"1\" \/><\/p>\n<p style=\"text-align: justify;\">El municipio de Concepci\u00f3n, en donde el alcalde Gustavo L\u00f3pez viene dirigiendo los destinos de su localidad de manera correcta, la Direcci\u00f3n Nacional de Planeaci\u00f3n lo reconoce como el primero del pa\u00eds en la categor\u00eda G3-nivel medio.<br \/>\n<img loading=\"lazy\" class=\"alignnone size-medium wp-image-8158\" src=\"https:\/\/i0.wp.com\/www.conmarcapropia.com\/portal\/wp-content\/uploads\/2021\/07\/Concepci\u00f3n-DNP.jpg?resize=400%2C275\" alt=\"\" width=\"400\" height=\"275\" srcset=\"https:\/\/i0.wp.com\/www.conmarcapropia.com\/portal\/wp-content\/uploads\/2021\/07\/Concepci\u00f3n-DNP.jpg?resize=400%2C275&amp;ssl=1 400w, https:\/\/i0.wp.com\/www.conmarcapropia.com\/portal\/wp-content\/uploads\/2021\/07\/Concepci\u00f3n-DNP.jpg?resize=300%2C206&amp;ssl=1 300w, https:\/\/i0.wp.com\/www.conmarcapropia.com\/portal\/wp-content\/uploads\/2021\/07\/Concepci\u00f3n-DNP.jpg?w=424&amp;ssl=1 424w\" sizes=\"(max-width: 400px) 100vw, 400px\" data-recalc-dims=\"1\" \/><\/p>\n<p>El Santuario, es un municipio que se destaca en el escenario nacional y en la categor\u00eda G2- nivel medio alto est\u00e1 en el top 5 de Colombia en manejo de finanzas p\u00fablicas.<br \/>\n<img loading=\"lazy\" class=\"alignnone size-full wp-image-8159\" src=\"https:\/\/i0.wp.com\/www.conmarcapropia.com\/portal\/wp-content\/uploads\/2021\/07\/El-Santuario-DNP.jpg?resize=368%2C291\" alt=\"\" width=\"368\" height=\"291\" srcset=\"https:\/\/i0.wp.com\/www.conmarcapropia.com\/portal\/wp-content\/uploads\/2021\/07\/El-Santuario-DNP.jpg?w=368&amp;ssl=1 368w, https:\/\/i0.wp.com\/www.conmarcapropia.com\/portal\/wp-content\/uploads\/2021\/07\/El-Santuario-DNP.jpg?resize=300%2C237&amp;ssl=1 300w\" sizes=\"(max-width: 368px) 100vw, 368px\" data-recalc-dims=\"1\" \/><\/p>\n<p style=\"text-align: justify;\">Felicitaciones a estos entes territoriales por su correcto desempe\u00f1o fiscal, la menor dependencia de las transferencias y capacidad de ejecuci\u00f3n e inversiones, que son algunas variables que mide el DNP, municipios como El Retiro y Guarne, que hab\u00edan sido reconocidos hist\u00f3ricamente en este escalaf\u00f3n, hoy est\u00e1n por fuera de este selecto club.<\/p>\n<hr \/>\n<p><strong>El uribismo de los Valencia se tom\u00f3 La Ceja<br \/>\n<img loading=\"lazy\" class=\"alignnone size-medium wp-image-8160\" src=\"https:\/\/i0.wp.com\/www.conmarcapropia.com\/portal\/wp-content\/uploads\/2021\/07\/Visita-ADR-en-La-Ceja.jpg?resize=400%2C266\" alt=\"\" width=\"400\" height=\"266\" srcset=\"https:\/\/i0.wp.com\/www.conmarcapropia.com\/portal\/wp-content\/uploads\/2021\/07\/Visita-ADR-en-La-Ceja.jpg?resize=400%2C266&amp;ssl=1 400w, https:\/\/i0.wp.com\/www.conmarcapropia.com\/portal\/wp-content\/uploads\/2021\/07\/Visita-ADR-en-La-Ceja.jpg?resize=300%2C200&amp;ssl=1 300w, https:\/\/i0.wp.com\/www.conmarcapropia.com\/portal\/wp-content\/uploads\/2021\/07\/Visita-ADR-en-La-Ceja.jpg?resize=768%2C512&amp;ssl=1 768w, https:\/\/i0.wp.com\/www.conmarcapropia.com\/portal\/wp-content\/uploads\/2021\/07\/Visita-ADR-en-La-Ceja.jpg?resize=1024%2C682&amp;ssl=1 1024w, https:\/\/i0.wp.com\/www.conmarcapropia.com\/portal\/wp-content\/uploads\/2021\/07\/Visita-ADR-en-La-Ceja.jpg?w=2048&amp;ssl=1 2048w, https:\/\/i0.wp.com\/www.conmarcapropia.com\/portal\/wp-content\/uploads\/2021\/07\/Visita-ADR-en-La-Ceja.jpg?w=1280 1280w, https:\/\/i0.wp.com\/www.conmarcapropia.com\/portal\/wp-content\/uploads\/2021\/07\/Visita-ADR-en-La-Ceja.jpg?w=1920 1920w\" sizes=\"(max-width: 400px) 100vw, 400px\" data-recalc-dims=\"1\" \/><br \/>\n<\/strong><\/p>\n<p style=\"text-align: justify;\">La semana pasada hubo un encuentro del uribismo en La Ceja con ocasi\u00f3n de la visita de la Agencia de Desarrollo Rural, entidad encargada de gestionar el avance rural en el pa\u00eds y que es comandada a nivel nacional por la exdiputada uribista Ana Cristina Moreno Palacio y en Antioquia por el multicolor andino Horacio Gall\u00f3n.<\/p>\n<p style=\"text-align: justify;\">En este encuentro en la tierra de la bicicleta y la flor, que fue sumamente celebrado, pues es muy poca la ayuda gubernamental que por estos d\u00edas llega al territorio, la ADR, anunci\u00f3 una subvenci\u00f3n de m\u00e1s de 700 millones de pesos para el fortalecimiento del cultivo de mora en el corregimiento de San Jos\u00e9 en donde se beneficiar\u00e1n cerca de 56 familias productoras, en dicho apalancamiento participan con recursos la alcald\u00eda de La Ceja y Asofrutas.<\/p>\n<p style=\"text-align: justify;\">En este encuentro estuvo adem\u00e1s del alcalde Nelson Carmona, como es natural, el senador Santiago Valencia, hijo de Fabio Valencia Cossio, quien en julio del a\u00f1o pasado se quej\u00f3 por su bajo salario que apenas si le alcanzaba para atender sus gastos personales, por lo que no votaba la reducci\u00f3n de sus ingresos como congresista, el senador hijo de La Ceja, Jos\u00e9 Obdulio Gaviria, quien estuvo lejos de los reflectores, el Representante Jhon Jairo Berr\u00edo, exalcalde de Donmat\u00edas, los diputados Jos\u00e9 Luis Nore\u00f1a que jugaba de local, Luis Gabriel G\u00f3mez, cercano a Horacio Gall\u00f3n y quien naci\u00f3 en Rionegro, estudi\u00f3 en La Ceja y vivi\u00f3 en El Retiro, tambi\u00e9n vimos al concejal del CD, Alejandro Rodr\u00edguez.<\/p>\n<p style=\"text-align: justify;\">Esta comitiva tambi\u00e9n anunci\u00f3 en este d\u00eda de pl\u00e1cemes, la gesti\u00f3n con el Ministerio de Vivienda para conseguir 4.500 millones de pesos para el plan maestro de acueducto y alcantarillado, esperemos que estas gestiones se concreten.<\/p>\n<hr \/>\n<p><img src=\"https:\/\/i2.wp.com\/www.conmarcapropia.com\/portal\/wp-content\/uploads\/2021\/04\/Banner-plaza-de-mercado.jpg?resize=400%2C308\" \/><\/p>\n<hr \/>\n<p><strong>La biblioteca que quiere regalar Jos\u00e9 Obdulio a La Ceja<br \/>\n<img loading=\"lazy\" class=\"alignnone size-full wp-image-8161\" src=\"https:\/\/i0.wp.com\/www.conmarcapropia.com\/portal\/wp-content\/uploads\/2021\/07\/Jos\u00e9-Obdulio.jpg?resize=400%2C400\" alt=\"\" width=\"400\" height=\"400\" srcset=\"https:\/\/i0.wp.com\/www.conmarcapropia.com\/portal\/wp-content\/uploads\/2021\/07\/Jos\u00e9-Obdulio.jpg?w=400&amp;ssl=1 400w, https:\/\/i0.wp.com\/www.conmarcapropia.com\/portal\/wp-content\/uploads\/2021\/07\/Jos\u00e9-Obdulio.jpg?resize=300%2C300&amp;ssl=1 300w, https:\/\/i0.wp.com\/www.conmarcapropia.com\/portal\/wp-content\/uploads\/2021\/07\/Jos\u00e9-Obdulio.jpg?resize=150%2C150&amp;ssl=1 150w\" sizes=\"(max-width: 400px) 100vw, 400px\" data-recalc-dims=\"1\" \/><br \/>\n<\/strong><\/p>\n<p style=\"text-align: justify;\">En este mismo encuentro, que tuvo una montonera sin precedentes, pues son tan pocos los anuncios de inversi\u00f3n del gobierno nacional en el territorio, que toca pegarse de lo que sea, estuvo, como ya les hab\u00edamos contado, el senador Jos\u00e9 Obdulio Gaviria. El hombre estuvo lejos de los reflectores y las c\u00e1maras, no se sent\u00f3 en la mesa principal, pero no desaprovech\u00f3 la oportunidad para dirigirse al p\u00fablico de su tierra natal, all\u00ed evoc\u00f3 con nostalgia momentos de su infancia y despu\u00e9s llevado por la emoci\u00f3n dijo que regalar\u00eda media biblioteca personal que ten\u00eda en Bogot\u00e1 comprendida de muchas enciclopedias que ser\u00edan de mucha utilidad para los ni\u00f1os y j\u00f3venes ceje\u00f1os, la comitiva del Centro Democr\u00e1tico de inmediato aplaudi\u00f3 a rabiar. Recordemos que Obdulio fue un ferviente militante de la izquierda en su juventud y desde esta \u00e9poca cultiv\u00f3 un especial inter\u00e9s por la lectura y el conocimiento, hoy, llega al congreso por el empuj\u00f3n de su mentor de los \u00faltimos a\u00f1os, \u00c1lvaro Uribe V\u00e9lez, en la m\u00e1s reciente elecci\u00f3n lleg\u00f3 dejando pelos en el alambrado al contabilizar unos votos de \u00faltima hora procedentes del exterior. Esperemos a ver qui\u00e9n pagar\u00e1 el cami\u00f3n de trasteos para traer la media biblioteca prometida por el senador.<\/p>\n<hr \/>\n<p><strong>Eleuterio Mart\u00ednez en Jaque<br \/>\n<iframe loading=\"lazy\" src=\"\/\/www.youtube.com\/embed\/a7LceUq76L4\" width=\"560\" height=\"314\" allowfullscreen=\"allowfullscreen\"><\/iframe><br \/>\n<\/strong><\/p>\n<p style=\"text-align: justify;\">Sin duda alguna, uno de los pocos concejales que est\u00e1 ejerciendo como corresponde el papel de oposici\u00f3n que demanda la curul otorgada por el nuevo estatuto de oposici\u00f3n, es Eleuterio Mart\u00ednez, concejal de La Uni\u00f3n, quien en los pasados comicios se present\u00f3 por Cambio Radical y qued\u00f3 segundo en la elecci\u00f3n de alcalde detr\u00e1s del actual mandatario, Edgar Alexander Osorio y hoy irrumpe en el panorama electoral de su municipio como uno de los favoritos para conquistar el primer cargo que le ha sido esquivo, pues en 2015 en el primer conteo perd\u00eda por un voto la elecci\u00f3n a la alcald\u00eda con Hugo Botero. En esta edici\u00f3n de Jaque Expr\u00e9s, Mart\u00ednez nos cuenta sobre sus posiciones con respecto a la administraci\u00f3n actual.<\/p>\n<hr \/>\n<p><strong>Yeison Miranda en Jaque<br \/>\n<iframe loading=\"lazy\" src=\"\/\/www.youtube.com\/embed\/XCw6-cQvFPE\" width=\"560\" height=\"314\" allowfullscreen=\"allowfullscreen\"><\/iframe><br \/>\n<\/strong><\/p>\n<p style=\"text-align: justify;\">El concejal liberal Yeison Miranda, tambi\u00e9n nos acompa\u00f1\u00f3 en \u201cJaque expr\u00e9s\u201d, nos habl\u00f3 de los proyectos m\u00e1s coyunturales que se adelantan en la Ciudad Hidalga como tren ligero y SitiRio, as\u00ed mismo, nos cont\u00f3 c\u00f3mo resign\u00f3 su posibilidad de ser el presidente de la corporaci\u00f3n en este periodo.<\/p>\n<hr \/>\n<p><a href=\"http:\/\/www.alternativaregional.com\/oriente-antioqueno\/notas-al-oido-124-junio-de-2021.html\" target=\"_blank\" rel=\"noopener noreferrer\"><strong>Notas al O\u00eddo N\u00ba 125<\/strong><\/a><br \/>\n<a href=\"http:\/\/www.alternativaregional.com\/oriente-antioqueno\/notas-al-oido-no-84-julio-de-2020.html\" target=\"_blank\" rel=\"noopener noreferrer\"><img loading=\"lazy\" class=\"alignnone wp-image-5189 jetpack-lazy-image jetpack-lazy-image--handled\" src=\"https:\/\/i1.wp.com\/www.quienesquien.co\/wp-content\/uploads\/2020\/07\/Notas-al-o%C3%ADdo.png?w=262\" sizes=\"(max-width: 300px) 100vw, 300px\" alt=\"\" width=\"300\" height=\"291\" data-attachment-id=\"5189\" data-permalink=\"http:\/\/www.quienesquien.co\/runrun-politico-86\/notas-al-oido-51\/\" data-orig-file=\"https:\/\/i1.wp.com\/www.quienesquien.co\/wp-content\/uploads\/2020\/07\/Notas-al-o\u00eddo.png?fit=262%2C254\" data-orig-size=\"262,254\" data-comments-opened=\"1\" data-image-meta=\"{&quot;aperture&quot;:&quot;0&quot;,&quot;credit&quot;:&quot;&quot;,&quot;camera&quot;:&quot;&quot;,&quot;caption&quot;:&quot;&quot;,&quot;created_timestamp&quot;:&quot;0&quot;,&quot;copyright&quot;:&quot;&quot;,&quot;focal_length&quot;:&quot;0&quot;,&quot;iso&quot;:&quot;0&quot;,&quot;shutter_speed&quot;:&quot;0&quot;,&quot;title&quot;:&quot;&quot;,&quot;orientation&quot;:&quot;0&quot;}\" data-image-title=\"Notas al o\u00eddo\" data-image-description=\"\" data-medium-file=\"https:\/\/i1.wp.com\/www.quienesquien.co\/wp-content\/uploads\/2020\/07\/Notas-al-o\u00eddo.png?fit=200%2C194\" data-large-file=\"https:\/\/i1.wp.com\/www.quienesquien.co\/wp-content\/uploads\/2020\/07\/Notas-al-o\u00eddo.png?fit=262%2C254\" data-lazy-loaded=\"1\" \/><\/a><\/p>\n<hr \/>\n<p><a href=\"http:\/\/www.quienesquien.co\/runrun-politico-127\/\" target=\"_blank\" rel=\"noopener noreferrer\"><strong>Runr\u00fan Pol\u00edtico 127<\/strong><\/a><br \/>\n<a href=\"http:\/\/www.quienesquien.co\/runrun-politico-86\/\" target=\"_blank\" rel=\"noopener noreferrer\"><img loading=\"lazy\" class=\"alignnone wp-image-5187 jetpack-lazy-image jetpack-lazy-image--handled\" src=\"https:\/\/i1.wp.com\/www.quienesquien.co\/wp-content\/uploads\/2020\/07\/runrun-pol%C3%ADtico.png?w=262\" sizes=\"(max-width: 301px) 100vw, 301px\" alt=\"\" width=\"301\" height=\"292\" data-attachment-id=\"5187\" data-permalink=\"http:\/\/www.quienesquien.co\/runrun-politico-86\/runrun-politico\/\" data-orig-file=\"https:\/\/i1.wp.com\/www.quienesquien.co\/wp-content\/uploads\/2020\/07\/runrun-pol\u00edtico.png?fit=262%2C254\" data-orig-size=\"262,254\" data-comments-opened=\"1\" data-image-meta=\"{&quot;aperture&quot;:&quot;0&quot;,&quot;credit&quot;:&quot;&quot;,&quot;camera&quot;:&quot;&quot;,&quot;caption&quot;:&quot;&quot;,&quot;created_timestamp&quot;:&quot;0&quot;,&quot;copyright&quot;:&quot;&quot;,&quot;focal_length&quot;:&quot;0&quot;,&quot;iso&quot;:&quot;0&quot;,&quot;shutter_speed&quot;:&quot;0&quot;,&quot;title&quot;:&quot;&quot;,&quot;orientation&quot;:&quot;0&quot;}\" data-image-title=\"runrun pol\u00edtico\" data-image-description=\"\" data-medium-file=\"https:\/\/i1.wp.com\/www.quienesquien.co\/wp-content\/uploads\/2020\/07\/runrun-pol\u00edtico.png?fit=200%2C194\" data-large-file=\"https:\/\/i1.wp.com\/www.quienesquien.co\/wp-content\/uploads\/2020\/07\/runrun-pol\u00edtico.png?fit=262%2C254\" data-lazy-loaded=\"1\" \/><\/a><\/p>\n<hr \/>\n<p>&nbsp;<\/p>\n","protected":false},"excerpt":{"rendered":"<p>3 municipios orientales en el selecto club de DNP Al club del buen manejo de las finanzas p\u00fablicas que a\u00f1o tras a\u00f1o depura el Departamento Nacional de Planeaci\u00f3n de acuerdo con la Ley 617, entran nuevos entes territoriales y salen hist\u00f3ricos en este menester. El 2020 fue un a\u00f1o de innumerables complejidades conocidas de sobra [&hellip;]<\/p>\n","protected":false},"author":11,"featured_media":0,"comment_status":"closed","ping_status":"closed","sticky":false,"template":"","format":"standard","meta":{"om_disable_all_campaigns":false,"_monsterinsights_skip_tracking":false,"_uf_show_specific_survey":0,"_uf_disable_surveys":false,"jetpack_post_was_ever_published":false},"categories":[3],"tags":[1267,461,1270,244,1272,1269,323,1268,10,1271],"aioseo_notices":[],"aioseo_head":"\n\t\t<!-- All in One SEO 5.0.1.1 - aioseo.com -->\n\t<meta name=\"description\" content=\"3 municipios orientales en el selecto club de DNP Al club del buen manejo de las finanzas p\u00fablicas que a\u00f1o tras a\u00f1o depura el Departamento Nacional de Planeaci\u00f3n de acuerdo con la Ley 617, entran nuevos entes territoriales y salen hist\u00f3ricos en este menester. El 2020 fue un a\u00f1o de innumerables complejidades conocidas de sobra\" \/>\n\t<meta name=\"robots\" content=\"max-image-preview:large\" \/>\n\t<meta name=\"author\" content=\"Editor\"\/>\n\t<link rel=\"canonical\" href=\"https:\/\/www.conmarcapropia.com\/portal\/se-rumora-n395-semana-del-29-de-junio-al-06-de-julio-de-2021\/\" \/>\n\t<meta name=\"generator\" content=\"All in One SEO (AIOSEO) 5.0.1.1\" \/>\n\t\t<meta property=\"og:locale\" content=\"es_ES\" \/>\n\t\t<meta property=\"og:site_name\" content=\"ConMarcaPropia - cmp@conmarcapropia.com\" \/>\n\t\t<meta property=\"og:type\" content=\"article\" \/>\n\t\t<meta property=\"og:title\" content=\"Se Rumora N\u00b0395 (semana del 29 de Junio al 06 de julio de 2021) - ConMarcaPropia\" \/>\n\t\t<meta property=\"og:description\" content=\"3 municipios orientales en el selecto club de DNP Al club del buen manejo de las finanzas p\u00fablicas que a\u00f1o tras a\u00f1o depura el Departamento Nacional de Planeaci\u00f3n de acuerdo con la Ley 617, entran nuevos entes territoriales y salen hist\u00f3ricos en este menester. El 2020 fue un a\u00f1o de innumerables complejidades conocidas de sobra\" \/>\n\t\t<meta property=\"og:url\" content=\"https:\/\/www.conmarcapropia.com\/portal\/se-rumora-n395-semana-del-29-de-junio-al-06-de-julio-de-2021\/\" \/>\n\t\t<meta property=\"og:image\" content=\"https:\/\/i0.wp.com\/www.conmarcapropia.com\/portal\/wp-content\/uploads\/2022\/08\/cropped-CONAMR.png?fit=500%2C100&#038;ssl=1\" \/>\n\t\t<meta property=\"og:image:secure_url\" content=\"https:\/\/i0.wp.com\/www.conmarcapropia.com\/portal\/wp-content\/uploads\/2022\/08\/cropped-CONAMR.png?fit=500%2C100&#038;ssl=1\" \/>\n\t\t<meta property=\"article:published_time\" content=\"2021-07-06T16:12:32+00:00\" \/>\n\t\t<meta property=\"article:modified_time\" content=\"2021-07-06T16:12:32+00:00\" \/>\n\t\t<meta name=\"twitter:card\" content=\"summary_large_image\" \/>\n\t\t<meta name=\"twitter:title\" content=\"Se Rumora N\u00b0395 (semana del 29 de Junio al 06 de julio de 2021) - ConMarcaPropia\" \/>\n\t\t<meta name=\"twitter:description\" content=\"3 municipios orientales en el selecto club de DNP Al club del buen manejo de las finanzas p\u00fablicas que a\u00f1o tras a\u00f1o depura el Departamento Nacional de Planeaci\u00f3n de acuerdo con la Ley 617, entran nuevos entes territoriales y salen hist\u00f3ricos en este menester. El 2020 fue un a\u00f1o de innumerables complejidades conocidas de sobra\" \/>\n\t\t<meta name=\"twitter:image\" content=\"https:\/\/i0.wp.com\/www.conmarcapropia.com\/portal\/wp-content\/uploads\/2022\/08\/cropped-CONAMR.png?fit=500%2C100&amp;ssl=1\" \/>\n\t\t<script type=\"application\/ld+json\" class=\"aioseo-schema\">\n\t\t\t{\"@context\":\"https:\\\/\\\/schema.org\",\"@graph\":[{\"@type\":\"BlogPosting\",\"@id\":\"https:\\\/\\\/www.conmarcapropia.com\\\/portal\\\/se-rumora-n395-semana-del-29-de-junio-al-06-de-julio-de-2021\\\/#blogposting\",\"name\":\"Se Rumora N\\u00b0395 (semana del 29 de Junio al 06 de julio de 2021) - ConMarcaPropia\",\"headline\":\"Se Rumora N\\u00b0395 (semana del 29 de Junio al 06 de julio de 2021)\",\"author\":{\"@id\":\"https:\\\/\\\/www.conmarcapropia.com\\\/portal\\\/author\\\/carlosp\\\/#author\"},\"publisher\":{\"@id\":\"https:\\\/\\\/www.conmarcapropia.com\\\/portal\\\/#organization\"},\"image\":{\"@type\":\"ImageObject\",\"url\":\"https:\\\/\\\/i0.wp.com\\\/www.conmarcapropia.com\\\/portal\\\/wp-content\\\/uploads\\\/2021\\\/07\\\/Tabla-DNP.jpg?fit=680%2C421&ssl=1\",\"@id\":\"https:\\\/\\\/www.conmarcapropia.com\\\/portal\\\/se-rumora-n395-semana-del-29-de-junio-al-06-de-julio-de-2021\\\/#articleImage\",\"width\":680,\"height\":421},\"datePublished\":\"2021-07-06T11:12:32-05:00\",\"dateModified\":\"2021-07-06T11:12:32-05:00\",\"inLanguage\":\"es-ES\",\"mainEntityOfPage\":{\"@id\":\"https:\\\/\\\/www.conmarcapropia.com\\\/portal\\\/se-rumora-n395-semana-del-29-de-junio-al-06-de-julio-de-2021\\\/#webpage\"},\"isPartOf\":{\"@id\":\"https:\\\/\\\/www.conmarcapropia.com\\\/portal\\\/se-rumora-n395-semana-del-29-de-junio-al-06-de-julio-de-2021\\\/#webpage\"},\"articleSection\":\"Se Rumora, ADR en La Ceja, Concepci\\u00f3n, desempe\\u00f1o fiscal Rionegro, El Santuario, Eleuterio Mart\\u00ednez, Jos\\u00e9 Obdulio Gaviria en La Ceja, pol\\u00ectica Oriente antioque\\u00f1o, Santiago Valencia, se rumora, Yeison Miranda\"},{\"@type\":\"BreadcrumbList\",\"@id\":\"https:\\\/\\\/www.conmarcapropia.com\\\/portal\\\/se-rumora-n395-semana-del-29-de-junio-al-06-de-julio-de-2021\\\/#breadcrumblist\",\"itemListElement\":[{\"@type\":\"ListItem\",\"@id\":\"https:\\\/\\\/www.conmarcapropia.com\\\/portal#listItem\",\"position\":1,\"name\":\"Home\",\"item\":\"https:\\\/\\\/www.conmarcapropia.com\\\/portal\",\"nextItem\":{\"@type\":\"ListItem\",\"@id\":\"https:\\\/\\\/www.conmarcapropia.com\\\/portal\\\/tema\\\/se-rumora\\\/#listItem\",\"name\":\"Se Rumora\"}},{\"@type\":\"ListItem\",\"@id\":\"https:\\\/\\\/www.conmarcapropia.com\\\/portal\\\/tema\\\/se-rumora\\\/#listItem\",\"position\":2,\"name\":\"Se Rumora\",\"item\":\"https:\\\/\\\/www.conmarcapropia.com\\\/portal\\\/tema\\\/se-rumora\\\/\",\"nextItem\":{\"@type\":\"ListItem\",\"@id\":\"https:\\\/\\\/www.conmarcapropia.com\\\/portal\\\/se-rumora-n395-semana-del-29-de-junio-al-06-de-julio-de-2021\\\/#listItem\",\"name\":\"Se Rumora N\\u00b0395 (semana del 29 de Junio al 06 de julio de 2021)\"},\"previousItem\":{\"@type\":\"ListItem\",\"@id\":\"https:\\\/\\\/www.conmarcapropia.com\\\/portal#listItem\",\"name\":\"Home\"}},{\"@type\":\"ListItem\",\"@id\":\"https:\\\/\\\/www.conmarcapropia.com\\\/portal\\\/se-rumora-n395-semana-del-29-de-junio-al-06-de-julio-de-2021\\\/#listItem\",\"position\":3,\"name\":\"Se Rumora N\\u00b0395 (semana del 29 de Junio al 06 de julio de 2021)\",\"previousItem\":{\"@type\":\"ListItem\",\"@id\":\"https:\\\/\\\/www.conmarcapropia.com\\\/portal\\\/tema\\\/se-rumora\\\/#listItem\",\"name\":\"Se Rumora\"}}]},{\"@type\":\"Organization\",\"@id\":\"https:\\\/\\\/www.conmarcapropia.com\\\/portal\\\/#organization\",\"name\":\"ConMarcaPropia\",\"description\":\"cmp@conmarcapropia.com\",\"url\":\"https:\\\/\\\/www.conmarcapropia.com\\\/portal\\\/\",\"logo\":{\"@type\":\"ImageObject\",\"url\":\"https:\\\/\\\/i0.wp.com\\\/www.conmarcapropia.com\\\/portal\\\/wp-content\\\/uploads\\\/2022\\\/08\\\/cropped-CONAMR.png?fit=500%2C100&ssl=1\",\"@id\":\"https:\\\/\\\/www.conmarcapropia.com\\\/portal\\\/se-rumora-n395-semana-del-29-de-junio-al-06-de-julio-de-2021\\\/#organizationLogo\",\"width\":500,\"height\":100},\"image\":{\"@id\":\"https:\\\/\\\/www.conmarcapropia.com\\\/portal\\\/se-rumora-n395-semana-del-29-de-junio-al-06-de-julio-de-2021\\\/#organizationLogo\"}},{\"@type\":\"Person\",\"@id\":\"https:\\\/\\\/www.conmarcapropia.com\\\/portal\\\/author\\\/carlosp\\\/#author\",\"url\":\"https:\\\/\\\/www.conmarcapropia.com\\\/portal\\\/author\\\/carlosp\\\/\",\"name\":\"Editor\",\"image\":{\"@type\":\"ImageObject\",\"@id\":\"https:\\\/\\\/www.conmarcapropia.com\\\/portal\\\/se-rumora-n395-semana-del-29-de-junio-al-06-de-julio-de-2021\\\/#authorImage\",\"url\":\"https:\\\/\\\/secure.gravatar.com\\\/avatar\\\/444d08604116fee1399108703e7d90e7?s=96&d=mm&r=g\",\"width\":96,\"height\":96,\"caption\":\"Editor\"}},{\"@type\":\"WebPage\",\"@id\":\"https:\\\/\\\/www.conmarcapropia.com\\\/portal\\\/se-rumora-n395-semana-del-29-de-junio-al-06-de-julio-de-2021\\\/#webpage\",\"url\":\"https:\\\/\\\/www.conmarcapropia.com\\\/portal\\\/se-rumora-n395-semana-del-29-de-junio-al-06-de-julio-de-2021\\\/\",\"name\":\"Se Rumora N\\u00b0395 (semana del 29 de Junio al 06 de julio de 2021) - ConMarcaPropia\",\"description\":\"3 municipios orientales en el selecto club de DNP Al club del buen manejo de las finanzas p\\u00fablicas que a\\u00f1o tras a\\u00f1o depura el Departamento Nacional de Planeaci\\u00f3n de acuerdo con la Ley 617, entran nuevos entes territoriales y salen hist\\u00f3ricos en este menester. El 2020 fue un a\\u00f1o de innumerables complejidades conocidas de sobra\",\"inLanguage\":\"es-ES\",\"isPartOf\":{\"@id\":\"https:\\\/\\\/www.conmarcapropia.com\\\/portal\\\/#website\"},\"breadcrumb\":{\"@id\":\"https:\\\/\\\/www.conmarcapropia.com\\\/portal\\\/se-rumora-n395-semana-del-29-de-junio-al-06-de-julio-de-2021\\\/#breadcrumblist\"},\"author\":{\"@id\":\"https:\\\/\\\/www.conmarcapropia.com\\\/portal\\\/author\\\/carlosp\\\/#author\"},\"creator\":{\"@id\":\"https:\\\/\\\/www.conmarcapropia.com\\\/portal\\\/author\\\/carlosp\\\/#author\"},\"datePublished\":\"2021-07-06T11:12:32-05:00\",\"dateModified\":\"2021-07-06T11:12:32-05:00\"},{\"@type\":\"WebSite\",\"@id\":\"https:\\\/\\\/www.conmarcapropia.com\\\/portal\\\/#website\",\"url\":\"https:\\\/\\\/www.conmarcapropia.com\\\/portal\\\/\",\"name\":\"ConMarcaPropia\",\"description\":\"cmp@conmarcapropia.com\",\"inLanguage\":\"es-ES\",\"publisher\":{\"@id\":\"https:\\\/\\\/www.conmarcapropia.com\\\/portal\\\/#organization\"}}]}\n\t\t<\/script>\n\t\t<!-- All in One SEO -->\n\n","aioseo_head_json":{"title":"Se Rumora N\u00b0395 (semana del 29 de Junio al 06 de julio de 2021) - ConMarcaPropia","description":"3 municipios orientales en el selecto club de DNP Al club del buen manejo de las finanzas p\u00fablicas que a\u00f1o tras a\u00f1o depura el Departamento Nacional de Planeaci\u00f3n de acuerdo con la Ley 617, entran nuevos entes territoriales y salen hist\u00f3ricos en este menester. El 2020 fue un a\u00f1o de innumerables complejidades conocidas de sobra","canonical_url":"https:\/\/www.conmarcapropia.com\/portal\/se-rumora-n395-semana-del-29-de-junio-al-06-de-julio-de-2021\/","robots":"max-image-preview:large","keywords":"","webmasterTools":{"miscellaneous":""},"schema":{"@context":"https:\/\/schema.org","@graph":[{"@type":"BlogPosting","@id":"https:\/\/www.conmarcapropia.com\/portal\/se-rumora-n395-semana-del-29-de-junio-al-06-de-julio-de-2021\/#blogposting","name":"Se Rumora N\u00b0395 (semana del 29 de Junio al 06 de julio de 2021) - ConMarcaPropia","headline":"Se Rumora N\u00b0395 (semana del 29 de Junio al 06 de julio de 2021)","author":{"@id":"https:\/\/www.conmarcapropia.com\/portal\/author\/carlosp\/#author"},"publisher":{"@id":"https:\/\/www.conmarcapropia.com\/portal\/#organization"},"image":{"@type":"ImageObject","url":"https:\/\/i0.wp.com\/www.conmarcapropia.com\/portal\/wp-content\/uploads\/2021\/07\/Tabla-DNP.jpg?fit=680%2C421&ssl=1","@id":"https:\/\/www.conmarcapropia.com\/portal\/se-rumora-n395-semana-del-29-de-junio-al-06-de-julio-de-2021\/#articleImage","width":680,"height":421},"datePublished":"2021-07-06T11:12:32-05:00","dateModified":"2021-07-06T11:12:32-05:00","inLanguage":"es-ES","mainEntityOfPage":{"@id":"https:\/\/www.conmarcapropia.com\/portal\/se-rumora-n395-semana-del-29-de-junio-al-06-de-julio-de-2021\/#webpage"},"isPartOf":{"@id":"https:\/\/www.conmarcapropia.com\/portal\/se-rumora-n395-semana-del-29-de-junio-al-06-de-julio-de-2021\/#webpage"},"articleSection":"Se Rumora, ADR en La Ceja, Concepci\u00f3n, desempe\u00f1o fiscal Rionegro, El Santuario, Eleuterio Mart\u00ednez, Jos\u00e9 Obdulio Gaviria en La Ceja, pol\u00ectica Oriente antioque\u00f1o, Santiago Valencia, se rumora, Yeison Miranda"},{"@type":"BreadcrumbList","@id":"https:\/\/www.conmarcapropia.com\/portal\/se-rumora-n395-semana-del-29-de-junio-al-06-de-julio-de-2021\/#breadcrumblist","itemListElement":[{"@type":"ListItem","@id":"https:\/\/www.conmarcapropia.com\/portal#listItem","position":1,"name":"Home","item":"https:\/\/www.conmarcapropia.com\/portal","nextItem":{"@type":"ListItem","@id":"https:\/\/www.conmarcapropia.com\/portal\/tema\/se-rumora\/#listItem","name":"Se Rumora"}},{"@type":"ListItem","@id":"https:\/\/www.conmarcapropia.com\/portal\/tema\/se-rumora\/#listItem","position":2,"name":"Se Rumora","item":"https:\/\/www.conmarcapropia.com\/portal\/tema\/se-rumora\/","nextItem":{"@type":"ListItem","@id":"https:\/\/www.conmarcapropia.com\/portal\/se-rumora-n395-semana-del-29-de-junio-al-06-de-julio-de-2021\/#listItem","name":"Se Rumora N\u00b0395 (semana del 29 de Junio al 06 de julio de 2021)"},"previousItem":{"@type":"ListItem","@id":"https:\/\/www.conmarcapropia.com\/portal#listItem","name":"Home"}},{"@type":"ListItem","@id":"https:\/\/www.conmarcapropia.com\/portal\/se-rumora-n395-semana-del-29-de-junio-al-06-de-julio-de-2021\/#listItem","position":3,"name":"Se Rumora N\u00b0395 (semana del 29 de Junio al 06 de julio de 2021)","previousItem":{"@type":"ListItem","@id":"https:\/\/www.conmarcapropia.com\/portal\/tema\/se-rumora\/#listItem","name":"Se Rumora"}}]},{"@type":"Organization","@id":"https:\/\/www.conmarcapropia.com\/portal\/#organization","name":"ConMarcaPropia","description":"cmp@conmarcapropia.com","url":"https:\/\/www.conmarcapropia.com\/portal\/","logo":{"@type":"ImageObject","url":"https:\/\/i0.wp.com\/www.conmarcapropia.com\/portal\/wp-content\/uploads\/2022\/08\/cropped-CONAMR.png?fit=500%2C100&ssl=1","@id":"https:\/\/www.conmarcapropia.com\/portal\/se-rumora-n395-semana-del-29-de-junio-al-06-de-julio-de-2021\/#organizationLogo","width":500,"height":100},"image":{"@id":"https:\/\/www.conmarcapropia.com\/portal\/se-rumora-n395-semana-del-29-de-junio-al-06-de-julio-de-2021\/#organizationLogo"}},{"@type":"Person","@id":"https:\/\/www.conmarcapropia.com\/portal\/author\/carlosp\/#author","url":"https:\/\/www.conmarcapropia.com\/portal\/author\/carlosp\/","name":"Editor","image":{"@type":"ImageObject","@id":"https:\/\/www.conmarcapropia.com\/portal\/se-rumora-n395-semana-del-29-de-junio-al-06-de-julio-de-2021\/#authorImage","url":"https:\/\/secure.gravatar.com\/avatar\/444d08604116fee1399108703e7d90e7?s=96&d=mm&r=g","width":96,"height":96,"caption":"Editor"}},{"@type":"WebPage","@id":"https:\/\/www.conmarcapropia.com\/portal\/se-rumora-n395-semana-del-29-de-junio-al-06-de-julio-de-2021\/#webpage","url":"https:\/\/www.conmarcapropia.com\/portal\/se-rumora-n395-semana-del-29-de-junio-al-06-de-julio-de-2021\/","name":"Se Rumora N\u00b0395 (semana del 29 de Junio al 06 de julio de 2021) - ConMarcaPropia","description":"3 municipios orientales en el selecto club de DNP Al club del buen manejo de las finanzas p\u00fablicas que a\u00f1o tras a\u00f1o depura el Departamento Nacional de Planeaci\u00f3n de acuerdo con la Ley 617, entran nuevos entes territoriales y salen hist\u00f3ricos en este menester. El 2020 fue un a\u00f1o de innumerables complejidades conocidas de sobra","inLanguage":"es-ES","isPartOf":{"@id":"https:\/\/www.conmarcapropia.com\/portal\/#website"},"breadcrumb":{"@id":"https:\/\/www.conmarcapropia.com\/portal\/se-rumora-n395-semana-del-29-de-junio-al-06-de-julio-de-2021\/#breadcrumblist"},"author":{"@id":"https:\/\/www.conmarcapropia.com\/portal\/author\/carlosp\/#author"},"creator":{"@id":"https:\/\/www.conmarcapropia.com\/portal\/author\/carlosp\/#author"},"datePublished":"2021-07-06T11:12:32-05:00","dateModified":"2021-07-06T11:12:32-05:00"},{"@type":"WebSite","@id":"https:\/\/www.conmarcapropia.com\/portal\/#website","url":"https:\/\/www.conmarcapropia.com\/portal\/","name":"ConMarcaPropia","description":"cmp@conmarcapropia.com","inLanguage":"es-ES","publisher":{"@id":"https:\/\/www.conmarcapropia.com\/portal\/#organization"}}]},"og:locale":"es_ES","og:site_name":"ConMarcaPropia - cmp@conmarcapropia.com","og:type":"article","og:title":"Se Rumora N\u00b0395 (semana del 29 de Junio al 06 de julio de 2021) - ConMarcaPropia","og:description":"3 municipios orientales en el selecto club de DNP Al club del buen manejo de las finanzas p\u00fablicas que a\u00f1o tras a\u00f1o depura el Departamento Nacional de Planeaci\u00f3n de acuerdo con la Ley 617, entran nuevos entes territoriales y salen hist\u00f3ricos en este menester. El 2020 fue un a\u00f1o de innumerables complejidades conocidas de sobra","og:url":"https:\/\/www.conmarcapropia.com\/portal\/se-rumora-n395-semana-del-29-de-junio-al-06-de-julio-de-2021\/","og:image":"https:\/\/i0.wp.com\/www.conmarcapropia.com\/portal\/wp-content\/uploads\/2022\/08\/cropped-CONAMR.png?fit=500%2C100&#038;ssl=1","og:image:secure_url":"https:\/\/i0.wp.com\/www.conmarcapropia.com\/portal\/wp-content\/uploads\/2022\/08\/cropped-CONAMR.png?fit=500%2C100&#038;ssl=1","article:published_time":"2021-07-06T16:12:32+00:00","article:modified_time":"2021-07-06T16:12:32+00:00","twitter:card":"summary_large_image","twitter:title":"Se Rumora N\u00b0395 (semana del 29 de Junio al 06 de julio de 2021) - ConMarcaPropia","twitter:description":"3 municipios orientales en el selecto club de DNP Al club del buen manejo de las finanzas p\u00fablicas que a\u00f1o tras a\u00f1o depura el Departamento Nacional de Planeaci\u00f3n de acuerdo con la Ley 617, entran nuevos entes territoriales y salen hist\u00f3ricos en este menester. El 2020 fue un a\u00f1o de innumerables complejidades conocidas de sobra","twitter:image":"https:\/\/i0.wp.com\/www.conmarcapropia.com\/portal\/wp-content\/uploads\/2022\/08\/cropped-CONAMR.png?fit=500%2C100&ssl=1"},"aioseo_meta_data":{"post_id":"8155","title":null,"description":null,"keywords":null,"keyphrases":null,"primary_term":null,"canonical_url":null,"og_title":null,"og_description":null,"og_object_type":"default","og_image_type":"default","og_image_url":null,"og_image_width":null,"og_image_height":null,"og_image_custom_url":null,"og_image_custom_fields":null,"og_video":null,"og_custom_url":null,"og_article_section":null,"og_article_tags":null,"twitter_use_og":false,"twitter_card":"default","twitter_image_type":"default","twitter_image_url":null,"twitter_image_custom_url":null,"twitter_image_custom_fields":null,"twitter_title":null,"twitter_description":null,"schema":{"blockGraphs":[],"customGraphs":[],"default":{"data":{"Article":[],"Course":[],"Dataset":[],"FAQPage":[],"Movie":[],"Person":[],"Product":[],"ProductReview":[],"Car":[],"Recipe":[],"Service":[],"SoftwareApplication":[],"WebPage":[]},"graphName":"","isEnabled":true},"graphs":[]},"schema_type":"default","schema_type_options":null,"pillar_content":false,"robots_default":true,"robots_noindex":false,"robots_noarchive":false,"robots_nosnippet":false,"robots_nofollow":false,"robots_noimageindex":false,"robots_noodp":false,"robots_notranslate":false,"robots_max_snippet":null,"robots_max_videopreview":null,"robots_max_imagepreview":"large","priority":null,"frequency":null,"local_seo":null,"breadcrumb_settings":null,"limit_modified_date":false,"ai":null,"created":"2023-11-11 16:05:18","updated":"2023-11-11 16:05:18","seo_analyzer_scan_date":null,"focus_keyword":null,"additional_keywords":null,"truseo_locale":null},"aioseo_breadcrumb":"<div class=\"aioseo-breadcrumbs\"><span class=\"aioseo-breadcrumb\">\n\t\t\t<a href=\"https:\/\/www.conmarcapropia.com\/portal\" title=\"Home\">Home<\/a>\n\t\t<\/span><span class=\"aioseo-breadcrumb-separator\">&raquo;<\/span><span class=\"aioseo-breadcrumb\">\n\t\t\t<a href=\"https:\/\/www.conmarcapropia.com\/portal\/tema\/se-rumora\/\" title=\"Se Rumora\">Se Rumora<\/a>\n\t\t<\/span><span class=\"aioseo-breadcrumb-separator\">&raquo;<\/span><span class=\"aioseo-breadcrumb\">\n\t\t\tSe Rumora N\u00b0395 (semana del 29 de Junio al 06 de julio de 2021)\n\t\t<\/span><\/div>","aioseo_breadcrumb_json":[{"label":"Home","link":"https:\/\/www.conmarcapropia.com\/portal"},{"label":"Se Rumora","link":"https:\/\/www.conmarcapropia.com\/portal\/tema\/se-rumora\/"},{"label":"Se Rumora N\u00b0395 (semana del 29 de Junio al 06 de julio de 2021)","link":"https:\/\/www.conmarcapropia.com\/portal\/se-rumora-n395-semana-del-29-de-junio-al-06-de-julio-de-2021\/"}],"yoast_head":"<!-- This site is optimized with the Yoast SEO plugin v20.6 - https:\/\/yoast.com\/wordpress\/plugins\/seo\/ -->\n<title>Se Rumora N\u00b0395 (semana del 29 de Junio al 06 de julio de 2021) - ConMarcaPropia<\/title>\n<meta name=\"robots\" content=\"index, follow, max-snippet:-1, max-image-preview:large, max-video-preview:-1\" \/>\n<link rel=\"canonical\" href=\"https:\/\/www.conmarcapropia.com\/portal\/se-rumora-n395-semana-del-29-de-junio-al-06-de-julio-de-2021\/\" \/>\n<meta property=\"og:locale\" content=\"es_ES\" \/>\n<meta property=\"og:type\" content=\"article\" \/>\n<meta property=\"og:title\" content=\"Se Rumora N\u00b0395 (semana del 29 de Junio al 06 de julio de 2021) - ConMarcaPropia\" \/>\n<meta property=\"og:description\" content=\"3 municipios orientales en el selecto club de DNP Al club del buen manejo de las finanzas p\u00fablicas que a\u00f1o tras a\u00f1o depura el Departamento Nacional de Planeaci\u00f3n de acuerdo con la Ley 617, entran nuevos entes territoriales y salen hist\u00f3ricos en este menester. El 2020 fue un a\u00f1o de innumerables complejidades conocidas de sobra [&hellip;]\" \/>\n<meta property=\"og:url\" content=\"https:\/\/www.conmarcapropia.com\/portal\/se-rumora-n395-semana-del-29-de-junio-al-06-de-julio-de-2021\/\" \/>\n<meta property=\"og:site_name\" content=\"ConMarcaPropia\" \/>\n<meta property=\"article:publisher\" content=\"https:\/\/www.facebook.com\/ConMarcaPropiaCom\" \/>\n<meta property=\"article:published_time\" content=\"2021-07-06T16:12:32+00:00\" \/>\n<meta property=\"og:image\" content=\"http:\/\/www.conmarcapropia.com\/portal\/wp-content\/uploads\/2021\/07\/Tabla-DNP-400x248.jpg\" \/>\n<meta name=\"author\" content=\"Editor\" \/>\n<meta name=\"twitter:label1\" content=\"Escrito por\" \/>\n\t<meta name=\"twitter:data1\" content=\"Editor\" \/>\n\t<meta name=\"twitter:label2\" content=\"Tiempo de lectura\" \/>\n\t<meta name=\"twitter:data2\" content=\"5 minutos\" \/>\n<script type=\"application\/ld+json\" class=\"yoast-schema-graph\">{\"@context\":\"https:\/\/schema.org\",\"@graph\":[{\"@type\":\"Article\",\"@id\":\"https:\/\/www.conmarcapropia.com\/portal\/se-rumora-n395-semana-del-29-de-junio-al-06-de-julio-de-2021\/#article\",\"isPartOf\":{\"@id\":\"https:\/\/www.conmarcapropia.com\/portal\/se-rumora-n395-semana-del-29-de-junio-al-06-de-julio-de-2021\/\"},\"author\":{\"name\":\"Editor\",\"@id\":\"https:\/\/www.conmarcapropia.com\/portal\/#\/schema\/person\/99e32c7be3e9590e5f01c02fe4bd4148\"},\"headline\":\"Se Rumora N\u00b0395 (semana del 29 de Junio al 06 de julio de 2021)\",\"datePublished\":\"2021-07-06T16:12:32+00:00\",\"dateModified\":\"2021-07-06T16:12:32+00:00\",\"mainEntityOfPage\":{\"@id\":\"https:\/\/www.conmarcapropia.com\/portal\/se-rumora-n395-semana-del-29-de-junio-al-06-de-julio-de-2021\/\"},\"wordCount\":1054,\"publisher\":{\"@id\":\"https:\/\/www.conmarcapropia.com\/portal\/#organization\"},\"keywords\":[\"ADR en La Ceja\",\"Concepci\u00f3n\",\"desempe\u00f1o fiscal Rionegro\",\"El Santuario\",\"Eleuterio Mart\u00ednez\",\"Jos\u00e9 Obdulio Gaviria en La Ceja\",\"pol\u00ectica Oriente antioque\u00f1o\",\"Santiago Valencia\",\"se rumora\",\"Yeison Miranda\"],\"articleSection\":[\"Se Rumora\"],\"inLanguage\":\"es\"},{\"@type\":\"WebPage\",\"@id\":\"https:\/\/www.conmarcapropia.com\/portal\/se-rumora-n395-semana-del-29-de-junio-al-06-de-julio-de-2021\/\",\"url\":\"https:\/\/www.conmarcapropia.com\/portal\/se-rumora-n395-semana-del-29-de-junio-al-06-de-julio-de-2021\/\",\"name\":\"Se Rumora N\u00b0395 (semana del 29 de Junio al 06 de julio de 2021) - ConMarcaPropia\",\"isPartOf\":{\"@id\":\"https:\/\/www.conmarcapropia.com\/portal\/#website\"},\"datePublished\":\"2021-07-06T16:12:32+00:00\",\"dateModified\":\"2021-07-06T16:12:32+00:00\",\"breadcrumb\":{\"@id\":\"https:\/\/www.conmarcapropia.com\/portal\/se-rumora-n395-semana-del-29-de-junio-al-06-de-julio-de-2021\/#breadcrumb\"},\"inLanguage\":\"es\",\"potentialAction\":[{\"@type\":\"ReadAction\",\"target\":[\"https:\/\/www.conmarcapropia.com\/portal\/se-rumora-n395-semana-del-29-de-junio-al-06-de-julio-de-2021\/\"]}]},{\"@type\":\"BreadcrumbList\",\"@id\":\"https:\/\/www.conmarcapropia.com\/portal\/se-rumora-n395-semana-del-29-de-junio-al-06-de-julio-de-2021\/#breadcrumb\",\"itemListElement\":[{\"@type\":\"ListItem\",\"position\":1,\"name\":\"Portada\",\"item\":\"https:\/\/www.conmarcapropia.com\/portal\/\"},{\"@type\":\"ListItem\",\"position\":2,\"name\":\"Se Rumora N\u00b0395 (semana del 29 de Junio al 06 de julio de 2021)\"}]},{\"@type\":\"WebSite\",\"@id\":\"https:\/\/www.conmarcapropia.com\/portal\/#website\",\"url\":\"https:\/\/www.conmarcapropia.com\/portal\/\",\"name\":\"ConMarcaPropia\",\"description\":\"cmp@conmarcapropia.com\",\"publisher\":{\"@id\":\"https:\/\/www.conmarcapropia.com\/portal\/#organization\"},\"potentialAction\":[{\"@type\":\"SearchAction\",\"target\":{\"@type\":\"EntryPoint\",\"urlTemplate\":\"https:\/\/www.conmarcapropia.com\/portal\/?s={search_term_string}\"},\"query-input\":\"required name=search_term_string\"}],\"inLanguage\":\"es\"},{\"@type\":\"Organization\",\"@id\":\"https:\/\/www.conmarcapropia.com\/portal\/#organization\",\"name\":\"ConMarcaPropia\",\"url\":\"https:\/\/www.conmarcapropia.com\/portal\/\",\"logo\":{\"@type\":\"ImageObject\",\"inLanguage\":\"es\",\"@id\":\"https:\/\/www.conmarcapropia.com\/portal\/#\/schema\/logo\/image\/\",\"url\":\"https:\/\/i0.wp.com\/www.conmarcapropia.com\/portal\/wp-content\/uploads\/2022\/08\/cropped-CONAMR.png?fit=500%2C100&ssl=1\",\"contentUrl\":\"https:\/\/i0.wp.com\/www.conmarcapropia.com\/portal\/wp-content\/uploads\/2022\/08\/cropped-CONAMR.png?fit=500%2C100&ssl=1\",\"width\":500,\"height\":100,\"caption\":\"ConMarcaPropia\"},\"image\":{\"@id\":\"https:\/\/www.conmarcapropia.com\/portal\/#\/schema\/logo\/image\/\"},\"sameAs\":[\"https:\/\/www.facebook.com\/ConMarcaPropiaCom\",\"https:\/\/twitter.com\/Conmarcap\",\"https:\/\/www.youtube.com\/user\/ConMarcaPropia\"]},{\"@type\":\"Person\",\"@id\":\"https:\/\/www.conmarcapropia.com\/portal\/#\/schema\/person\/99e32c7be3e9590e5f01c02fe4bd4148\",\"name\":\"Editor\",\"image\":{\"@type\":\"ImageObject\",\"inLanguage\":\"es\",\"@id\":\"https:\/\/www.conmarcapropia.com\/portal\/#\/schema\/person\/image\/\",\"url\":\"https:\/\/secure.gravatar.com\/avatar\/444d08604116fee1399108703e7d90e7?s=96&d=mm&r=g\",\"contentUrl\":\"https:\/\/secure.gravatar.com\/avatar\/444d08604116fee1399108703e7d90e7?s=96&d=mm&r=g\",\"caption\":\"Editor\"},\"url\":\"https:\/\/www.conmarcapropia.com\/portal\/author\/carlosp\/\"}]}<\/script>\n<!-- \/ Yoast SEO plugin. -->","yoast_head_json":{"title":"Se Rumora N\u00b0395 (semana del 29 de Junio al 06 de julio de 2021) - ConMarcaPropia","robots":{"index":"index","follow":"follow","max-snippet":"max-snippet:-1","max-image-preview":"max-image-preview:large","max-video-preview":"max-video-preview:-1"},"canonical":"https:\/\/www.conmarcapropia.com\/portal\/se-rumora-n395-semana-del-29-de-junio-al-06-de-julio-de-2021\/","og_locale":"es_ES","og_type":"article","og_title":"Se Rumora N\u00b0395 (semana del 29 de Junio al 06 de julio de 2021) - ConMarcaPropia","og_description":"3 municipios orientales en el selecto club de DNP Al club del buen manejo de las finanzas p\u00fablicas que a\u00f1o tras a\u00f1o depura el Departamento Nacional de Planeaci\u00f3n de acuerdo con la Ley 617, entran nuevos entes territoriales y salen hist\u00f3ricos en este menester. El 2020 fue un a\u00f1o de innumerables complejidades conocidas de sobra [&hellip;]","og_url":"https:\/\/www.conmarcapropia.com\/portal\/se-rumora-n395-semana-del-29-de-junio-al-06-de-julio-de-2021\/","og_site_name":"ConMarcaPropia","article_publisher":"https:\/\/www.facebook.com\/ConMarcaPropiaCom","article_published_time":"2021-07-06T16:12:32+00:00","og_image":[{"url":"http:\/\/www.conmarcapropia.com\/portal\/wp-content\/uploads\/2021\/07\/Tabla-DNP-400x248.jpg"}],"author":"Editor","twitter_misc":{"Escrito por":"Editor","Tiempo de lectura":"5 minutos"},"schema":{"@context":"https:\/\/schema.org","@graph":[{"@type":"Article","@id":"https:\/\/www.conmarcapropia.com\/portal\/se-rumora-n395-semana-del-29-de-junio-al-06-de-julio-de-2021\/#article","isPartOf":{"@id":"https:\/\/www.conmarcapropia.com\/portal\/se-rumora-n395-semana-del-29-de-junio-al-06-de-julio-de-2021\/"},"author":{"name":"Editor","@id":"https:\/\/www.conmarcapropia.com\/portal\/#\/schema\/person\/99e32c7be3e9590e5f01c02fe4bd4148"},"headline":"Se Rumora N\u00b0395 (semana del 29 de Junio al 06 de julio de 2021)","datePublished":"2021-07-06T16:12:32+00:00","dateModified":"2021-07-06T16:12:32+00:00","mainEntityOfPage":{"@id":"https:\/\/www.conmarcapropia.com\/portal\/se-rumora-n395-semana-del-29-de-junio-al-06-de-julio-de-2021\/"},"wordCount":1054,"publisher":{"@id":"https:\/\/www.conmarcapropia.com\/portal\/#organization"},"keywords":["ADR en La Ceja","Concepci\u00f3n","desempe\u00f1o fiscal Rionegro","El Santuario","Eleuterio Mart\u00ednez","Jos\u00e9 Obdulio Gaviria en La Ceja","pol\u00ectica Oriente antioque\u00f1o","Santiago Valencia","se rumora","Yeison Miranda"],"articleSection":["Se Rumora"],"inLanguage":"es"},{"@type":"WebPage","@id":"https:\/\/www.conmarcapropia.com\/portal\/se-rumora-n395-semana-del-29-de-junio-al-06-de-julio-de-2021\/","url":"https:\/\/www.conmarcapropia.com\/portal\/se-rumora-n395-semana-del-29-de-junio-al-06-de-julio-de-2021\/","name":"Se Rumora N\u00b0395 (semana del 29 de Junio al 06 de julio de 2021) - ConMarcaPropia","isPartOf":{"@id":"https:\/\/www.conmarcapropia.com\/portal\/#website"},"datePublished":"2021-07-06T16:12:32+00:00","dateModified":"2021-07-06T16:12:32+00:00","breadcrumb":{"@id":"https:\/\/www.conmarcapropia.com\/portal\/se-rumora-n395-semana-del-29-de-junio-al-06-de-julio-de-2021\/#breadcrumb"},"inLanguage":"es","potentialAction":[{"@type":"ReadAction","target":["https:\/\/www.conmarcapropia.com\/portal\/se-rumora-n395-semana-del-29-de-junio-al-06-de-julio-de-2021\/"]}]},{"@type":"BreadcrumbList","@id":"https:\/\/www.conmarcapropia.com\/portal\/se-rumora-n395-semana-del-29-de-junio-al-06-de-julio-de-2021\/#breadcrumb","itemListElement":[{"@type":"ListItem","position":1,"name":"Portada","item":"https:\/\/www.conmarcapropia.com\/portal\/"},{"@type":"ListItem","position":2,"name":"Se Rumora N\u00b0395 (semana del 29 de Junio al 06 de julio de 2021)"}]},{"@type":"WebSite","@id":"https:\/\/www.conmarcapropia.com\/portal\/#website","url":"https:\/\/www.conmarcapropia.com\/portal\/","name":"ConMarcaPropia","description":"cmp@conmarcapropia.com","publisher":{"@id":"https:\/\/www.conmarcapropia.com\/portal\/#organization"},"potentialAction":[{"@type":"SearchAction","target":{"@type":"EntryPoint","urlTemplate":"https:\/\/www.conmarcapropia.com\/portal\/?s={search_term_string}"},"query-input":"required name=search_term_string"}],"inLanguage":"es"},{"@type":"Organization","@id":"https:\/\/www.conmarcapropia.com\/portal\/#organization","name":"ConMarcaPropia","url":"https:\/\/www.conmarcapropia.com\/portal\/","logo":{"@type":"ImageObject","inLanguage":"es","@id":"https:\/\/www.conmarcapropia.com\/portal\/#\/schema\/logo\/image\/","url":"https:\/\/i0.wp.com\/www.conmarcapropia.com\/portal\/wp-content\/uploads\/2022\/08\/cropped-CONAMR.png?fit=500%2C100&ssl=1","contentUrl":"https:\/\/i0.wp.com\/www.conmarcapropia.com\/portal\/wp-content\/uploads\/2022\/08\/cropped-CONAMR.png?fit=500%2C100&ssl=1","width":500,"height":100,"caption":"ConMarcaPropia"},"image":{"@id":"https:\/\/www.conmarcapropia.com\/portal\/#\/schema\/logo\/image\/"},"sameAs":["https:\/\/www.facebook.com\/ConMarcaPropiaCom","https:\/\/twitter.com\/Conmarcap","https:\/\/www.youtube.com\/user\/ConMarcaPropia"]},{"@type":"Person","@id":"https:\/\/www.conmarcapropia.com\/portal\/#\/schema\/person\/99e32c7be3e9590e5f01c02fe4bd4148","name":"Editor","image":{"@type":"ImageObject","inLanguage":"es","@id":"https:\/\/www.conmarcapropia.com\/portal\/#\/schema\/person\/image\/","url":"https:\/\/secure.gravatar.com\/avatar\/444d08604116fee1399108703e7d90e7?s=96&d=mm&r=g","contentUrl":"https:\/\/secure.gravatar.com\/avatar\/444d08604116fee1399108703e7d90e7?s=96&d=mm&r=g","caption":"Editor"},"url":"https:\/\/www.conmarcapropia.com\/portal\/author\/carlosp\/"}]}},"jetpack_featured_media_url":"","jetpack_sharing_enabled":true,"jetpack_shortlink":"https:\/\/wp.me\/p5SOeN-27x","jetpack-related-posts":[{"id":3102,"url":"https:\/\/www.conmarcapropia.com\/portal\/se-rumora-n169-semana-del-30-de-agosto-al-5-de-septiembre\/","url_meta":{"origin":8155,"position":0},"title":"Se Rumora N\u00b0169 (semana del 30 de Agosto al 5 de Septiembre )","date":"5 septiembre, 2016","format":false,"excerpt":"Los ecos de la censura a El Comunero y productores independientes Toda nuestra solidaridad y todo nuestro respaldo al director de El Comunero de Guarne, Tulio Torres y a los productores independientes de la emisora comunitaria, Carlos Ospina y Alfredo Castillo, por la censura y los malos tratos por parte\u2026","rel":"","context":"En \u00abSe Rumora\u00bb","img":{"alt_text":"","src":"https:\/\/i0.wp.com\/www.conmarcapropia.com\/portal\/wp-content\/uploads\/2016\/08\/Portada-El-Comunero-250.jpg?fit=614%2C435&ssl=1&resize=350%2C200","width":350,"height":200},"classes":[]},{"id":14710,"url":"https:\/\/www.conmarcapropia.com\/portal\/se-rumora-n582-17-de-marzo-de-2026\/","url_meta":{"origin":8155,"position":1},"title":"Se Rumora N\u00b0582 17 de Marzo de 2026","date":"17 marzo, 2026","format":false,"excerpt":"Domin\u00f3 Pol\u00edtico 17 de marzo Arrancamos con lo que dej\u00f3 el programa anterior: el recorrido por los 23 municipios. Llovieron cr\u00edticas, reclamos y hasta insultos, pero tambi\u00e9n correcciones bien hechas. Mensaje claro: al que escribe con respeto, se le responde con respeto; al que llega a las patadas\u2026 no hay\u2026","rel":"","context":"En \u00abSe Rumora\u00bb","img":{"alt_text":"","src":"https:\/\/i0.wp.com\/www.conmarcapropia.com\/portal\/wp-content\/uploads\/2026\/02\/Cornare.jpg?fit=900%2C1200&ssl=1&resize=350%2C200","width":350,"height":200},"classes":[]},{"id":2930,"url":"https:\/\/www.conmarcapropia.com\/portal\/se-rumora-n160-semana-del-28-de-junio-al-5-de-julio\/","url_meta":{"origin":8155,"position":2},"title":"Se Rumora N\u00b0160 (semana del 28 de Junio al 5 de Julio )","date":"5 julio, 2016","format":false,"excerpt":"Los 25 a\u00f1os de la Constituci\u00f3n en Rionegro Se celebr\u00f3 ayer lunes 4 de julio, la ceremonia de los 25 a\u00f1os de la constituci\u00f3n de 1991. El escenario escogido fue la casa de la Convenci\u00f3n, llegaron todos los invitados especiales, desde el presidente de la Rep\u00fablica Juan Manuel Santos, el\u2026","rel":"","context":"En \u00abSe Rumora\u00bb","img":{"alt_text":"","src":"https:\/\/i0.wp.com\/www.conmarcapropia.com\/portal\/wp-content\/uploads\/2016\/07\/AniversarioConstitucionPolitica.jpg?fit=1200%2C720&ssl=1&resize=350%2C200","width":350,"height":200},"classes":[]},{"id":11010,"url":"https:\/\/www.conmarcapropia.com\/portal\/se-rumora-n507-semana-del-19-al-23-de-noviembre-de-2023\/","url_meta":{"origin":8155,"position":3},"title":"Se Rumora N\u00b0507 (semana del 19 al 23 de Noviembre de 2023)","date":"23 noviembre, 2023","format":false,"excerpt":"Moci\u00f3n de censura en el concejo de Medell\u00edn En el concejo de Medell\u00edn siguen pasando cosas. El pasado lunes despu\u00e9s de intensas discusiones se procedi\u00f3 a votar moci\u00f3n de censura contra quien fuera secretario privado del exalcalde Daniel Quintero, Juan David Duque por el tema de los gastos del fondo\u2026","rel":"","context":"En \u00abSe Rumora\u00bb","img":{"alt_text":"","src":"https:\/\/i0.wp.com\/www.conmarcapropia.com\/portal\/wp-content\/uploads\/2023\/11\/Portada-Resumen-politico.jpg?fit=675%2C1200&ssl=1&resize=350%2C200","width":350,"height":200},"classes":[]},{"id":3292,"url":"https:\/\/www.conmarcapropia.com\/portal\/se-rumora-n185-semana-del-20-al-27-de-diciembre\/","url_meta":{"origin":8155,"position":4},"title":"Se Rumora N\u00b0185 (semana del 20 al 27 de Diciembre)","date":"27 diciembre, 2016","format":false,"excerpt":"Ya viene el resumen pol\u00edtico de 2016 en nuestra regi\u00f3n Esta semana la alianza informativa entre este portal pol\u00edtico y quienesquien.co empezar\u00e1 a distribuir la revista con la compilaci\u00f3n de los hechos pol\u00edticos m\u00e1s relevantes de este 2016 que termina, adem\u00e1s resaltamos los alcaldes del a\u00f1o, los concejales y los\u2026","rel":"","context":"En \u00abSe Rumora\u00bb","img":{"alt_text":"","src":"https:\/\/i0.wp.com\/www.conmarcapropia.com\/portal\/wp-content\/uploads\/2016\/12\/Portada-resumen.jpg?fit=927%2C1200&ssl=1&resize=350%2C200","width":350,"height":200},"classes":[]},{"id":13228,"url":"https:\/\/www.conmarcapropia.com\/portal\/nelson-carmona-exalcalde-de-la-ceja-con-aspiraciones-regionales\/","url_meta":{"origin":8155,"position":5},"title":"Nelson Carmona, exalcalde de La Ceja, con aspiraciones regionales","date":"5 febrero, 2025","format":false,"excerpt":"Nelson Carmona, exalcalde de La Ceja \u00bfA qu\u00e9 se ha dedicado en este \u00faltimo a\u00f1o despu\u00e9s de haber dejado su mandato? NC:\u00a0\u201cDespu\u00e9s de cuatro a\u00f1os de mucho voltaje, pues anda uno de un lado para el otro, despu\u00e9s de haber tenido la experiencia m\u00e1s linda de servirle con amor a\u2026","rel":"","context":"En \u00abSe Rumora\u00bb","img":{"alt_text":"","src":"https:\/\/i0.wp.com\/www.conmarcapropia.com\/portal\/wp-content\/uploads\/2025\/02\/Nelson-Carmona-1.jpg?fit=1200%2C489&ssl=1&resize=350%2C200","width":350,"height":200},"classes":[]}],"_links":{"self":[{"href":"https:\/\/www.conmarcapropia.com\/portal\/wp-json\/wp\/v2\/posts\/8155"}],"collection":[{"href":"https:\/\/www.conmarcapropia.com\/portal\/wp-json\/wp\/v2\/posts"}],"about":[{"href":"https:\/\/www.conmarcapropia.com\/portal\/wp-json\/wp\/v2\/types\/post"}],"author":[{"embeddable":true,"href":"https:\/\/www.conmarcapropia.com\/portal\/wp-json\/wp\/v2\/users\/11"}],"replies":[{"embeddable":true,"href":"https:\/\/www.conmarcapropia.com\/portal\/wp-json\/wp\/v2\/comments?post=8155"}],"version-history":[{"count":1,"href":"https:\/\/www.conmarcapropia.com\/portal\/wp-json\/wp\/v2\/posts\/8155\/revisions"}],"predecessor-version":[{"id":8162,"href":"https:\/\/www.conmarcapropia.com\/portal\/wp-json\/wp\/v2\/posts\/8155\/revisions\/8162"}],"wp:attachment":[{"href":"https:\/\/www.conmarcapropia.com\/portal\/wp-json\/wp\/v2\/media?parent=8155"}],"wp:term":[{"taxonomy":"category","embeddable":true,"href":"https:\/\/www.conmarcapropia.com\/portal\/wp-json\/wp\/v2\/categories?post=8155"},{"taxonomy":"post_tag","embeddable":true,"href":"https:\/\/www.conmarcapropia.com\/portal\/wp-json\/wp\/v2\/tags?post=8155"}],"curies":[{"name":"wp","href":"https:\/\/api.w.org\/{rel}","templated":true}]}}