{"id":8954,"date":"2022-05-02T12:41:37","date_gmt":"2022-05-02T17:41:37","guid":{"rendered":"http:\/\/www.conmarcapropia.com\/portal\/?p=8954"},"modified":"2022-05-02T12:41:37","modified_gmt":"2022-05-02T17:41:37","slug":"se-rumora-n433-semana-del-27-de-abril-al-02-de-mayo-de-2022","status":"publish","type":"post","link":"https:\/\/www.conmarcapropia.com\/portal\/se-rumora-n433-semana-del-27-de-abril-al-02-de-mayo-de-2022\/","title":{"rendered":"Se Rumora N\u00b0433 (semana del 27 de Abril al 02 de Mayo de 2022)"},"content":{"rendered":"<p><strong>La Provincia ABT huele cada vez m\u00e1s a campo<br \/>\n<img loading=\"lazy\" class=\"alignnone size-thumbnail wp-image-8955\" src=\"https:\/\/i0.wp.com\/www.conmarcapropia.com\/portal\/wp-content\/uploads\/2022\/05\/Provincia-Alejandr\u00eda.jpg?resize=300%2C225\" alt=\"\" width=\"300\" height=\"225\" srcset=\"https:\/\/i0.wp.com\/www.conmarcapropia.com\/portal\/wp-content\/uploads\/2022\/05\/Provincia-Alejandr\u00eda.jpg?resize=300%2C225&amp;ssl=1 300w, https:\/\/i0.wp.com\/www.conmarcapropia.com\/portal\/wp-content\/uploads\/2022\/05\/Provincia-Alejandr\u00eda.jpg?resize=400%2C300&amp;ssl=1 400w, https:\/\/i0.wp.com\/www.conmarcapropia.com\/portal\/wp-content\/uploads\/2022\/05\/Provincia-Alejandr\u00eda.jpg?resize=768%2C576&amp;ssl=1 768w, https:\/\/i0.wp.com\/www.conmarcapropia.com\/portal\/wp-content\/uploads\/2022\/05\/Provincia-Alejandr\u00eda.jpg?resize=1024%2C768&amp;ssl=1 1024w, https:\/\/i0.wp.com\/www.conmarcapropia.com\/portal\/wp-content\/uploads\/2022\/05\/Provincia-Alejandr\u00eda.jpg?w=1280 1280w, https:\/\/i0.wp.com\/www.conmarcapropia.com\/portal\/wp-content\/uploads\/2022\/05\/Provincia-Alejandr\u00eda.jpg?w=1920 1920w\" sizes=\"(max-width: 300px) 100vw, 300px\" data-recalc-dims=\"1\" \/><br \/>\n<\/strong><\/p>\n<p style=\"text-align: justify;\">La Provincia del Agua, Bosques y el Turismo, ABT, sigue comprometida con el fortalecimiento del sector productivo agropecuario de la regi\u00f3n, sobre todo con ese Oriente profundo, a veces olvidado, como ha sido la consigna de su director Yeison Valderrama.\u00a0El pasado s\u00e1bado estuvimos con \u00e9l, mejor dicho, nos le pegamos al recorrido que hizo por la zona de embalses, espec\u00edficamente en Alejandr\u00eda y Concepci\u00f3n.<\/p>\n<p><!--more--><\/p>\n<p><img src=\"https:\/\/i1.wp.com\/www.conmarcapropia.com\/portal\/wp-content\/uploads\/2022\/03\/14AC2A05-4FC2-4BA7-8D2C-6D7F70C582A3.jpeg?resize=233%2C300\" \/><\/p>\n<p style=\"text-align: justify;\">En la Perla del Nare, hermoso municipio arropado por aguas refrescantes que invitan al descanso y el sosiego, fuimos testigos del monumental esfuerzo de la Provincia por cumplir con el proyecto que formul\u00f3 en 2020 y que con recursos de regal\u00edas beneficia a los productores afectados por la emergencia econ\u00f3mica por ese terrible Covid-19 del que por fortuna estamos sacando la cabeza.<\/p>\n<p style=\"text-align: justify;\">Y a prop\u00f3sito, les recordamos que este proyecto de regal\u00edas por m\u00e1s de 7 mil millones de pesos, beneficia a 800 familias de peque\u00f1os productores de 10 municipios de la regi\u00f3n, del \u00e1rea de influencia de la Provincia: Alejandr\u00eda, Cocorn\u00e1, Concepci\u00f3n, El Pe\u00f1ol, Granada, Marinilla, San Carlos, San Francisco, San Luis y San Rafael, esta iniciativa aprobada por la OCAD regional del Eje Cafetero, pretende recuperar la capacidad de producci\u00f3n de las familias campesinas afectadas por la pandemia, pero la pandemia del campo ya lleva muchos a\u00f1os y pensar que un candidato a la Presidencia, el de las mismas maneras y las mismas gre\u00f1as, quiere coger la plata de las Regal\u00edas para el presupuesto nacional, porque plata es plata.<\/p>\n<p style=\"text-align: justify;\">En Alejandr\u00eda vimos al director de la oficina Agroambiental, H\u00e9ctor Restrepo, muy apersonado del proceso, acompa\u00f1ado de la secretaria de gobierno, Miriam Delgado, dos alfiles de la actual administraci\u00f3n que est\u00e1n en el sonajero para suceder a Sor Mar\u00eda Ocampo, la monja que cre\u00eda la despistada Vicepresidente, Marta Luc\u00eda Ram\u00edrez, que manejaba los destinos de la Perla del Nare. Bueno, continuando con este proceso de entrega de insumos del proyecto de regal\u00edas, destacamos la participaci\u00f3n de los campesinos, el compromiso de la Administraci\u00f3n Municipal y la gesti\u00f3n de la Provincia. En total se entregaron para 52 familias productoras de caf\u00e9, 23 de ca\u00f1a y 5 de pl\u00e1tano, una guada\u00f1a, 11 bultos de producci\u00f3n, 3 bultos de superproducci\u00f3n, 9 bultos de cal, esto por familia productora. Se espera que se eleven significativamente los rendimientos de producci\u00f3n agropecuaria, en el caso del caf\u00e9, en estos tiempos tan aciagos de d\u00e9ficit de fertilizantes por su elevado precio, la expectativa es que por cada bulto de producci\u00f3n se puedan fertilizar 500 palos de caf\u00e9, cada uno podr\u00e1 abonar 7 mil \u00e1rboles de caf\u00e9, para un total de 60 gramos de caf\u00e9 pergamino por cada \u00e1rbol, es decir, que Alejandr\u00eda fortalecer\u00e1 su producci\u00f3n cafetera.<br \/>\n<img loading=\"lazy\" class=\"alignnone size-thumbnail wp-image-8956\" src=\"https:\/\/i0.wp.com\/www.conmarcapropia.com\/portal\/wp-content\/uploads\/2022\/05\/Regal\u00edas-Concepci\u00f3n.jpg?resize=300%2C225\" alt=\"\" width=\"300\" height=\"225\" srcset=\"https:\/\/i0.wp.com\/www.conmarcapropia.com\/portal\/wp-content\/uploads\/2022\/05\/Regal\u00edas-Concepci\u00f3n.jpg?resize=300%2C225&amp;ssl=1 300w, https:\/\/i0.wp.com\/www.conmarcapropia.com\/portal\/wp-content\/uploads\/2022\/05\/Regal\u00edas-Concepci\u00f3n.jpg?resize=400%2C300&amp;ssl=1 400w, https:\/\/i0.wp.com\/www.conmarcapropia.com\/portal\/wp-content\/uploads\/2022\/05\/Regal\u00edas-Concepci\u00f3n.jpg?resize=768%2C576&amp;ssl=1 768w, https:\/\/i0.wp.com\/www.conmarcapropia.com\/portal\/wp-content\/uploads\/2022\/05\/Regal\u00edas-Concepci\u00f3n.jpg?resize=1024%2C768&amp;ssl=1 1024w, https:\/\/i0.wp.com\/www.conmarcapropia.com\/portal\/wp-content\/uploads\/2022\/05\/Regal\u00edas-Concepci\u00f3n.jpg?w=1600&amp;ssl=1 1600w, https:\/\/i0.wp.com\/www.conmarcapropia.com\/portal\/wp-content\/uploads\/2022\/05\/Regal\u00edas-Concepci\u00f3n.jpg?w=1280 1280w\" sizes=\"(max-width: 300px) 100vw, 300px\" data-recalc-dims=\"1\" \/><br \/>\nDespu\u00e9s de esta entrega tan significativa continuamos con nuestro recorrido hacia Concepeci\u00f3n, all\u00ed en la Concha, coqueto municipio de calles empedradas y de paisajes de postal, estaba el alcalde Gustavo L\u00f3pez, acompa\u00f1ado de la siempre diligente directora agroambiental, Marta Ceballos, la Provincia ABT, tambi\u00e9n hizo lo propio para la producci\u00f3n de papa y fr\u00edjol, los peque\u00f1os productores felices cargando sus bultos de fertilizantes y as\u00ed llevarlos a sus parcelas para elevar sus niveles de producci\u00f3n y mejorar su calidad de vida.<\/p>\n<hr \/>\n<p><strong>Yeison Valderrama y el rumor de su aspiraci\u00f3n en El Pe\u00f1ol<br \/>\n<img loading=\"lazy\" class=\"alignnone size-thumbnail wp-image-8957\" src=\"https:\/\/i0.wp.com\/www.conmarcapropia.com\/portal\/wp-content\/uploads\/2022\/05\/Yeison-Valderrama.jpg?resize=225%2C300\" alt=\"\" width=\"225\" height=\"300\" srcset=\"https:\/\/i0.wp.com\/www.conmarcapropia.com\/portal\/wp-content\/uploads\/2022\/05\/Yeison-Valderrama.jpg?resize=225%2C300&amp;ssl=1 225w, https:\/\/i0.wp.com\/www.conmarcapropia.com\/portal\/wp-content\/uploads\/2022\/05\/Yeison-Valderrama.jpg?resize=300%2C400&amp;ssl=1 300w, https:\/\/i0.wp.com\/www.conmarcapropia.com\/portal\/wp-content\/uploads\/2022\/05\/Yeison-Valderrama.jpg?resize=768%2C1024&amp;ssl=1 768w, https:\/\/i0.wp.com\/www.conmarcapropia.com\/portal\/wp-content\/uploads\/2022\/05\/Yeison-Valderrama.jpg?w=1200&amp;ssl=1 1200w\" sizes=\"(max-width: 225px) 100vw, 225px\" data-recalc-dims=\"1\" \/><br \/>\n<\/strong><\/p>\n<p style=\"text-align: justify;\">Y el protagonista de este proyecto, a quien se le ocurri\u00f3 y lo formul\u00f3 con su equipo de asesores de primer nivel por all\u00e1 en 2020, en ese a\u00f1o del que ni quisi\u00e9ramos acordarnos, es el abogado Yeison Valderrama, quien lleg\u00f3 en el albor del fat\u00eddico 2020, hoy lo vemos muy feliz entregando en cada uno de los municipios los insumos para elevar los \u00edndices de producci\u00f3n de esos peque\u00f1os productores golpeados con contundencia por la pandemia y as\u00ed incidir sustancialmente en la calidad de vida de esas familias con peque\u00f1as parcelas, de ese Oriente profundo, de esta regi\u00f3n vigorosa que hoy huele a campo. Valderrama, quien fuera concejal de El Pe\u00f1ol, director de Maser y ahora director de la Provincia ABT, hoy siente que enriquecido su bagaje profesional y acad\u00e9mico, que est\u00e1 m\u00e1s preparado para aportar desde otro escenario de participaci\u00f3n democr\u00e1tica. Nosotros, curiosos por antonomasia, detr\u00e1s de una taza de caf\u00e9 negro, lo arrinconamos y le preguntamos por un rumor que salta m\u00e1s que Caterine Ibarg\u00fcen- hoy quemada en la pol\u00edtica electoral- que si era verdad que su campa\u00f1a a la alcald\u00eda de su pueblo natal, El Pe\u00f1ol estaba tomando m\u00e1s fuerza, lo que supondr\u00eda una renuncia en junio pr\u00f3ximo, un a\u00f1o antes de la inscripci\u00f3n para los comicios territoriales y as\u00ed curarse en salud, o renunciar en octubre, al l\u00edmite, el hombre solo esboz\u00f3 una sonrisa y nos dijo que todo hombre p\u00fablico sue\u00f1a con la pol\u00edtica electoral y \u00e9l viene de ah\u00ed, despu\u00e9s de pasar por una banda de rock pesado, se ech\u00f3 al concejo en 2011 en tiempos de Fredy Ocampo como alcalde. No nos confirm\u00f3 nada, pero si nos dijo que estaba redoblando esfuerzos para cerrar de la mejor manera los proyectos que vienen en marcha como M\u00e1s Campo m\u00e1s sostenible y el de regal\u00edas, y nos cont\u00f3 con suma satisfacci\u00f3n que en estos dos a\u00f1os de gesti\u00f3n ha dejado m\u00e1s de 15 mil millones de pesos para el fortalecimiento del campo de los municipios marca Provincia ABT. Pues saquen ustedes las conclusiones, nosotros no fuimos capaces de que nos dijera si s\u00ed o no.<\/p>\n<p style=\"text-align: justify;\">En El Pe\u00f1ol, se ven en el panorama las candidaturas de la muy aguerrida y querida concejal liberal, Sandra Duque, presidente de Acora, quien ha estado trabajando con ah\u00ednco y eficiencia por sus comunidades. Dentro de la administraci\u00f3n pintan las candidaturas del director de la oficina de desarrollo social, Alex Giraldo \u201cComanche\u201d, quien aspir\u00f3 en los pasados comicios por el Centro Democr\u00e1tico, hoy est\u00e1 en otras filas menos castigadas reputacionalmente, \u00d3scar Gonz\u00e1lez \u201cGolosina\u201d, el m\u00e9dico trovador que hoy gerencia el hospital local y dicen que de reojo podr\u00eda aspirar el exalcalde, Fredy Ocampo, del mismo grupo pol\u00edtico de la actual alcaldesa, Sorany Mar\u00edn. Y en remojo tambi\u00e9n est\u00e1 la candidatura del muy querido locutor de la emisora, Eugenio Salazar, quien es muy taquillero en el medio de comunicaci\u00f3n con su programa \u201cEl vendedor\u201d, al hombre le va muy bien ah\u00ed y a la emisora ni se diga, \u00e9l tiene mucho arraigo popular, pero algunos personajes nos dicen que si Eugenio se va para el proceso electoral, la emisora se viene abajo. A\u00fan siguen vigentes varios nombres que consignamos en nuestro resumen pol\u00edtico 2021 y en el impreso \u201clos que suenan\u201d.<\/p>\n<hr \/>\n<p><strong>A ponerle ojo y exigir por la v\u00eda San Vicente-la Concha-Alejandr\u00eda<br \/>\n<img loading=\"lazy\" class=\"alignnone size-thumbnail wp-image-8958\" src=\"https:\/\/i0.wp.com\/www.conmarcapropia.com\/portal\/wp-content\/uploads\/2022\/05\/Mal-estado-v\u00eda-a-Concepci\u00f3n-Alejandr\u00eda.jpg?resize=225%2C300\" alt=\"\" width=\"225\" height=\"300\" srcset=\"https:\/\/i0.wp.com\/www.conmarcapropia.com\/portal\/wp-content\/uploads\/2022\/05\/Mal-estado-v\u00eda-a-Concepci\u00f3n-Alejandr\u00eda.jpg?resize=225%2C300&amp;ssl=1 225w, https:\/\/i0.wp.com\/www.conmarcapropia.com\/portal\/wp-content\/uploads\/2022\/05\/Mal-estado-v\u00eda-a-Concepci\u00f3n-Alejandr\u00eda.jpg?resize=300%2C400&amp;ssl=1 300w, https:\/\/i0.wp.com\/www.conmarcapropia.com\/portal\/wp-content\/uploads\/2022\/05\/Mal-estado-v\u00eda-a-Concepci\u00f3n-Alejandr\u00eda.jpg?resize=768%2C1024&amp;ssl=1 768w, https:\/\/i0.wp.com\/www.conmarcapropia.com\/portal\/wp-content\/uploads\/2022\/05\/Mal-estado-v\u00eda-a-Concepci\u00f3n-Alejandr\u00eda.jpg?w=1280 1280w, https:\/\/i0.wp.com\/www.conmarcapropia.com\/portal\/wp-content\/uploads\/2022\/05\/Mal-estado-v\u00eda-a-Concepci\u00f3n-Alejandr\u00eda.jpg?w=1920 1920w\" sizes=\"(max-width: 225px) 100vw, 225px\" data-recalc-dims=\"1\" \/><br \/>\n<\/strong><\/p>\n<p style=\"text-align: justify;\">Como les cont\u00e1bamos, estuvimos en San Vicente, Concepci\u00f3n y Alejandr\u00eda, municipios activados por el turismo, aprovechando la pavimentaci\u00f3n de la v\u00eda desde San Vicente, aunque cada vez est\u00e9 m\u00e1s deteriorada y si no se apuran los administradores de Alejandr\u00eda, Concepci\u00f3n y San Vicente para exigirle a la Gobernaci\u00f3n de Antioquia y a los contratistas, van a dejar vencer las p\u00f3lizas, los contratistas se van y los dejan varados, porque ese resurgimiento tur\u00edstico se debe en un porcentaje muy elevado, a la v\u00eda de acceso pavimentada a sus cascos urbanos, as\u00ed que corran con esa tarea y p\u00f3nganse al frente de la tarea. Que nosotros sepamos a esa v\u00eda, que empez\u00f3 en la administraci\u00f3n departamental de Luis P\u00e9rez, no le han cortado la cinta, est\u00e1n a tiempo, pero los cr\u00e1teres no dan espera. Si no se ponen las botas, quedar\u00e1 ese corredor para la trocha y los deportes extremos, en Concepci\u00f3n, hay un importante corredor cerrado por adecuaci\u00f3n de la v\u00eda, para pasar a Alejandr\u00eda hay que pasar por el casco urbano de la Concha, deben se\u00f1alizar mejor ese pedazo de la v\u00eda para que los visitantes que van hasta \u201cla Perla del Nare\u201d no se tengan que devolver.<\/p>\n<hr \/>\n<p><strong>De Alejandr\u00eda y su actualidad pol\u00edtica<br \/>\n<img loading=\"lazy\" class=\"alignnone size-thumbnail wp-image-6445\" src=\"https:\/\/i0.wp.com\/www.conmarcapropia.com\/portal\/wp-content\/uploads\/2019\/08\/Uber-Aguilar.jpg?resize=300%2C300\" alt=\"\" width=\"300\" height=\"300\" srcset=\"https:\/\/i0.wp.com\/www.conmarcapropia.com\/portal\/wp-content\/uploads\/2019\/08\/Uber-Aguilar.jpg?resize=300%2C300&amp;ssl=1 300w, https:\/\/i0.wp.com\/www.conmarcapropia.com\/portal\/wp-content\/uploads\/2019\/08\/Uber-Aguilar.jpg?resize=400%2C400&amp;ssl=1 400w, https:\/\/i0.wp.com\/www.conmarcapropia.com\/portal\/wp-content\/uploads\/2019\/08\/Uber-Aguilar.jpg?resize=150%2C150&amp;ssl=1 150w, https:\/\/i0.wp.com\/www.conmarcapropia.com\/portal\/wp-content\/uploads\/2019\/08\/Uber-Aguilar.jpg?w=716&amp;ssl=1 716w\" sizes=\"(max-width: 300px) 100vw, 300px\" data-recalc-dims=\"1\" \/><br \/>\n<em>Uber Aguilar<\/em><\/strong><\/p>\n<p style=\"text-align: justify;\">Ahora si met\u00e1monos a la minucia pol\u00edtica. Arranquemos con Alejandr\u00eda. En el Kiosko principal del inmenso parque de este municipio, reformado en 2019 y en 2020 ya estaba deteriorado, nos sentamos con el exalcalde Uber Aguilar, quien est\u00e1 en el sonajero para el primer cargo municipal, como les hemos contado en nuestros impresos anuales.<\/p>\n<p style=\"text-align: justify;\">El hombre est\u00e1 contento porque sin el lapicero fueron la segunda fuerza electoral en los pasados comicios legislativos en el municipio con la f\u00f3rmula Carlos Andr\u00e9s Trujillo y Daniel Restrepo, adem\u00e1s, Aguilar fue el coordinador de la campa\u00f1a de Trujillo en el Oriente, eso le dio mucha visibilidad. El nombre del exalcalde es uno de los fuertes en el sonajero, en la medida que la inexperiencia p\u00fablica de la actual alcaldesa Sor Mar\u00eda Ocampo se haga m\u00e1s creciente, pues al exalcalde lo ven como un hombre preparado y conocedor de la gesti\u00f3n p\u00fablica. Aunque en los pasados comicios el trujillismo fue la primera fuerza electoral en las legislativas con m\u00e1s de 600 votos para Trujillo y casi 1000 para Orfa Nelly Henao, hoy disminuyeron esa votaci\u00f3n, pero mucho tuvo que ver la participaci\u00f3n de la exalcaldesa, exdiputada y hoy gerente del adulto mayor de Antioquia en el proceso para que esas cifras se dispararan hace 4 a\u00f1os.<br \/>\n<img loading=\"lazy\" class=\"alignnone size-thumbnail wp-image-8959\" src=\"https:\/\/i0.wp.com\/www.conmarcapropia.com\/portal\/wp-content\/uploads\/2022\/05\/H\u00e9ctor-Restrepo.jpg?resize=225%2C300\" alt=\"\" width=\"225\" height=\"300\" srcset=\"https:\/\/i0.wp.com\/www.conmarcapropia.com\/portal\/wp-content\/uploads\/2022\/05\/H\u00e9ctor-Restrepo.jpg?resize=225%2C300&amp;ssl=1 225w, https:\/\/i0.wp.com\/www.conmarcapropia.com\/portal\/wp-content\/uploads\/2022\/05\/H\u00e9ctor-Restrepo.jpg?resize=300%2C400&amp;ssl=1 300w, https:\/\/i0.wp.com\/www.conmarcapropia.com\/portal\/wp-content\/uploads\/2022\/05\/H\u00e9ctor-Restrepo.jpg?resize=768%2C1024&amp;ssl=1 768w, https:\/\/i0.wp.com\/www.conmarcapropia.com\/portal\/wp-content\/uploads\/2022\/05\/H\u00e9ctor-Restrepo.jpg?w=1280 1280w, https:\/\/i0.wp.com\/www.conmarcapropia.com\/portal\/wp-content\/uploads\/2022\/05\/H\u00e9ctor-Restrepo.jpg?w=1920 1920w\" sizes=\"(max-width: 225px) 100vw, 225px\" data-recalc-dims=\"1\" \/><br \/>\n<em><strong>H\u00e9ctor Restrepo<\/strong><\/em><\/p>\n<p style=\"text-align: justify;\">El oficiaismo, no se quedar\u00e1 quieto y cobrar\u00e1n sus votos en las pasadas elecciones al congreso, es la primera fuerza electoral con la dupla Esteban Quintero-Yulieth S\u00e1nchez, esto con el apoyo de la casa Mart\u00ednez de Guatap\u00e9. En la l\u00ednea de partida est\u00e1n el director de la oficina agroambiental H\u00e9ctor Restrepo, un hombre que ha estado al servicio del campo de su municipio desde hace m\u00e1s de 20 a\u00f1os y que est\u00e1 dispuesto a renunciar, nuestras fuentes nos dijeron que incluso la secretaria de gobierno, Miriam Delgado se bajar\u00eda del bus en apoyo a Restrepo que se ir\u00eda en los pr\u00f3ximos d\u00edas. Tambi\u00e9n, por esta l\u00ednea est\u00e1 muy visible el concejal de Cambio Radical, Yonatan Alvarez, al hombre lo est\u00e1n mostrando en muchos eventos y eso no es fortuito. El concejal del deporte, Edwin Mar\u00edn, que lleg\u00f3 por el mismo grupo significativo de ciudadanos de la alcaldesa, \u201cUnidos por Alejandr\u00eda\u201d qued\u00f3 muy aporreado por los resultados de las legislativas, pues se fue con el equipo de Juan Diego G\u00f3mez, apoyando a Nicol\u00e1s Albeiro Echeverry y Felipe Jim\u00e9nez, con apenas 60 votos.<br \/>\n<img loading=\"lazy\" class=\"alignnone size-thumbnail wp-image-8960\" src=\"https:\/\/i0.wp.com\/www.conmarcapropia.com\/portal\/wp-content\/uploads\/2022\/05\/Sergio-Calder\u00f3n.jpg?resize=300%2C300\" alt=\"\" width=\"300\" height=\"300\" srcset=\"https:\/\/i0.wp.com\/www.conmarcapropia.com\/portal\/wp-content\/uploads\/2022\/05\/Sergio-Calder\u00f3n.jpg?resize=300%2C300&amp;ssl=1 300w, https:\/\/i0.wp.com\/www.conmarcapropia.com\/portal\/wp-content\/uploads\/2022\/05\/Sergio-Calder\u00f3n.jpg?resize=400%2C400&amp;ssl=1 400w, https:\/\/i0.wp.com\/www.conmarcapropia.com\/portal\/wp-content\/uploads\/2022\/05\/Sergio-Calder\u00f3n.jpg?resize=768%2C766&amp;ssl=1 768w, https:\/\/i0.wp.com\/www.conmarcapropia.com\/portal\/wp-content\/uploads\/2022\/05\/Sergio-Calder\u00f3n.jpg?resize=150%2C150&amp;ssl=1 150w, https:\/\/i0.wp.com\/www.conmarcapropia.com\/portal\/wp-content\/uploads\/2022\/05\/Sergio-Calder\u00f3n.jpg?w=960&amp;ssl=1 960w\" sizes=\"(max-width: 300px) 100vw, 300px\" data-recalc-dims=\"1\" \/><br \/>\n<em><strong>Sergio Calder\u00f3n<\/strong><\/em><\/p>\n<p>Y ojo con la fuerza que ser\u00e1 decisiva y desequilibrar\u00e1 la balanza en las territoriales del pr\u00f3ximo a\u00f1o, se trata de los Verdes y alternativos, que en el pasado 13 de marzo lograron m\u00e1s de 180 votos para sus candidatos de la Alianza Verde. Ah\u00ed hemos visto muy activo al soci\u00f3logo Sergio Calder\u00f3n con su colectivo juvenil \u201cUtop\u00eda\u201d y su trabajo por las v\u00edctimas y tienen hasta un cupo en el escenario departamental. Ah\u00ed hay proyecci\u00f3n, incluso para una candidatura propia. Este sector est\u00e1 avanzado en di\u00e1logos con otras fuerzas pol\u00edticas que cohabitan este hermoso territorio.<\/p>\n<p>Y ya como colof\u00f3n de este periplo de averiguaci\u00f3n pol\u00edtico electoral, pues nos quedan los nombres de Efra\u00edn Mira y Duv\u00e1n M\u00e1rquez, que en un principio podr\u00edan establecer una uni\u00f3n para sacar un solo candidato.<\/p>\n<hr \/>\n<p><strong>El p\u00e1lpito pol\u00edtico de La Concha<br \/>\n<img loading=\"lazy\" class=\"alignnone size-thumbnail wp-image-8961\" src=\"https:\/\/i0.wp.com\/www.conmarcapropia.com\/portal\/wp-content\/uploads\/2022\/05\/Marta-Ceballos.jpg?resize=161%2C300\" alt=\"\" width=\"161\" height=\"300\" srcset=\"https:\/\/i0.wp.com\/www.conmarcapropia.com\/portal\/wp-content\/uploads\/2022\/05\/Marta-Ceballos.jpg?resize=161%2C300&amp;ssl=1 161w, https:\/\/i0.wp.com\/www.conmarcapropia.com\/portal\/wp-content\/uploads\/2022\/05\/Marta-Ceballos.jpg?resize=215%2C400&amp;ssl=1 215w, https:\/\/i0.wp.com\/www.conmarcapropia.com\/portal\/wp-content\/uploads\/2022\/05\/Marta-Ceballos.jpg?w=550&amp;ssl=1 550w\" sizes=\"(max-width: 161px) 100vw, 161px\" data-recalc-dims=\"1\" \/><br \/>\n<em>Marta Ceballos<\/em><\/strong><\/p>\n<p style=\"text-align: justify;\">En la Concha, tambi\u00e9n tuvimos oportunidad de palpar la realidad pol\u00edtica de cara a las elecciones territoriales de 2023. Abordamos a la muy diligente y solicitada directora agroambiental de la localidad, Marta Sep\u00falveda, de quien dicen que si se lanza barre, pero ella siempre responde que no, que ese no es su inter\u00e9s.<\/p>\n<p style=\"text-align: justify;\">Ya est\u00e1 en el ruedo, buscando aval por el conservatismo, el exsecretario de gobierno, Andr\u00e9s Ceballos, quien sali\u00f3 despu\u00e9s del 13 de marzo de la actual administraci\u00f3n. En Guatap\u00e9, est\u00e1 el locutor Alex Monsalve, quien tambi\u00e9n tiene el radar puesto en esta aspiraci\u00f3n, pero por ah\u00ed dicen que se bajar\u00eda para apoyar a Ceballos. El concejal por el estatuto de la oposici\u00f3n, Elkin Vergara, est\u00e1 definiendo si sale por el liberalismo o cu\u00e1l ser\u00e1 su camino, porque a hoy, es uno de los m\u00e1s fortalecidos.<\/p>\n<p style=\"text-align: justify;\">Mientras tanto, por los lados del oficialismo, a\u00fan est\u00e1 por definirse el chacho, en el sonajero estar\u00eda el concejal del Centro Democr\u00e1tico, Jhon Elver L\u00f3pez Orrego, primo del alcalde.<\/p>\n<hr \/>\n<p><strong>J\u00f3venes y preparados en carrera por la alcald\u00eda de El Santuario<br \/>\n<img loading=\"lazy\" class=\"\" src=\"https:\/\/i2.wp.com\/www.quienesquien.co\/wp-content\/uploads\/2022\/04\/photo5145725654082366202.jpg?resize=500%2C529\" width=\"282\" height=\"298\" \/><br \/>\n<img loading=\"lazy\" class=\"\" src=\"https:\/\/i2.wp.com\/www.quienesquien.co\/wp-content\/uploads\/2022\/04\/photo5145725654082366203.jpg?resize=501%2C441\" width=\"246\" height=\"216\" \/><br \/>\n<img loading=\"lazy\" class=\"\" src=\"https:\/\/i1.wp.com\/www.quienesquien.co\/wp-content\/uploads\/2022\/04\/photo5145725654082366205.jpg?resize=500%2C494\" width=\"259\" height=\"256\" \/><br \/>\n<\/strong><\/p>\n<p style=\"text-align: justify;\">Revuelo caus\u00f3 en El Santuario la publicaci\u00f3n de nuestro portal aliado <a href=\"http:\/\/www.quienesquien.co\">www.quienesquien.co<\/a> sobre los nuevos nombres que se integrar\u00edan al sonajero a la alcald\u00eda de esta localidad. Revela el medio digital que el concejal Verde, Heiber Aristiz\u00e1bal, el concejal de la U, Jhon Felipe Zuluaga, el actual secretario de cultura, Cristian Montes y el abogado y asesor jur\u00eddico del municipio, Jos\u00e9 David Ram\u00edrez son los nuevos nombres que toman fuerza en el escenario local de cara a las territoriales de 2023.<\/p>\n<p style=\"text-align: justify;\">Esto deja dos conclusiones muy certeras: que el alcalde actual, Juan David Zuluaga, deja un list\u00f3n de gesti\u00f3n muy alto dada la capacidad acad\u00e9mica que anima a m\u00e1s personas cualificadas a aspirar y que los j\u00f3venes ser\u00e1n los protagonistas del desarrollo de El Santuario. Es decir, el pr\u00f3ximo alcalde ser\u00e1 un joven con una alta preparaci\u00f3n acad\u00e9mica, esto, a juzgar por las candidaturas emergentes. Bueno, en pol\u00edtica electoral nada se da por descontado. Heiber es polit\u00f3logo de Eafit, Jhon Felipe es abogado especialista en familia, Cristian es comunicador con Maestr\u00eda.<br \/>\n<img loading=\"lazy\" class=\"\" src=\"https:\/\/i2.wp.com\/www.quienesquien.co\/wp-content\/uploads\/2022\/04\/photo5145725654082366204.jpg?resize=500%2C493\" width=\"234\" height=\"231\" \/><\/p>\n<p style=\"text-align: justify;\">Por los lados del oficialismo hay un nombre que cada d\u00eda est\u00e1 <em>in crescendo <\/em>y es el del abogado Ram\u00edrez, un profesional cualificado en materia de contrataci\u00f3n p\u00fablica, se ha echado al hombro procesos muy complejos y exitosos de la actual administraci\u00f3n como el del Plan B\u00e1sico de Ordenamiento Territorial, recientemente aprobado despu\u00e9s de un juicioso y riguroso ejercicio de conciliaci\u00f3n con la institucionalidad, los concejales y la comunidad. Desde joven mostr\u00f3 su inter\u00e9s por el relacionamiento pol\u00edtico y fue personero estudiantil, con esfuerzo se hizo profesional y con determinaci\u00f3n sorte\u00f3 la disyuntiva de un reci\u00e9n egresado en El Santuario, o la vida comercial en un gran centro de las grandes ciudades del pa\u00eds o buscar una oportunidad en la universidad, \u00e9l, eligi\u00f3 la segunda y se gradu\u00f3 de abogado y se especializ\u00f3 en contrataci\u00f3n y gesti\u00f3n p\u00fablica. Adem\u00e1s, tiene un plus y es la bendici\u00f3n del exitoso sector mariano, es muy cercano a los congresistas conservadores Mauricio Giraldo y Luis Miguel L\u00f3pez, adem\u00e1s que es miembro de esta agrupaci\u00f3n cat\u00f3lica. Esta es la lectura del m\u00e1s reciente panorama pol\u00edtico de la Ciudad Lev\u00edtica, pero hay m\u00e1s nombres en el sonajero.<\/p>\n<hr \/>\n<p><strong>90 a\u00f1os de la Sociedad de Mejoras P\u00fablicas de El Santuario<br \/>\n<img loading=\"lazy\" class=\"alignnone size-thumbnail wp-image-8962\" src=\"https:\/\/i0.wp.com\/www.conmarcapropia.com\/portal\/wp-content\/uploads\/2022\/05\/Sociedad-de-Mejoras-p\u00fablicas-90-a\u00f1os.jpg?resize=300%2C225\" alt=\"\" width=\"300\" height=\"225\" srcset=\"https:\/\/i0.wp.com\/www.conmarcapropia.com\/portal\/wp-content\/uploads\/2022\/05\/Sociedad-de-Mejoras-p\u00fablicas-90-a\u00f1os.jpg?resize=300%2C225&amp;ssl=1 300w, https:\/\/i0.wp.com\/www.conmarcapropia.com\/portal\/wp-content\/uploads\/2022\/05\/Sociedad-de-Mejoras-p\u00fablicas-90-a\u00f1os.jpg?resize=400%2C300&amp;ssl=1 400w, https:\/\/i0.wp.com\/www.conmarcapropia.com\/portal\/wp-content\/uploads\/2022\/05\/Sociedad-de-Mejoras-p\u00fablicas-90-a\u00f1os.jpg?resize=768%2C576&amp;ssl=1 768w, https:\/\/i0.wp.com\/www.conmarcapropia.com\/portal\/wp-content\/uploads\/2022\/05\/Sociedad-de-Mejoras-p\u00fablicas-90-a\u00f1os.jpg?resize=1024%2C768&amp;ssl=1 1024w, https:\/\/i0.wp.com\/www.conmarcapropia.com\/portal\/wp-content\/uploads\/2022\/05\/Sociedad-de-Mejoras-p\u00fablicas-90-a\u00f1os.jpg?w=1440&amp;ssl=1 1440w, https:\/\/i0.wp.com\/www.conmarcapropia.com\/portal\/wp-content\/uploads\/2022\/05\/Sociedad-de-Mejoras-p\u00fablicas-90-a\u00f1os.jpg?w=1280 1280w\" sizes=\"(max-width: 300px) 100vw, 300px\" data-recalc-dims=\"1\" \/><br \/>\n<\/strong><\/p>\n<p style=\"text-align: justify;\">Y continuando con El Santuario, el pasado fin de semana, la Sociedad de Mejoras P\u00fablicas, con su centenaria revista El Santuariano, como parte de los actos conmemorativos por los 90 a\u00f1os de esta entidad al servicio de los hijos de esta localidad, entreg\u00f3 medallas y resoluciones de felicitaci\u00f3n a hijos ilustres de El Santuario, como a la hermana Olga Luc\u00eda Zuluaga Serna, gerente de la muy reconocida Cl\u00ednica de El Rosario. As\u00ed mismo, el alcalde Juan David Zuluaga y el presidente del concejo, Belisario Giraldo entregaron resoluci\u00f3n de felicitaci\u00f3n a la Sociedad de Mejoras P\u00fablicas. Se descubri\u00f3 un \u00f3leo del director de la revista El Santuariano, el colega V\u00edctor Le\u00f3n Zuluaga y fue presentado el libro: \u201cSociedad de Mejoras P\u00fablicas: 90 a\u00f1os de Cultura y Civismo\u201d y la Memoria Audiovisual de El Santuario, con producciones que datan de 1981 y de El Santuariano Televisi\u00f3n. Los actos conmemorativos iniciaron con una eucarist\u00eda presidida por el santuariano, Monse\u00f1or Francisco Ocampo Aristiz\u00e1bal.<\/p>\n<hr \/>\n<p><a href=\"https:\/\/www.alternativaregional.com\/politica\/notas-al-oido-158-abril-de-2022.html\" target=\"_blank\" rel=\"noopener noreferrer\"><strong>Notas al O\u00eddo N\u00b0 158<\/strong><\/a><br \/>\n<a href=\"https:\/\/www.alternativaregional.com\/politica\/notas-al-oido-152.html\" target=\"_blank\" rel=\"noopener noreferrer\"><img loading=\"lazy\" class=\"alignnone wp-image-5189 jetpack-lazy-image jetpack-lazy-image--handled\" src=\"https:\/\/i1.wp.com\/www.quienesquien.co\/wp-content\/uploads\/2020\/07\/Notas-al-o%C3%ADdo.png?resize=350%2C339\" sizes=\"(max-width: 350px) 100vw, 350px\" srcset=\"https:\/\/i1.wp.com\/www.quienesquien.co\/wp-content\/uploads\/2020\/07\/Notas-al-o\u00eddo.png?w=262&amp;ssl=1 262w, https:\/\/i1.wp.com\/www.quienesquien.co\/wp-content\/uploads\/2020\/07\/Notas-al-o\u00eddo.png?resize=200%2C194&amp;ssl=1 200w, https:\/\/i1.wp.com\/www.quienesquien.co\/wp-content\/uploads\/2020\/07\/Notas-al-o\u00eddo.png?resize=150%2C145&amp;ssl=1 150w\" alt=\"\" width=\"350\" height=\"339\" data-attachment-id=\"5189\" data-permalink=\"https:\/\/www.quienesquien.co\/runrun-politico-86\/notas-al-oido-51\/\" data-orig-file=\"https:\/\/i1.wp.com\/www.quienesquien.co\/wp-content\/uploads\/2020\/07\/Notas-al-o\u00eddo.png?fit=262%2C254&amp;ssl=1\" data-orig-size=\"262,254\" data-comments-opened=\"1\" data-image-meta=\"{&quot;aperture&quot;:&quot;0&quot;,&quot;credit&quot;:&quot;&quot;,&quot;camera&quot;:&quot;&quot;,&quot;caption&quot;:&quot;&quot;,&quot;created_timestamp&quot;:&quot;0&quot;,&quot;copyright&quot;:&quot;&quot;,&quot;focal_length&quot;:&quot;0&quot;,&quot;iso&quot;:&quot;0&quot;,&quot;shutter_speed&quot;:&quot;0&quot;,&quot;title&quot;:&quot;&quot;,&quot;orientation&quot;:&quot;0&quot;}\" data-image-title=\"Notas al o\u00eddo\" data-image-description=\"\" data-medium-file=\"https:\/\/i1.wp.com\/www.quienesquien.co\/wp-content\/uploads\/2020\/07\/Notas-al-o\u00eddo.png?fit=200%2C194&amp;ssl=1\" data-large-file=\"https:\/\/i1.wp.com\/www.quienesquien.co\/wp-content\/uploads\/2020\/07\/Notas-al-o\u00eddo.png?fit=262%2C254&amp;ssl=1\" data-lazy-loaded=\"1\" \/><\/a><\/p>\n<hr \/>\n<p><strong><a href=\"https:\/\/www.quienesquien.co\/runrun-politico-162\/\" target=\"_blank\" rel=\"noopener noreferrer\">Runr\u00fan Pol\u00edtico 162<\/a><br \/>\n<a href=\"https:\/\/www.quienesquien.co\/runrun-politico-155\/\" target=\"_blank\" rel=\"noopener noreferrer\"><img loading=\"lazy\" class=\"alignnone wp-image-5187 jetpack-lazy-image jetpack-lazy-image--handled\" src=\"https:\/\/i1.wp.com\/www.quienesquien.co\/wp-content\/uploads\/2020\/07\/runrun-pol%C3%ADtico.png?resize=350%2C339\" sizes=\"(max-width: 350px) 100vw, 350px\" srcset=\"https:\/\/i1.wp.com\/www.quienesquien.co\/wp-content\/uploads\/2020\/07\/runrun-pol\u00edtico.png?w=262&amp;ssl=1 262w, https:\/\/i1.wp.com\/www.quienesquien.co\/wp-content\/uploads\/2020\/07\/runrun-pol\u00edtico.png?resize=200%2C194&amp;ssl=1 200w, https:\/\/i1.wp.com\/www.quienesquien.co\/wp-content\/uploads\/2020\/07\/runrun-pol\u00edtico.png?resize=150%2C145&amp;ssl=1 150w\" alt=\"\" width=\"350\" height=\"339\" data-attachment-id=\"5187\" data-permalink=\"https:\/\/www.quienesquien.co\/runrun-politico-86\/runrun-politico\/\" data-orig-file=\"https:\/\/i1.wp.com\/www.quienesquien.co\/wp-content\/uploads\/2020\/07\/runrun-pol\u00edtico.png?fit=262%2C254&amp;ssl=1\" data-orig-size=\"262,254\" data-comments-opened=\"1\" data-image-meta=\"{&quot;aperture&quot;:&quot;0&quot;,&quot;credit&quot;:&quot;&quot;,&quot;camera&quot;:&quot;&quot;,&quot;caption&quot;:&quot;&quot;,&quot;created_timestamp&quot;:&quot;0&quot;,&quot;copyright&quot;:&quot;&quot;,&quot;focal_length&quot;:&quot;0&quot;,&quot;iso&quot;:&quot;0&quot;,&quot;shutter_speed&quot;:&quot;0&quot;,&quot;title&quot;:&quot;&quot;,&quot;orientation&quot;:&quot;0&quot;}\" data-image-title=\"runrun pol\u00edtico\" data-image-description=\"\" data-medium-file=\"https:\/\/i1.wp.com\/www.quienesquien.co\/wp-content\/uploads\/2020\/07\/runrun-pol\u00edtico.png?fit=200%2C194&amp;ssl=1\" data-large-file=\"https:\/\/i1.wp.com\/www.quienesquien.co\/wp-content\/uploads\/2020\/07\/runrun-pol\u00edtico.png?fit=262%2C254&amp;ssl=1\" data-lazy-loaded=\"1\" \/><\/a><\/strong><\/p>\n<hr \/>\n<p>&nbsp;<\/p>\n","protected":false},"excerpt":{"rendered":"<p>La Provincia ABT huele cada vez m\u00e1s a campo La Provincia del Agua, Bosques y el Turismo, ABT, sigue comprometida con el fortalecimiento del sector productivo agropecuario de la regi\u00f3n, sobre todo con ese Oriente profundo, a veces olvidado, como ha sido la consigna de su director Yeison Valderrama.\u00a0El pasado s\u00e1bado estuvimos con \u00e9l, mejor [&hellip;]<\/p>\n","protected":false},"author":11,"featured_media":8955,"comment_status":"closed","ping_status":"closed","sticky":false,"template":"","format":"standard","meta":{"om_disable_all_campaigns":false,"_monsterinsights_skip_tracking":false,"_uf_show_specific_survey":0,"_uf_disable_surveys":false,"jetpack_post_was_ever_published":false},"categories":[3],"tags":[1464,237,1463,461,1466,109,244,1360,1465,1467,1468,323,1462,10,834],"aioseo_notices":[],"aioseo_head":"\n\t\t<!-- All in One SEO 5.0.1.1 - aioseo.com -->\n\t<meta name=\"description\" content=\"La Provincia ABT huele cada vez m\u00e1s a campo La Provincia del Agua, Bosques y el Turismo, ABT, sigue comprometida con el fortalecimiento del sector productivo agropecuario de la regi\u00f3n, sobre todo con ese Oriente profundo, a veces olvidado, como ha sido la consigna de su director Yeison Valderrama. El pasado s\u00e1bado estuvimos con \u00e9l, mejor\" \/>\n\t<meta name=\"robots\" content=\"max-image-preview:large\" \/>\n\t<meta name=\"author\" content=\"Editor\"\/>\n\t<link rel=\"canonical\" href=\"https:\/\/www.conmarcapropia.com\/portal\/se-rumora-n433-semana-del-27-de-abril-al-02-de-mayo-de-2022\/\" \/>\n\t<meta name=\"generator\" content=\"All in One SEO (AIOSEO) 5.0.1.1\" \/>\n\t\t<meta property=\"og:locale\" content=\"es_ES\" \/>\n\t\t<meta property=\"og:site_name\" content=\"ConMarcaPropia - cmp@conmarcapropia.com\" \/>\n\t\t<meta property=\"og:type\" content=\"article\" \/>\n\t\t<meta property=\"og:title\" content=\"Se Rumora N\u00b0433 (semana del 27 de Abril al 02 de Mayo de 2022) - ConMarcaPropia\" \/>\n\t\t<meta property=\"og:description\" content=\"La Provincia ABT huele cada vez m\u00e1s a campo La Provincia del Agua, Bosques y el Turismo, ABT, sigue comprometida con el fortalecimiento del sector productivo agropecuario de la regi\u00f3n, sobre todo con ese Oriente profundo, a veces olvidado, como ha sido la consigna de su director Yeison Valderrama. El pasado s\u00e1bado estuvimos con \u00e9l, mejor\" \/>\n\t\t<meta property=\"og:url\" content=\"https:\/\/www.conmarcapropia.com\/portal\/se-rumora-n433-semana-del-27-de-abril-al-02-de-mayo-de-2022\/\" \/>\n\t\t<meta property=\"og:image\" content=\"https:\/\/i0.wp.com\/www.conmarcapropia.com\/portal\/wp-content\/uploads\/2022\/08\/cropped-CONAMR.png?fit=500%2C100&#038;ssl=1\" \/>\n\t\t<meta property=\"og:image:secure_url\" content=\"https:\/\/i0.wp.com\/www.conmarcapropia.com\/portal\/wp-content\/uploads\/2022\/08\/cropped-CONAMR.png?fit=500%2C100&#038;ssl=1\" \/>\n\t\t<meta property=\"article:published_time\" content=\"2022-05-02T17:41:37+00:00\" \/>\n\t\t<meta property=\"article:modified_time\" content=\"2022-05-02T17:41:37+00:00\" \/>\n\t\t<meta name=\"twitter:card\" content=\"summary_large_image\" \/>\n\t\t<meta name=\"twitter:title\" content=\"Se Rumora N\u00b0433 (semana del 27 de Abril al 02 de Mayo de 2022) - ConMarcaPropia\" \/>\n\t\t<meta name=\"twitter:description\" content=\"La Provincia ABT huele cada vez m\u00e1s a campo La Provincia del Agua, Bosques y el Turismo, ABT, sigue comprometida con el fortalecimiento del sector productivo agropecuario de la regi\u00f3n, sobre todo con ese Oriente profundo, a veces olvidado, como ha sido la consigna de su director Yeison Valderrama. El pasado s\u00e1bado estuvimos con \u00e9l, mejor\" \/>\n\t\t<meta name=\"twitter:image\" content=\"https:\/\/i0.wp.com\/www.conmarcapropia.com\/portal\/wp-content\/uploads\/2022\/08\/cropped-CONAMR.png?fit=500%2C100&amp;ssl=1\" \/>\n\t\t<script type=\"application\/ld+json\" class=\"aioseo-schema\">\n\t\t\t{\"@context\":\"https:\\\/\\\/schema.org\",\"@graph\":[{\"@type\":\"BlogPosting\",\"@id\":\"https:\\\/\\\/www.conmarcapropia.com\\\/portal\\\/se-rumora-n433-semana-del-27-de-abril-al-02-de-mayo-de-2022\\\/#blogposting\",\"name\":\"Se Rumora N\\u00b0433 (semana del 27 de Abril al 02 de Mayo de 2022) - ConMarcaPropia\",\"headline\":\"Se Rumora N\\u00b0433 (semana del 27 de Abril al 02 de Mayo de 2022)\",\"author\":{\"@id\":\"https:\\\/\\\/www.conmarcapropia.com\\\/portal\\\/author\\\/carlosp\\\/#author\"},\"publisher\":{\"@id\":\"https:\\\/\\\/www.conmarcapropia.com\\\/portal\\\/#organization\"},\"image\":{\"@type\":\"ImageObject\",\"url\":\"https:\\\/\\\/i0.wp.com\\\/www.conmarcapropia.com\\\/portal\\\/wp-content\\\/uploads\\\/2022\\\/05\\\/Provincia-Alejandr\\u00eda.jpg?fit=4032%2C3024&ssl=1\",\"width\":4032,\"height\":3024},\"datePublished\":\"2022-05-02T12:41:37-05:00\",\"dateModified\":\"2022-05-02T12:41:37-05:00\",\"inLanguage\":\"es-ES\",\"mainEntityOfPage\":{\"@id\":\"https:\\\/\\\/www.conmarcapropia.com\\\/portal\\\/se-rumora-n433-semana-del-27-de-abril-al-02-de-mayo-de-2022\\\/#webpage\"},\"isPartOf\":{\"@id\":\"https:\\\/\\\/www.conmarcapropia.com\\\/portal\\\/se-rumora-n433-semana-del-27-de-abril-al-02-de-mayo-de-2022\\\/#webpage\"},\"articleSection\":\"Se Rumora, 90 a\\u00f1os de la Sociedad de Mejoras P\\u00fablicas, Alejandria, Bosque y el Turismo ABT, Concepci\\u00f3n, Cristian Montes, El Pe\\u00f1ol, El Santuario, Heiber Aristiz\\u00e1bal, Jhon Felipe Zuluaga, Jos\\u00e9 David Ram\\u00edrez, Marta Ceballos, pol\\u00ectica Oriente antioque\\u00f1o, Provincia Agua, se rumora, Yeison Valderrama\"},{\"@type\":\"BreadcrumbList\",\"@id\":\"https:\\\/\\\/www.conmarcapropia.com\\\/portal\\\/se-rumora-n433-semana-del-27-de-abril-al-02-de-mayo-de-2022\\\/#breadcrumblist\",\"itemListElement\":[{\"@type\":\"ListItem\",\"@id\":\"https:\\\/\\\/www.conmarcapropia.com\\\/portal#listItem\",\"position\":1,\"name\":\"Home\",\"item\":\"https:\\\/\\\/www.conmarcapropia.com\\\/portal\",\"nextItem\":{\"@type\":\"ListItem\",\"@id\":\"https:\\\/\\\/www.conmarcapropia.com\\\/portal\\\/tema\\\/se-rumora\\\/#listItem\",\"name\":\"Se Rumora\"}},{\"@type\":\"ListItem\",\"@id\":\"https:\\\/\\\/www.conmarcapropia.com\\\/portal\\\/tema\\\/se-rumora\\\/#listItem\",\"position\":2,\"name\":\"Se Rumora\",\"item\":\"https:\\\/\\\/www.conmarcapropia.com\\\/portal\\\/tema\\\/se-rumora\\\/\",\"nextItem\":{\"@type\":\"ListItem\",\"@id\":\"https:\\\/\\\/www.conmarcapropia.com\\\/portal\\\/se-rumora-n433-semana-del-27-de-abril-al-02-de-mayo-de-2022\\\/#listItem\",\"name\":\"Se Rumora N\\u00b0433 (semana del 27 de Abril al 02 de Mayo de 2022)\"},\"previousItem\":{\"@type\":\"ListItem\",\"@id\":\"https:\\\/\\\/www.conmarcapropia.com\\\/portal#listItem\",\"name\":\"Home\"}},{\"@type\":\"ListItem\",\"@id\":\"https:\\\/\\\/www.conmarcapropia.com\\\/portal\\\/se-rumora-n433-semana-del-27-de-abril-al-02-de-mayo-de-2022\\\/#listItem\",\"position\":3,\"name\":\"Se Rumora N\\u00b0433 (semana del 27 de Abril al 02 de Mayo de 2022)\",\"previousItem\":{\"@type\":\"ListItem\",\"@id\":\"https:\\\/\\\/www.conmarcapropia.com\\\/portal\\\/tema\\\/se-rumora\\\/#listItem\",\"name\":\"Se Rumora\"}}]},{\"@type\":\"Organization\",\"@id\":\"https:\\\/\\\/www.conmarcapropia.com\\\/portal\\\/#organization\",\"name\":\"ConMarcaPropia\",\"description\":\"cmp@conmarcapropia.com\",\"url\":\"https:\\\/\\\/www.conmarcapropia.com\\\/portal\\\/\",\"logo\":{\"@type\":\"ImageObject\",\"url\":\"https:\\\/\\\/i0.wp.com\\\/www.conmarcapropia.com\\\/portal\\\/wp-content\\\/uploads\\\/2022\\\/08\\\/cropped-CONAMR.png?fit=500%2C100&ssl=1\",\"@id\":\"https:\\\/\\\/www.conmarcapropia.com\\\/portal\\\/se-rumora-n433-semana-del-27-de-abril-al-02-de-mayo-de-2022\\\/#organizationLogo\",\"width\":500,\"height\":100},\"image\":{\"@id\":\"https:\\\/\\\/www.conmarcapropia.com\\\/portal\\\/se-rumora-n433-semana-del-27-de-abril-al-02-de-mayo-de-2022\\\/#organizationLogo\"}},{\"@type\":\"Person\",\"@id\":\"https:\\\/\\\/www.conmarcapropia.com\\\/portal\\\/author\\\/carlosp\\\/#author\",\"url\":\"https:\\\/\\\/www.conmarcapropia.com\\\/portal\\\/author\\\/carlosp\\\/\",\"name\":\"Editor\",\"image\":{\"@type\":\"ImageObject\",\"@id\":\"https:\\\/\\\/www.conmarcapropia.com\\\/portal\\\/se-rumora-n433-semana-del-27-de-abril-al-02-de-mayo-de-2022\\\/#authorImage\",\"url\":\"https:\\\/\\\/secure.gravatar.com\\\/avatar\\\/444d08604116fee1399108703e7d90e7?s=96&d=mm&r=g\",\"width\":96,\"height\":96,\"caption\":\"Editor\"}},{\"@type\":\"WebPage\",\"@id\":\"https:\\\/\\\/www.conmarcapropia.com\\\/portal\\\/se-rumora-n433-semana-del-27-de-abril-al-02-de-mayo-de-2022\\\/#webpage\",\"url\":\"https:\\\/\\\/www.conmarcapropia.com\\\/portal\\\/se-rumora-n433-semana-del-27-de-abril-al-02-de-mayo-de-2022\\\/\",\"name\":\"Se Rumora N\\u00b0433 (semana del 27 de Abril al 02 de Mayo de 2022) - ConMarcaPropia\",\"description\":\"La Provincia ABT huele cada vez m\\u00e1s a campo La Provincia del Agua, Bosques y el Turismo, ABT, sigue comprometida con el fortalecimiento del sector productivo agropecuario de la regi\\u00f3n, sobre todo con ese Oriente profundo, a veces olvidado, como ha sido la consigna de su director Yeison Valderrama. El pasado s\\u00e1bado estuvimos con \\u00e9l, mejor\",\"inLanguage\":\"es-ES\",\"isPartOf\":{\"@id\":\"https:\\\/\\\/www.conmarcapropia.com\\\/portal\\\/#website\"},\"breadcrumb\":{\"@id\":\"https:\\\/\\\/www.conmarcapropia.com\\\/portal\\\/se-rumora-n433-semana-del-27-de-abril-al-02-de-mayo-de-2022\\\/#breadcrumblist\"},\"author\":{\"@id\":\"https:\\\/\\\/www.conmarcapropia.com\\\/portal\\\/author\\\/carlosp\\\/#author\"},\"creator\":{\"@id\":\"https:\\\/\\\/www.conmarcapropia.com\\\/portal\\\/author\\\/carlosp\\\/#author\"},\"image\":{\"@type\":\"ImageObject\",\"url\":\"https:\\\/\\\/i0.wp.com\\\/www.conmarcapropia.com\\\/portal\\\/wp-content\\\/uploads\\\/2022\\\/05\\\/Provincia-Alejandr\\u00eda.jpg?fit=4032%2C3024&ssl=1\",\"@id\":\"https:\\\/\\\/www.conmarcapropia.com\\\/portal\\\/se-rumora-n433-semana-del-27-de-abril-al-02-de-mayo-de-2022\\\/#mainImage\",\"width\":4032,\"height\":3024},\"primaryImageOfPage\":{\"@id\":\"https:\\\/\\\/www.conmarcapropia.com\\\/portal\\\/se-rumora-n433-semana-del-27-de-abril-al-02-de-mayo-de-2022\\\/#mainImage\"},\"datePublished\":\"2022-05-02T12:41:37-05:00\",\"dateModified\":\"2022-05-02T12:41:37-05:00\"},{\"@type\":\"WebSite\",\"@id\":\"https:\\\/\\\/www.conmarcapropia.com\\\/portal\\\/#website\",\"url\":\"https:\\\/\\\/www.conmarcapropia.com\\\/portal\\\/\",\"name\":\"ConMarcaPropia\",\"description\":\"cmp@conmarcapropia.com\",\"inLanguage\":\"es-ES\",\"publisher\":{\"@id\":\"https:\\\/\\\/www.conmarcapropia.com\\\/portal\\\/#organization\"}}]}\n\t\t<\/script>\n\t\t<!-- All in One SEO -->\n\n","aioseo_head_json":{"title":"Se Rumora N\u00b0433 (semana del 27 de Abril al 02 de Mayo de 2022) - ConMarcaPropia","description":"La Provincia ABT huele cada vez m\u00e1s a campo La Provincia del Agua, Bosques y el Turismo, ABT, sigue comprometida con el fortalecimiento del sector productivo agropecuario de la regi\u00f3n, sobre todo con ese Oriente profundo, a veces olvidado, como ha sido la consigna de su director Yeison Valderrama. El pasado s\u00e1bado estuvimos con \u00e9l, mejor","canonical_url":"https:\/\/www.conmarcapropia.com\/portal\/se-rumora-n433-semana-del-27-de-abril-al-02-de-mayo-de-2022\/","robots":"max-image-preview:large","keywords":"","webmasterTools":{"miscellaneous":""},"schema":{"@context":"https:\/\/schema.org","@graph":[{"@type":"BlogPosting","@id":"https:\/\/www.conmarcapropia.com\/portal\/se-rumora-n433-semana-del-27-de-abril-al-02-de-mayo-de-2022\/#blogposting","name":"Se Rumora N\u00b0433 (semana del 27 de Abril al 02 de Mayo de 2022) - ConMarcaPropia","headline":"Se Rumora N\u00b0433 (semana del 27 de Abril al 02 de Mayo de 2022)","author":{"@id":"https:\/\/www.conmarcapropia.com\/portal\/author\/carlosp\/#author"},"publisher":{"@id":"https:\/\/www.conmarcapropia.com\/portal\/#organization"},"image":{"@type":"ImageObject","url":"https:\/\/i0.wp.com\/www.conmarcapropia.com\/portal\/wp-content\/uploads\/2022\/05\/Provincia-Alejandr\u00eda.jpg?fit=4032%2C3024&ssl=1","width":4032,"height":3024},"datePublished":"2022-05-02T12:41:37-05:00","dateModified":"2022-05-02T12:41:37-05:00","inLanguage":"es-ES","mainEntityOfPage":{"@id":"https:\/\/www.conmarcapropia.com\/portal\/se-rumora-n433-semana-del-27-de-abril-al-02-de-mayo-de-2022\/#webpage"},"isPartOf":{"@id":"https:\/\/www.conmarcapropia.com\/portal\/se-rumora-n433-semana-del-27-de-abril-al-02-de-mayo-de-2022\/#webpage"},"articleSection":"Se Rumora, 90 a\u00f1os de la Sociedad de Mejoras P\u00fablicas, Alejandria, Bosque y el Turismo ABT, Concepci\u00f3n, Cristian Montes, El Pe\u00f1ol, El Santuario, Heiber Aristiz\u00e1bal, Jhon Felipe Zuluaga, Jos\u00e9 David Ram\u00edrez, Marta Ceballos, pol\u00ectica Oriente antioque\u00f1o, Provincia Agua, se rumora, Yeison Valderrama"},{"@type":"BreadcrumbList","@id":"https:\/\/www.conmarcapropia.com\/portal\/se-rumora-n433-semana-del-27-de-abril-al-02-de-mayo-de-2022\/#breadcrumblist","itemListElement":[{"@type":"ListItem","@id":"https:\/\/www.conmarcapropia.com\/portal#listItem","position":1,"name":"Home","item":"https:\/\/www.conmarcapropia.com\/portal","nextItem":{"@type":"ListItem","@id":"https:\/\/www.conmarcapropia.com\/portal\/tema\/se-rumora\/#listItem","name":"Se Rumora"}},{"@type":"ListItem","@id":"https:\/\/www.conmarcapropia.com\/portal\/tema\/se-rumora\/#listItem","position":2,"name":"Se Rumora","item":"https:\/\/www.conmarcapropia.com\/portal\/tema\/se-rumora\/","nextItem":{"@type":"ListItem","@id":"https:\/\/www.conmarcapropia.com\/portal\/se-rumora-n433-semana-del-27-de-abril-al-02-de-mayo-de-2022\/#listItem","name":"Se Rumora N\u00b0433 (semana del 27 de Abril al 02 de Mayo de 2022)"},"previousItem":{"@type":"ListItem","@id":"https:\/\/www.conmarcapropia.com\/portal#listItem","name":"Home"}},{"@type":"ListItem","@id":"https:\/\/www.conmarcapropia.com\/portal\/se-rumora-n433-semana-del-27-de-abril-al-02-de-mayo-de-2022\/#listItem","position":3,"name":"Se Rumora N\u00b0433 (semana del 27 de Abril al 02 de Mayo de 2022)","previousItem":{"@type":"ListItem","@id":"https:\/\/www.conmarcapropia.com\/portal\/tema\/se-rumora\/#listItem","name":"Se Rumora"}}]},{"@type":"Organization","@id":"https:\/\/www.conmarcapropia.com\/portal\/#organization","name":"ConMarcaPropia","description":"cmp@conmarcapropia.com","url":"https:\/\/www.conmarcapropia.com\/portal\/","logo":{"@type":"ImageObject","url":"https:\/\/i0.wp.com\/www.conmarcapropia.com\/portal\/wp-content\/uploads\/2022\/08\/cropped-CONAMR.png?fit=500%2C100&ssl=1","@id":"https:\/\/www.conmarcapropia.com\/portal\/se-rumora-n433-semana-del-27-de-abril-al-02-de-mayo-de-2022\/#organizationLogo","width":500,"height":100},"image":{"@id":"https:\/\/www.conmarcapropia.com\/portal\/se-rumora-n433-semana-del-27-de-abril-al-02-de-mayo-de-2022\/#organizationLogo"}},{"@type":"Person","@id":"https:\/\/www.conmarcapropia.com\/portal\/author\/carlosp\/#author","url":"https:\/\/www.conmarcapropia.com\/portal\/author\/carlosp\/","name":"Editor","image":{"@type":"ImageObject","@id":"https:\/\/www.conmarcapropia.com\/portal\/se-rumora-n433-semana-del-27-de-abril-al-02-de-mayo-de-2022\/#authorImage","url":"https:\/\/secure.gravatar.com\/avatar\/444d08604116fee1399108703e7d90e7?s=96&d=mm&r=g","width":96,"height":96,"caption":"Editor"}},{"@type":"WebPage","@id":"https:\/\/www.conmarcapropia.com\/portal\/se-rumora-n433-semana-del-27-de-abril-al-02-de-mayo-de-2022\/#webpage","url":"https:\/\/www.conmarcapropia.com\/portal\/se-rumora-n433-semana-del-27-de-abril-al-02-de-mayo-de-2022\/","name":"Se Rumora N\u00b0433 (semana del 27 de Abril al 02 de Mayo de 2022) - ConMarcaPropia","description":"La Provincia ABT huele cada vez m\u00e1s a campo La Provincia del Agua, Bosques y el Turismo, ABT, sigue comprometida con el fortalecimiento del sector productivo agropecuario de la regi\u00f3n, sobre todo con ese Oriente profundo, a veces olvidado, como ha sido la consigna de su director Yeison Valderrama. El pasado s\u00e1bado estuvimos con \u00e9l, mejor","inLanguage":"es-ES","isPartOf":{"@id":"https:\/\/www.conmarcapropia.com\/portal\/#website"},"breadcrumb":{"@id":"https:\/\/www.conmarcapropia.com\/portal\/se-rumora-n433-semana-del-27-de-abril-al-02-de-mayo-de-2022\/#breadcrumblist"},"author":{"@id":"https:\/\/www.conmarcapropia.com\/portal\/author\/carlosp\/#author"},"creator":{"@id":"https:\/\/www.conmarcapropia.com\/portal\/author\/carlosp\/#author"},"image":{"@type":"ImageObject","url":"https:\/\/i0.wp.com\/www.conmarcapropia.com\/portal\/wp-content\/uploads\/2022\/05\/Provincia-Alejandr\u00eda.jpg?fit=4032%2C3024&ssl=1","@id":"https:\/\/www.conmarcapropia.com\/portal\/se-rumora-n433-semana-del-27-de-abril-al-02-de-mayo-de-2022\/#mainImage","width":4032,"height":3024},"primaryImageOfPage":{"@id":"https:\/\/www.conmarcapropia.com\/portal\/se-rumora-n433-semana-del-27-de-abril-al-02-de-mayo-de-2022\/#mainImage"},"datePublished":"2022-05-02T12:41:37-05:00","dateModified":"2022-05-02T12:41:37-05:00"},{"@type":"WebSite","@id":"https:\/\/www.conmarcapropia.com\/portal\/#website","url":"https:\/\/www.conmarcapropia.com\/portal\/","name":"ConMarcaPropia","description":"cmp@conmarcapropia.com","inLanguage":"es-ES","publisher":{"@id":"https:\/\/www.conmarcapropia.com\/portal\/#organization"}}]},"og:locale":"es_ES","og:site_name":"ConMarcaPropia - cmp@conmarcapropia.com","og:type":"article","og:title":"Se Rumora N\u00b0433 (semana del 27 de Abril al 02 de Mayo de 2022) - ConMarcaPropia","og:description":"La Provincia ABT huele cada vez m\u00e1s a campo La Provincia del Agua, Bosques y el Turismo, ABT, sigue comprometida con el fortalecimiento del sector productivo agropecuario de la regi\u00f3n, sobre todo con ese Oriente profundo, a veces olvidado, como ha sido la consigna de su director Yeison Valderrama. El pasado s\u00e1bado estuvimos con \u00e9l, mejor","og:url":"https:\/\/www.conmarcapropia.com\/portal\/se-rumora-n433-semana-del-27-de-abril-al-02-de-mayo-de-2022\/","og:image":"https:\/\/i0.wp.com\/www.conmarcapropia.com\/portal\/wp-content\/uploads\/2022\/08\/cropped-CONAMR.png?fit=500%2C100&#038;ssl=1","og:image:secure_url":"https:\/\/i0.wp.com\/www.conmarcapropia.com\/portal\/wp-content\/uploads\/2022\/08\/cropped-CONAMR.png?fit=500%2C100&#038;ssl=1","article:published_time":"2022-05-02T17:41:37+00:00","article:modified_time":"2022-05-02T17:41:37+00:00","twitter:card":"summary_large_image","twitter:title":"Se Rumora N\u00b0433 (semana del 27 de Abril al 02 de Mayo de 2022) - ConMarcaPropia","twitter:description":"La Provincia ABT huele cada vez m\u00e1s a campo La Provincia del Agua, Bosques y el Turismo, ABT, sigue comprometida con el fortalecimiento del sector productivo agropecuario de la regi\u00f3n, sobre todo con ese Oriente profundo, a veces olvidado, como ha sido la consigna de su director Yeison Valderrama. El pasado s\u00e1bado estuvimos con \u00e9l, mejor","twitter:image":"https:\/\/i0.wp.com\/www.conmarcapropia.com\/portal\/wp-content\/uploads\/2022\/08\/cropped-CONAMR.png?fit=500%2C100&ssl=1"},"aioseo_meta_data":{"post_id":"8954","title":null,"description":null,"keywords":null,"keyphrases":null,"primary_term":null,"canonical_url":null,"og_title":null,"og_description":null,"og_object_type":"default","og_image_type":"default","og_image_url":null,"og_image_width":null,"og_image_height":null,"og_image_custom_url":null,"og_image_custom_fields":null,"og_video":null,"og_custom_url":null,"og_article_section":null,"og_article_tags":null,"twitter_use_og":false,"twitter_card":"default","twitter_image_type":"default","twitter_image_url":null,"twitter_image_custom_url":null,"twitter_image_custom_fields":null,"twitter_title":null,"twitter_description":null,"schema":{"blockGraphs":[],"customGraphs":[],"default":{"data":{"Article":[],"Course":[],"Dataset":[],"FAQPage":[],"Movie":[],"Person":[],"Product":[],"ProductReview":[],"Car":[],"Recipe":[],"Service":[],"SoftwareApplication":[],"WebPage":[]},"graphName":"","isEnabled":true},"graphs":[]},"schema_type":"default","schema_type_options":null,"pillar_content":false,"robots_default":true,"robots_noindex":false,"robots_noarchive":false,"robots_nosnippet":false,"robots_nofollow":false,"robots_noimageindex":false,"robots_noodp":false,"robots_notranslate":false,"robots_max_snippet":null,"robots_max_videopreview":null,"robots_max_imagepreview":"large","priority":null,"frequency":null,"local_seo":null,"breadcrumb_settings":null,"limit_modified_date":false,"ai":null,"created":"2023-11-11 16:14:11","updated":"2023-11-11 16:14:11","seo_analyzer_scan_date":null,"focus_keyword":null,"additional_keywords":null,"truseo_locale":null},"aioseo_breadcrumb":"<div class=\"aioseo-breadcrumbs\"><span class=\"aioseo-breadcrumb\">\n\t\t\t<a href=\"https:\/\/www.conmarcapropia.com\/portal\" title=\"Home\">Home<\/a>\n\t\t<\/span><span class=\"aioseo-breadcrumb-separator\">&raquo;<\/span><span class=\"aioseo-breadcrumb\">\n\t\t\t<a href=\"https:\/\/www.conmarcapropia.com\/portal\/tema\/se-rumora\/\" title=\"Se Rumora\">Se Rumora<\/a>\n\t\t<\/span><span class=\"aioseo-breadcrumb-separator\">&raquo;<\/span><span class=\"aioseo-breadcrumb\">\n\t\t\tSe Rumora N\u00b0433 (semana del 27 de Abril al 02 de Mayo de 2022)\n\t\t<\/span><\/div>","aioseo_breadcrumb_json":[{"label":"Home","link":"https:\/\/www.conmarcapropia.com\/portal"},{"label":"Se Rumora","link":"https:\/\/www.conmarcapropia.com\/portal\/tema\/se-rumora\/"},{"label":"Se Rumora N\u00b0433 (semana del 27 de Abril al 02 de Mayo de 2022)","link":"https:\/\/www.conmarcapropia.com\/portal\/se-rumora-n433-semana-del-27-de-abril-al-02-de-mayo-de-2022\/"}],"yoast_head":"<!-- This site is optimized with the Yoast SEO plugin v20.6 - https:\/\/yoast.com\/wordpress\/plugins\/seo\/ -->\n<title>Se Rumora N\u00b0433 (semana del 27 de Abril al 02 de Mayo de 2022) - ConMarcaPropia<\/title>\n<meta name=\"robots\" content=\"index, follow, max-snippet:-1, max-image-preview:large, max-video-preview:-1\" \/>\n<link rel=\"canonical\" href=\"https:\/\/www.conmarcapropia.com\/portal\/se-rumora-n433-semana-del-27-de-abril-al-02-de-mayo-de-2022\/\" \/>\n<meta property=\"og:locale\" content=\"es_ES\" \/>\n<meta property=\"og:type\" content=\"article\" \/>\n<meta property=\"og:title\" content=\"Se Rumora N\u00b0433 (semana del 27 de Abril al 02 de Mayo de 2022) - ConMarcaPropia\" \/>\n<meta property=\"og:description\" content=\"La Provincia ABT huele cada vez m\u00e1s a campo La Provincia del Agua, Bosques y el Turismo, ABT, sigue comprometida con el fortalecimiento del sector productivo agropecuario de la regi\u00f3n, sobre todo con ese Oriente profundo, a veces olvidado, como ha sido la consigna de su director Yeison Valderrama.\u00a0El pasado s\u00e1bado estuvimos con \u00e9l, mejor [&hellip;]\" \/>\n<meta property=\"og:url\" content=\"https:\/\/www.conmarcapropia.com\/portal\/se-rumora-n433-semana-del-27-de-abril-al-02-de-mayo-de-2022\/\" \/>\n<meta property=\"og:site_name\" content=\"ConMarcaPropia\" \/>\n<meta property=\"article:publisher\" content=\"https:\/\/www.facebook.com\/ConMarcaPropiaCom\" \/>\n<meta property=\"article:published_time\" content=\"2022-05-02T17:41:37+00:00\" \/>\n<meta property=\"og:image\" content=\"http:\/\/www.conmarcapropia.com\/portal\/wp-content\/uploads\/2022\/05\/Provincia-Alejandr\u00eda.jpg\" \/>\n\t<meta property=\"og:image:width\" content=\"4032\" \/>\n\t<meta property=\"og:image:height\" content=\"3024\" \/>\n\t<meta property=\"og:image:type\" content=\"image\/jpeg\" \/>\n<meta name=\"author\" content=\"Editor\" \/>\n<meta name=\"twitter:label1\" content=\"Escrito por\" \/>\n\t<meta name=\"twitter:data1\" content=\"Editor\" \/>\n\t<meta name=\"twitter:label2\" content=\"Tiempo de lectura\" \/>\n\t<meta name=\"twitter:data2\" content=\"14 minutos\" \/>\n<script type=\"application\/ld+json\" class=\"yoast-schema-graph\">{\"@context\":\"https:\/\/schema.org\",\"@graph\":[{\"@type\":\"Article\",\"@id\":\"https:\/\/www.conmarcapropia.com\/portal\/se-rumora-n433-semana-del-27-de-abril-al-02-de-mayo-de-2022\/#article\",\"isPartOf\":{\"@id\":\"https:\/\/www.conmarcapropia.com\/portal\/se-rumora-n433-semana-del-27-de-abril-al-02-de-mayo-de-2022\/\"},\"author\":{\"name\":\"Editor\",\"@id\":\"https:\/\/www.conmarcapropia.com\/portal\/#\/schema\/person\/99e32c7be3e9590e5f01c02fe4bd4148\"},\"headline\":\"Se Rumora N\u00b0433 (semana del 27 de Abril al 02 de Mayo de 2022)\",\"datePublished\":\"2022-05-02T17:41:37+00:00\",\"dateModified\":\"2022-05-02T17:41:37+00:00\",\"mainEntityOfPage\":{\"@id\":\"https:\/\/www.conmarcapropia.com\/portal\/se-rumora-n433-semana-del-27-de-abril-al-02-de-mayo-de-2022\/\"},\"wordCount\":2808,\"publisher\":{\"@id\":\"https:\/\/www.conmarcapropia.com\/portal\/#organization\"},\"keywords\":[\"90 a\u00f1os de la Sociedad de Mejoras P\u00fablicas\",\"Alejandria\",\"Bosque y el Turismo ABT\",\"Concepci\u00f3n\",\"Cristian Montes\",\"El Pe\u00f1ol\",\"El Santuario\",\"Heiber Aristiz\u00e1bal\",\"Jhon Felipe Zuluaga\",\"Jos\u00e9 David Ram\u00edrez\",\"Marta Ceballos\",\"pol\u00ectica Oriente antioque\u00f1o\",\"Provincia Agua\",\"se rumora\",\"Yeison Valderrama\"],\"articleSection\":[\"Se Rumora\"],\"inLanguage\":\"es\"},{\"@type\":\"WebPage\",\"@id\":\"https:\/\/www.conmarcapropia.com\/portal\/se-rumora-n433-semana-del-27-de-abril-al-02-de-mayo-de-2022\/\",\"url\":\"https:\/\/www.conmarcapropia.com\/portal\/se-rumora-n433-semana-del-27-de-abril-al-02-de-mayo-de-2022\/\",\"name\":\"Se Rumora N\u00b0433 (semana del 27 de Abril al 02 de Mayo de 2022) - ConMarcaPropia\",\"isPartOf\":{\"@id\":\"https:\/\/www.conmarcapropia.com\/portal\/#website\"},\"datePublished\":\"2022-05-02T17:41:37+00:00\",\"dateModified\":\"2022-05-02T17:41:37+00:00\",\"breadcrumb\":{\"@id\":\"https:\/\/www.conmarcapropia.com\/portal\/se-rumora-n433-semana-del-27-de-abril-al-02-de-mayo-de-2022\/#breadcrumb\"},\"inLanguage\":\"es\",\"potentialAction\":[{\"@type\":\"ReadAction\",\"target\":[\"https:\/\/www.conmarcapropia.com\/portal\/se-rumora-n433-semana-del-27-de-abril-al-02-de-mayo-de-2022\/\"]}]},{\"@type\":\"BreadcrumbList\",\"@id\":\"https:\/\/www.conmarcapropia.com\/portal\/se-rumora-n433-semana-del-27-de-abril-al-02-de-mayo-de-2022\/#breadcrumb\",\"itemListElement\":[{\"@type\":\"ListItem\",\"position\":1,\"name\":\"Portada\",\"item\":\"https:\/\/www.conmarcapropia.com\/portal\/\"},{\"@type\":\"ListItem\",\"position\":2,\"name\":\"Se Rumora N\u00b0433 (semana del 27 de Abril al 02 de Mayo de 2022)\"}]},{\"@type\":\"WebSite\",\"@id\":\"https:\/\/www.conmarcapropia.com\/portal\/#website\",\"url\":\"https:\/\/www.conmarcapropia.com\/portal\/\",\"name\":\"ConMarcaPropia\",\"description\":\"cmp@conmarcapropia.com\",\"publisher\":{\"@id\":\"https:\/\/www.conmarcapropia.com\/portal\/#organization\"},\"potentialAction\":[{\"@type\":\"SearchAction\",\"target\":{\"@type\":\"EntryPoint\",\"urlTemplate\":\"https:\/\/www.conmarcapropia.com\/portal\/?s={search_term_string}\"},\"query-input\":\"required name=search_term_string\"}],\"inLanguage\":\"es\"},{\"@type\":\"Organization\",\"@id\":\"https:\/\/www.conmarcapropia.com\/portal\/#organization\",\"name\":\"ConMarcaPropia\",\"url\":\"https:\/\/www.conmarcapropia.com\/portal\/\",\"logo\":{\"@type\":\"ImageObject\",\"inLanguage\":\"es\",\"@id\":\"https:\/\/www.conmarcapropia.com\/portal\/#\/schema\/logo\/image\/\",\"url\":\"https:\/\/i0.wp.com\/www.conmarcapropia.com\/portal\/wp-content\/uploads\/2022\/08\/cropped-CONAMR.png?fit=500%2C100&ssl=1\",\"contentUrl\":\"https:\/\/i0.wp.com\/www.conmarcapropia.com\/portal\/wp-content\/uploads\/2022\/08\/cropped-CONAMR.png?fit=500%2C100&ssl=1\",\"width\":500,\"height\":100,\"caption\":\"ConMarcaPropia\"},\"image\":{\"@id\":\"https:\/\/www.conmarcapropia.com\/portal\/#\/schema\/logo\/image\/\"},\"sameAs\":[\"https:\/\/www.facebook.com\/ConMarcaPropiaCom\",\"https:\/\/twitter.com\/Conmarcap\",\"https:\/\/www.youtube.com\/user\/ConMarcaPropia\"]},{\"@type\":\"Person\",\"@id\":\"https:\/\/www.conmarcapropia.com\/portal\/#\/schema\/person\/99e32c7be3e9590e5f01c02fe4bd4148\",\"name\":\"Editor\",\"image\":{\"@type\":\"ImageObject\",\"inLanguage\":\"es\",\"@id\":\"https:\/\/www.conmarcapropia.com\/portal\/#\/schema\/person\/image\/\",\"url\":\"https:\/\/secure.gravatar.com\/avatar\/444d08604116fee1399108703e7d90e7?s=96&d=mm&r=g\",\"contentUrl\":\"https:\/\/secure.gravatar.com\/avatar\/444d08604116fee1399108703e7d90e7?s=96&d=mm&r=g\",\"caption\":\"Editor\"},\"url\":\"https:\/\/www.conmarcapropia.com\/portal\/author\/carlosp\/\"}]}<\/script>\n<!-- \/ Yoast SEO plugin. -->","yoast_head_json":{"title":"Se Rumora N\u00b0433 (semana del 27 de Abril al 02 de Mayo de 2022) - ConMarcaPropia","robots":{"index":"index","follow":"follow","max-snippet":"max-snippet:-1","max-image-preview":"max-image-preview:large","max-video-preview":"max-video-preview:-1"},"canonical":"https:\/\/www.conmarcapropia.com\/portal\/se-rumora-n433-semana-del-27-de-abril-al-02-de-mayo-de-2022\/","og_locale":"es_ES","og_type":"article","og_title":"Se Rumora N\u00b0433 (semana del 27 de Abril al 02 de Mayo de 2022) - ConMarcaPropia","og_description":"La Provincia ABT huele cada vez m\u00e1s a campo La Provincia del Agua, Bosques y el Turismo, ABT, sigue comprometida con el fortalecimiento del sector productivo agropecuario de la regi\u00f3n, sobre todo con ese Oriente profundo, a veces olvidado, como ha sido la consigna de su director Yeison Valderrama.\u00a0El pasado s\u00e1bado estuvimos con \u00e9l, mejor [&hellip;]","og_url":"https:\/\/www.conmarcapropia.com\/portal\/se-rumora-n433-semana-del-27-de-abril-al-02-de-mayo-de-2022\/","og_site_name":"ConMarcaPropia","article_publisher":"https:\/\/www.facebook.com\/ConMarcaPropiaCom","article_published_time":"2022-05-02T17:41:37+00:00","og_image":[{"width":4032,"height":3024,"url":"http:\/\/www.conmarcapropia.com\/portal\/wp-content\/uploads\/2022\/05\/Provincia-Alejandr\u00eda.jpg","type":"image\/jpeg"}],"author":"Editor","twitter_misc":{"Escrito por":"Editor","Tiempo de lectura":"14 minutos"},"schema":{"@context":"https:\/\/schema.org","@graph":[{"@type":"Article","@id":"https:\/\/www.conmarcapropia.com\/portal\/se-rumora-n433-semana-del-27-de-abril-al-02-de-mayo-de-2022\/#article","isPartOf":{"@id":"https:\/\/www.conmarcapropia.com\/portal\/se-rumora-n433-semana-del-27-de-abril-al-02-de-mayo-de-2022\/"},"author":{"name":"Editor","@id":"https:\/\/www.conmarcapropia.com\/portal\/#\/schema\/person\/99e32c7be3e9590e5f01c02fe4bd4148"},"headline":"Se Rumora N\u00b0433 (semana del 27 de Abril al 02 de Mayo de 2022)","datePublished":"2022-05-02T17:41:37+00:00","dateModified":"2022-05-02T17:41:37+00:00","mainEntityOfPage":{"@id":"https:\/\/www.conmarcapropia.com\/portal\/se-rumora-n433-semana-del-27-de-abril-al-02-de-mayo-de-2022\/"},"wordCount":2808,"publisher":{"@id":"https:\/\/www.conmarcapropia.com\/portal\/#organization"},"keywords":["90 a\u00f1os de la Sociedad de Mejoras P\u00fablicas","Alejandria","Bosque y el Turismo ABT","Concepci\u00f3n","Cristian Montes","El Pe\u00f1ol","El Santuario","Heiber Aristiz\u00e1bal","Jhon Felipe Zuluaga","Jos\u00e9 David Ram\u00edrez","Marta Ceballos","pol\u00ectica Oriente antioque\u00f1o","Provincia Agua","se rumora","Yeison Valderrama"],"articleSection":["Se Rumora"],"inLanguage":"es"},{"@type":"WebPage","@id":"https:\/\/www.conmarcapropia.com\/portal\/se-rumora-n433-semana-del-27-de-abril-al-02-de-mayo-de-2022\/","url":"https:\/\/www.conmarcapropia.com\/portal\/se-rumora-n433-semana-del-27-de-abril-al-02-de-mayo-de-2022\/","name":"Se Rumora N\u00b0433 (semana del 27 de Abril al 02 de Mayo de 2022) - ConMarcaPropia","isPartOf":{"@id":"https:\/\/www.conmarcapropia.com\/portal\/#website"},"datePublished":"2022-05-02T17:41:37+00:00","dateModified":"2022-05-02T17:41:37+00:00","breadcrumb":{"@id":"https:\/\/www.conmarcapropia.com\/portal\/se-rumora-n433-semana-del-27-de-abril-al-02-de-mayo-de-2022\/#breadcrumb"},"inLanguage":"es","potentialAction":[{"@type":"ReadAction","target":["https:\/\/www.conmarcapropia.com\/portal\/se-rumora-n433-semana-del-27-de-abril-al-02-de-mayo-de-2022\/"]}]},{"@type":"BreadcrumbList","@id":"https:\/\/www.conmarcapropia.com\/portal\/se-rumora-n433-semana-del-27-de-abril-al-02-de-mayo-de-2022\/#breadcrumb","itemListElement":[{"@type":"ListItem","position":1,"name":"Portada","item":"https:\/\/www.conmarcapropia.com\/portal\/"},{"@type":"ListItem","position":2,"name":"Se Rumora N\u00b0433 (semana del 27 de Abril al 02 de Mayo de 2022)"}]},{"@type":"WebSite","@id":"https:\/\/www.conmarcapropia.com\/portal\/#website","url":"https:\/\/www.conmarcapropia.com\/portal\/","name":"ConMarcaPropia","description":"cmp@conmarcapropia.com","publisher":{"@id":"https:\/\/www.conmarcapropia.com\/portal\/#organization"},"potentialAction":[{"@type":"SearchAction","target":{"@type":"EntryPoint","urlTemplate":"https:\/\/www.conmarcapropia.com\/portal\/?s={search_term_string}"},"query-input":"required name=search_term_string"}],"inLanguage":"es"},{"@type":"Organization","@id":"https:\/\/www.conmarcapropia.com\/portal\/#organization","name":"ConMarcaPropia","url":"https:\/\/www.conmarcapropia.com\/portal\/","logo":{"@type":"ImageObject","inLanguage":"es","@id":"https:\/\/www.conmarcapropia.com\/portal\/#\/schema\/logo\/image\/","url":"https:\/\/i0.wp.com\/www.conmarcapropia.com\/portal\/wp-content\/uploads\/2022\/08\/cropped-CONAMR.png?fit=500%2C100&ssl=1","contentUrl":"https:\/\/i0.wp.com\/www.conmarcapropia.com\/portal\/wp-content\/uploads\/2022\/08\/cropped-CONAMR.png?fit=500%2C100&ssl=1","width":500,"height":100,"caption":"ConMarcaPropia"},"image":{"@id":"https:\/\/www.conmarcapropia.com\/portal\/#\/schema\/logo\/image\/"},"sameAs":["https:\/\/www.facebook.com\/ConMarcaPropiaCom","https:\/\/twitter.com\/Conmarcap","https:\/\/www.youtube.com\/user\/ConMarcaPropia"]},{"@type":"Person","@id":"https:\/\/www.conmarcapropia.com\/portal\/#\/schema\/person\/99e32c7be3e9590e5f01c02fe4bd4148","name":"Editor","image":{"@type":"ImageObject","inLanguage":"es","@id":"https:\/\/www.conmarcapropia.com\/portal\/#\/schema\/person\/image\/","url":"https:\/\/secure.gravatar.com\/avatar\/444d08604116fee1399108703e7d90e7?s=96&d=mm&r=g","contentUrl":"https:\/\/secure.gravatar.com\/avatar\/444d08604116fee1399108703e7d90e7?s=96&d=mm&r=g","caption":"Editor"},"url":"https:\/\/www.conmarcapropia.com\/portal\/author\/carlosp\/"}]}},"jetpack_featured_media_url":"https:\/\/i0.wp.com\/www.conmarcapropia.com\/portal\/wp-content\/uploads\/2022\/05\/Provincia-Alejandr\u00eda.jpg?fit=4032%2C3024&ssl=1","jetpack_sharing_enabled":true,"jetpack_shortlink":"https:\/\/wp.me\/p5SOeN-2kq","jetpack-related-posts":[{"id":7650,"url":"https:\/\/www.conmarcapropia.com\/portal\/se-rumora-n372-semana-del-01-al-07-de-diciembre-de-2020\/","url_meta":{"origin":8954,"position":0},"title":"Se Rumora N\u00b0371 (semana del 01 al 07 de Diciembre de 2020)","date":"7 diciembre, 2020","format":false,"excerpt":"La Provincia ABT puso los puntos sobre las \u00edes La provincia del Agua, Bosques y el Turismo, ABT se pronunci\u00f3 con vehemencia sobre la insostenible situaci\u00f3n y la precaria gesti\u00f3n del Inv\u00edas en el mantenimiento del corredor estrat\u00e9gico Santuario-Ca\u00f1o Alegre. Este tramo es un dolor de cabeza para los moradores\u2026","rel":"","context":"En \u00abSe Rumora\u00bb","img":{"alt_text":"","src":"https:\/\/i0.wp.com\/www.conmarcapropia.com\/portal\/wp-content\/uploads\/2020\/12\/Homenaje-Yeison-Valderrama.jpg?fit=756%2C1008&ssl=1&resize=350%2C200","width":350,"height":200},"classes":[]},{"id":7668,"url":"https:\/\/www.conmarcapropia.com\/portal\/se-rumora-n373-semana-del-08-al-14-de-diciembre-de-2020\/","url_meta":{"origin":8954,"position":1},"title":"Se Rumora N\u00b0372(semana del 08 al 14 de Diciembre de 2020)","date":"15 diciembre, 2020","format":false,"excerpt":"Rionegro se mete en las grandes ligas La semana pasada conocimos que el municipio de Rionegro ya quiere nadar en aguas ol\u00edmpicas, pues sali\u00f3 de Fedemunicipios y entr\u00f3 en calidad de ciudad invitada a Asocapitales que agrupa a las principales ciudades capitales del pa\u00eds, el evento de presentaci\u00f3n tuvo lugar\u2026","rel":"","context":"En \u00abSe Rumora\u00bb","img":{"alt_text":"","src":"https:\/\/i0.wp.com\/www.conmarcapropia.com\/portal\/wp-content\/uploads\/2020\/12\/Asocapitales-400x208.jpg?resize=350%2C200","width":350,"height":200},"classes":[]},{"id":7191,"url":"https:\/\/www.conmarcapropia.com\/portal\/se-rumora-n346-semana-del-09-al-16-de-junio-de-2020\/","url_meta":{"origin":8954,"position":2},"title":"Se Rumora N\u00b0346 (semana del 09 al 16 de junio de 2020)","date":"16 junio, 2020","format":false,"excerpt":"El contrato que enreda a Guarne La semana que termin\u00f3 la Contralor\u00eda General de Antioquia, de acuerdo con un comunicado, tras recibir denuncias sobre la contrataci\u00f3n realizada en medio de la emergencia generada por el COVID-19, visit\u00f3 43 sujetos de control y audit\u00f3 un monto superior a los 47 mil\u2026","rel":"","context":"En \u00abSe Rumora\u00bb","img":{"alt_text":"","src":"https:\/\/i0.wp.com\/www.conmarcapropia.com\/portal\/wp-content\/uploads\/2020\/06\/Wilder-con-alcalde-de-La-Ceja-400x300.jpg?resize=350%2C200","width":350,"height":200},"classes":[]},{"id":9632,"url":"https:\/\/www.conmarcapropia.com\/portal\/se-rumora-n459-semana-del-25-al-31-de-octubre-de-2022\/","url_meta":{"origin":8954,"position":3},"title":"Se Rumora N\u00b0459 (semana del 25 al 31 de Octubre de 2022)","date":"31 octubre, 2022","format":false,"excerpt":"\u00a0Fin de las especulaciones, no se pondr\u00e1 el traje de candidato a la alcald\u00eda Y la noticia que promet\u00eda patear el tablero electoral en Rionegro, finalmente no sucedi\u00f3. En nuestras incontables tertulias pol\u00edticas con el famoso caf\u00e9 ennegrecido, hab\u00edamos detectado un cuento pol\u00edtico que desde hace varios meses hac\u00eda carrera,\u2026","rel":"","context":"En \u00abSe Rumora\u00bb","img":{"alt_text":"","src":"https:\/\/i0.wp.com\/www.conmarcapropia.com\/portal\/wp-content\/uploads\/2022\/10\/Esteban-Quintero.jpg?fit=597%2C696&ssl=1&resize=350%2C200","width":350,"height":200},"classes":[]},{"id":6941,"url":"https:\/\/www.conmarcapropia.com\/portal\/se-rumora-n333-semana-del-10-al-16-de-marzo-de-2020\/","url_meta":{"origin":8954,"position":4},"title":"Se Rumora N\u00b0333 (semana del 10 al 16 de Marzo de 2020)","date":"16 marzo, 2020","format":false,"excerpt":"El exalcalde de Marinilla que trabajar\u00e1 en el Congreso Y pasan los d\u00edas y algunos alcaldes van buscando oficio, el exalcalde de Marinilla, \u00c9dgar Villegas ya encontr\u00f3 uno, asesor del congresista Esteban Quintero, en recientes d\u00edas comunic\u00f3 a trav\u00e9s de su Facebook que viajaba a Bogot\u00e1 a tomar posesi\u00f3n en\u2026","rel":"","context":"En \u00abSe Rumora\u00bb","img":{"alt_text":"","src":"https:\/\/i0.wp.com\/www.conmarcapropia.com\/portal\/wp-content\/uploads\/2020\/03\/Posesi\u00f3n-Yeison-Valderrama.jpg?fit=960%2C640&ssl=1&resize=350%2C200","width":350,"height":200},"classes":[]},{"id":9183,"url":"https:\/\/www.conmarcapropia.com\/portal\/se-rumora-n444-semana-del-12-al-18-de-julio-de-2022\/","url_meta":{"origin":8954,"position":5},"title":"Se Rumora N\u00b0444 (semana del 12 al 18 de Julio de 2022)","date":"18 julio, 2022","format":false,"excerpt":"El l\u00edo del empalme en el Oriente Antioque\u00f1o La semana pasada, nos pegamos la bajada a la Biblioteca de Empresas P\u00fablicas de Medell\u00edn. Y todo porque ese d\u00eda se hab\u00eda programado la reuni\u00f3n con Esteban Restrepo, el coordinador de empalme para el Departamento designado por el equipo del Presidente electo,\u2026","rel":"","context":"En \u00abSe Rumora\u00bb","img":{"alt_text":"","src":"https:\/\/i0.wp.com\/www.conmarcapropia.com\/portal\/wp-content\/uploads\/2022\/07\/PHOTO-2022-07-16-12-47-18.jpg?fit=900%2C1200&ssl=1&resize=350%2C200","width":350,"height":200},"classes":[]}],"_links":{"self":[{"href":"https:\/\/www.conmarcapropia.com\/portal\/wp-json\/wp\/v2\/posts\/8954"}],"collection":[{"href":"https:\/\/www.conmarcapropia.com\/portal\/wp-json\/wp\/v2\/posts"}],"about":[{"href":"https:\/\/www.conmarcapropia.com\/portal\/wp-json\/wp\/v2\/types\/post"}],"author":[{"embeddable":true,"href":"https:\/\/www.conmarcapropia.com\/portal\/wp-json\/wp\/v2\/users\/11"}],"replies":[{"embeddable":true,"href":"https:\/\/www.conmarcapropia.com\/portal\/wp-json\/wp\/v2\/comments?post=8954"}],"version-history":[{"count":1,"href":"https:\/\/www.conmarcapropia.com\/portal\/wp-json\/wp\/v2\/posts\/8954\/revisions"}],"predecessor-version":[{"id":8963,"href":"https:\/\/www.conmarcapropia.com\/portal\/wp-json\/wp\/v2\/posts\/8954\/revisions\/8963"}],"wp:featuredmedia":[{"embeddable":true,"href":"https:\/\/www.conmarcapropia.com\/portal\/wp-json\/wp\/v2\/media\/8955"}],"wp:attachment":[{"href":"https:\/\/www.conmarcapropia.com\/portal\/wp-json\/wp\/v2\/media?parent=8954"}],"wp:term":[{"taxonomy":"category","embeddable":true,"href":"https:\/\/www.conmarcapropia.com\/portal\/wp-json\/wp\/v2\/categories?post=8954"},{"taxonomy":"post_tag","embeddable":true,"href":"https:\/\/www.conmarcapropia.com\/portal\/wp-json\/wp\/v2\/tags?post=8954"}],"curies":[{"name":"wp","href":"https:\/\/api.w.org\/{rel}","templated":true}]}}