{"id":9439,"date":"2022-08-29T13:15:45","date_gmt":"2022-08-29T18:15:45","guid":{"rendered":"https:\/\/www.conmarcapropia.com\/portal\/?p=9439"},"modified":"2022-09-05T10:47:21","modified_gmt":"2022-09-05T15:47:21","slug":"se-rumora-n450-semana-del-24-al-29-de-agosto-de-2022","status":"publish","type":"post","link":"https:\/\/www.conmarcapropia.com\/portal\/se-rumora-n450-semana-del-24-al-29-de-agosto-de-2022\/","title":{"rendered":"Se Rumora N\u00b0450 (semana del 24 al 29 de Agosto de 2022)"},"content":{"rendered":"<p style=\"text-align: justify;\"><strong>Adi\u00f3s al l\u00edder<br \/>\n<img loading=\"lazy\" class=\"alignnone size-thumbnail wp-image-9440\" src=\"https:\/\/i0.wp.com\/www.conmarcapropia.com\/portal\/wp-content\/uploads\/2022\/08\/Hector-Ivan-Gonzalez.jpg?resize=300%2C200\" alt=\"\" width=\"300\" height=\"200\" srcset=\"https:\/\/i0.wp.com\/www.conmarcapropia.com\/portal\/wp-content\/uploads\/2022\/08\/Hector-Ivan-Gonzalez.jpg?resize=300%2C200&amp;ssl=1 300w, https:\/\/i0.wp.com\/www.conmarcapropia.com\/portal\/wp-content\/uploads\/2022\/08\/Hector-Ivan-Gonzalez.jpg?resize=400%2C267&amp;ssl=1 400w, https:\/\/i0.wp.com\/www.conmarcapropia.com\/portal\/wp-content\/uploads\/2022\/08\/Hector-Ivan-Gonzalez.jpg?resize=768%2C512&amp;ssl=1 768w, https:\/\/i0.wp.com\/www.conmarcapropia.com\/portal\/wp-content\/uploads\/2022\/08\/Hector-Ivan-Gonzalez.jpg?w=960&amp;ssl=1 960w\" sizes=\"(max-width: 300px) 100vw, 300px\" data-recalc-dims=\"1\" \/><br \/>\n<\/strong>Gran pesar caus\u00f3 en el Oriente el deceso del reconocido dirigente pol\u00edtico y c\u00edvico, H\u00e9ctor Iv\u00e1n Gonz\u00e1lez Casta\u00f1o, el afamado \u201cl\u00edder\u201d, como llamaba a quienes lo rodeaban y as\u00ed fue reconocido por su persistencia para sacar adelante esa monumental y colosal obra para atender personas en situaci\u00f3n de discapacidad, Corporaci\u00f3n El Progreso que ya est\u00e1 por los 30 a\u00f1os de servicio.<\/p>\n<p><!--more--><\/p>\n<p><img loading=\"lazy\" class=\"alignnone wp-image-8991\" src=\"https:\/\/i0.wp.com\/www.conmarcapropia.com\/portal\/wp-content\/uploads\/2022\/05\/Banner-II-y-III-etapa-vi\u0301a-intermedia_Mesa-de-trabajo-1.png?resize=410%2C205\" alt=\"\" width=\"410\" height=\"205\" srcset=\"https:\/\/i0.wp.com\/www.conmarcapropia.com\/portal\/wp-content\/uploads\/2022\/05\/Banner-II-y-III-etapa-vi\u0301a-intermedia_Mesa-de-trabajo-1.png?resize=300%2C150&amp;ssl=1 300w, https:\/\/i0.wp.com\/www.conmarcapropia.com\/portal\/wp-content\/uploads\/2022\/05\/Banner-II-y-III-etapa-vi\u0301a-intermedia_Mesa-de-trabajo-1.png?resize=400%2C200&amp;ssl=1 400w, https:\/\/i0.wp.com\/www.conmarcapropia.com\/portal\/wp-content\/uploads\/2022\/05\/Banner-II-y-III-etapa-vi\u0301a-intermedia_Mesa-de-trabajo-1.png?w=500&amp;ssl=1 500w\" sizes=\"(max-width: 410px) 100vw, 410px\" data-recalc-dims=\"1\" \/><\/p>\n<p style=\"text-align: justify;\">Gonz\u00e1lez Casta\u00f1o naci\u00f3 en el viejo Pe\u00f1ol, pero desde muy peque\u00f1o se traslad\u00f3 con su numerosa familia a Marinilla, compuesta por 18 hijos, (14 hombres y 4 mujeres). Se gradu\u00f3 de bachiller en 1980, se inclin\u00f3 por la ingenier\u00eda civil y se especializ\u00f3 en v\u00edas en la Universidad del Cauca. Trabaj\u00f3 en el Ministerio de Obras P\u00fablicas y Transporte como jefe de conservaci\u00f3n de v\u00edas en tiempos de Belisario Betancur. Fue jefe de zona del Magdalena Medio con Juan G\u00f3mez Mart\u00ednez como gobernador y despu\u00e9s fue subsecretario de obras del Departamento. Cuando lleg\u00f3 al gobierno departamental \u00c1lvaro Uribe, el secretario de obras p\u00fablicas fue Andr\u00e9s Uriel Gallego y de la mano de \u00e9ste sigui\u00f3 en la dependencia.<\/p>\n<p style=\"text-align: justify;\">Fue diputado por el partido conservador durante dos periodos y no del Centro Democr\u00e1tico como afirm\u00f3 el expresidente \u00c1lvaro Uribe en un tuit de condolencia.<\/p>\n<p><img loading=\"lazy\" class=\"alignnone size-thumbnail wp-image-9441\" src=\"https:\/\/i0.wp.com\/www.conmarcapropia.com\/portal\/wp-content\/uploads\/2022\/08\/PHOTO-2022-08-29-09-00-51-1.jpg?resize=300%2C278\" alt=\"\" width=\"300\" height=\"278\" srcset=\"https:\/\/i0.wp.com\/www.conmarcapropia.com\/portal\/wp-content\/uploads\/2022\/08\/PHOTO-2022-08-29-09-00-51-1.jpg?resize=300%2C278&amp;ssl=1 300w, https:\/\/i0.wp.com\/www.conmarcapropia.com\/portal\/wp-content\/uploads\/2022\/08\/PHOTO-2022-08-29-09-00-51-1.jpg?resize=400%2C370&amp;ssl=1 400w, https:\/\/i0.wp.com\/www.conmarcapropia.com\/portal\/wp-content\/uploads\/2022\/08\/PHOTO-2022-08-29-09-00-51-1.jpg?resize=768%2C711&amp;ssl=1 768w, https:\/\/i0.wp.com\/www.conmarcapropia.com\/portal\/wp-content\/uploads\/2022\/08\/PHOTO-2022-08-29-09-00-51-1.jpg?w=1024&amp;ssl=1 1024w\" sizes=\"(max-width: 300px) 100vw, 300px\" data-recalc-dims=\"1\" \/><\/p>\n<p style=\"text-align: justify;\">Siendo gobernador el sacrificado Guillermo Gaviria Correa y despu\u00e9s reemplazado por Eugenio Prieto, logr\u00f3 impulsar como diputado la ordenanza de la semana de la esperanza y la superaci\u00f3n, la cual se celebra en todos los municipios de Antioquia y la creaci\u00f3n de los consejos municipales de discapacidad, luego estos, con la ayuda de su amigo Andr\u00e9s Uriel Gallego se replicaron en todos los municipios de Colombia. Fue subdirector administrativo y financiero de Cornare y en la actualidad se desempe\u00f1aba como subdirector de educaci\u00f3n.<\/p>\n<p style=\"text-align: justify;\">En 2017, en la primera semana de diciembre, nuestro director Carlos Pach\u00f3n Botero presentaba un programa en el canal CCM de Marinilla, \u201cEn Contexto\u201d y tuvo la oportunidad de entrevistarlo como un homenaje a su obra que hab\u00eda sido reconocida por el alcalde del momento, Edgar Villegas y el concejo de la localidad con la entronizaci\u00f3n de su retrato en el seno de la muy nutrida y c\u00e9lebre pinacoteca. Nos cont\u00f3 c\u00f3mo hizo pol\u00edtica en sus inicios de la mano de su primo el exparlamentario Roberto Hoyos Casta\u00f1o y los d\u00edas que hasta se present\u00f3 a la C\u00e1mara en una lista de la Alianza Democr\u00e1tica M19 encabezada por Gloria Quiceno, tambi\u00e9n estaba el empresario porcicultor Augusto Osorno y esta lista la promov\u00eda el candidato presidencial Antonio Navarro Wolff. Tambi\u00e9n aspir\u00f3 a la c\u00e1mara por el partido Conservador de la mano de su amigo Luis Alfredo Ramos Botero, que cuando fue gobernador lo nombr\u00f3 asesor en Man\u00e1 y estuvo coordinando un proyecto de seguridad alimentaria con la FAO.<\/p>\n<p><iframe loading=\"lazy\" src=\"\/\/www.youtube.com\/embed\/SzUntfrnA18\" width=\"560\" height=\"314\" allowfullscreen=\"allowfullscreen\"><\/iframe><\/p>\n<p style=\"text-align: justify;\">Sus honras f\u00fanebres fueron multitudinarias, estuvieron los senadores Nicol\u00e1s Albeiro Echeverry y Esteban Quintero, as\u00ed como el pueblo marinillo y de El Pe\u00f1ol, m\u00e1s todo el equipo de trabajo de Cornare, su \u00faltimo lugar de trabajo. Paz en la tumba del l\u00edder.<\/p>\n<hr \/>\n<p><img loading=\"lazy\" class=\"alignnone size-thumbnail wp-image-9453\" src=\"https:\/\/i0.wp.com\/www.conmarcapropia.com\/portal\/wp-content\/uploads\/2022\/08\/con-marca-propia-01.png?resize=300%2C213\" alt=\"\" width=\"300\" height=\"213\" srcset=\"https:\/\/i0.wp.com\/www.conmarcapropia.com\/portal\/wp-content\/uploads\/2022\/08\/con-marca-propia-01.png?resize=300%2C213&amp;ssl=1 300w, https:\/\/i0.wp.com\/www.conmarcapropia.com\/portal\/wp-content\/uploads\/2022\/08\/con-marca-propia-01.png?resize=400%2C284&amp;ssl=1 400w, https:\/\/i0.wp.com\/www.conmarcapropia.com\/portal\/wp-content\/uploads\/2022\/08\/con-marca-propia-01.png?w=450&amp;ssl=1 450w\" sizes=\"(max-width: 300px) 100vw, 300px\" data-recalc-dims=\"1\" \/><\/p>\n<hr \/>\n<p style=\"text-align: justify;\"><strong>Otra vez vuelve y con fuerza al sonajero de El Santuario<br \/>\n<img loading=\"lazy\" class=\"alignnone size-thumbnail wp-image-9442\" src=\"https:\/\/i0.wp.com\/www.conmarcapropia.com\/portal\/wp-content\/uploads\/2022\/08\/Hector-Duque-y-Jose-David-Ramirez.jpg?resize=300%2C225\" alt=\"\" width=\"300\" height=\"225\" srcset=\"https:\/\/i0.wp.com\/www.conmarcapropia.com\/portal\/wp-content\/uploads\/2022\/08\/Hector-Duque-y-Jose-David-Ramirez-scaled.jpg?resize=300%2C225&amp;ssl=1 300w, https:\/\/i0.wp.com\/www.conmarcapropia.com\/portal\/wp-content\/uploads\/2022\/08\/Hector-Duque-y-Jose-David-Ramirez-scaled.jpg?resize=400%2C300&amp;ssl=1 400w, https:\/\/i0.wp.com\/www.conmarcapropia.com\/portal\/wp-content\/uploads\/2022\/08\/Hector-Duque-y-Jose-David-Ramirez-scaled.jpg?resize=1024%2C768&amp;ssl=1 1024w, https:\/\/i0.wp.com\/www.conmarcapropia.com\/portal\/wp-content\/uploads\/2022\/08\/Hector-Duque-y-Jose-David-Ramirez-scaled.jpg?resize=768%2C576&amp;ssl=1 768w, https:\/\/i0.wp.com\/www.conmarcapropia.com\/portal\/wp-content\/uploads\/2022\/08\/Hector-Duque-y-Jose-David-Ramirez-scaled.jpg?resize=1536%2C1152&amp;ssl=1 1536w, https:\/\/i0.wp.com\/www.conmarcapropia.com\/portal\/wp-content\/uploads\/2022\/08\/Hector-Duque-y-Jose-David-Ramirez-scaled.jpg?resize=2048%2C1536&amp;ssl=1 2048w, https:\/\/i0.wp.com\/www.conmarcapropia.com\/portal\/wp-content\/uploads\/2022\/08\/Hector-Duque-y-Jose-David-Ramirez-scaled.jpg?w=1280 1280w, https:\/\/i0.wp.com\/www.conmarcapropia.com\/portal\/wp-content\/uploads\/2022\/08\/Hector-Duque-y-Jose-David-Ramirez-scaled.jpg?w=1920 1920w\" sizes=\"(max-width: 300px) 100vw, 300px\" data-recalc-dims=\"1\" \/><br \/>\n<\/strong><\/p>\n<p style=\"text-align: justify;\">En El Santuario le rinden culto a la excelsa expresi\u00f3n \u201cen pol\u00edtica todos los d\u00edas amanece\u201d, pues como nosotros afirmamos en esta columna, la pol\u00edtica y su gimnasia, es muy movida y hasta trusa se pone. Resulta que el pasado s\u00e1bado se reunieron en el comit\u00e9 conservador local, los directoristas y miembros de la colectividad hegem\u00f3nica en la localidad del bu\u00f1uelo salado, en esas intensas deliberaciones que por estos d\u00edas ocurren en el directorio azul con ocasi\u00f3n de la proximidad de los comicios territoriales de 2023 y del nombre de la persona que debe continuar el legado muy fruct\u00edfero por cierto del alcalde Juan David Zuluaga, apareci\u00f3 otro nombre, uno que algunos especuladores del cafet\u00edn de Ram\u00f3n Hoyos ya hab\u00edan bajado del bus, pese a su nutrida trayectoria y es el del actual gerente del Hospital H\u00e9ctor Duque o \u201cTotumo\u201d como es ampliamente conocido, el hombre est\u00e1 preparado, ha hecho la fila en el partido como corresponde y es de las entra\u00f1as de los eximios patricios y dirigentes del partido en el municipio. As\u00ed las cosas, al \u00a0abogado Jos\u00e9 David Ram\u00edrez y al concejal Mario Alberto G\u00f3mez les sali\u00f3 un nombre de peso para ponerse en el partidor y con mucha fuerza y por supuesto, posibilidades.<\/p>\n<p style=\"text-align: justify;\">Ah, pero amiguitos, recuerden una cosa, en esta municipalidad de cam\u00e1ndula en pecho y misa todos los d\u00edas es menester no olvidar que la m\u00e1xima votaci\u00f3n azul y en general para los comicios legislativos del pasado marzo se qued\u00f3 en manos de los marianos y por ah\u00ed escuchamos que la dupla granadina de Mauricio Giraldo y Luis Miguel L\u00f3pez tendr\u00e1n muy en cuenta la recomendaci\u00f3n del grupo del alcalde Juan David Zuluaga, obviamente esta directriz alineada con la del exsenador Juan Diego G\u00f3mez y de los actuales congresistas Nicol\u00e1s Albeiro Echeverry Felipe Jim\u00e9nez. Por cierto, este \u00faltimo, el hijo de Pedro presente en la reuni\u00f3n del s\u00e1bado en El Santuario dijo que a\u00fan ellos no hab\u00edan otorgado avales como alguien hab\u00eda dicho por ah\u00ed. Que esta decisi\u00f3n ser\u00e1 en consenso con otras fuerzas azules y de otros partidos de coalici\u00f3n presentes en el municipio. As\u00ed va la cosa de la elecci\u00f3n del candidato del oficialismo en la ciudad lev\u00edtica.<\/p>\n<hr \/>\n<p><img src=\"https:\/\/i0.wp.com\/www.conmarcapropia.com\/portal\/wp-content\/uploads\/2022\/07\/Banner-Guarne-Se-Transforma-Mi-Oriente-300x250-Y-500x300-px_2.jpeg?resize=453%2C272\" \/><\/p>\n<hr \/>\n<p><strong>Los que se quieren disfrazar de marianos para lograr aval<br \/>\n<img loading=\"lazy\" class=\"alignnone size-thumbnail wp-image-9113\" src=\"https:\/\/i0.wp.com\/www.conmarcapropia.com\/portal\/wp-content\/uploads\/2022\/06\/Mauricio-Giraldo.jpg?resize=218%2C300\" alt=\"\" width=\"218\" height=\"300\" srcset=\"https:\/\/i0.wp.com\/www.conmarcapropia.com\/portal\/wp-content\/uploads\/2022\/06\/Mauricio-Giraldo.jpg?resize=218%2C300&amp;ssl=1 218w, https:\/\/i0.wp.com\/www.conmarcapropia.com\/portal\/wp-content\/uploads\/2022\/06\/Mauricio-Giraldo.jpg?resize=291%2C400&amp;ssl=1 291w, https:\/\/i0.wp.com\/www.conmarcapropia.com\/portal\/wp-content\/uploads\/2022\/06\/Mauricio-Giraldo.jpg?resize=768%2C1056&amp;ssl=1 768w, https:\/\/i0.wp.com\/www.conmarcapropia.com\/portal\/wp-content\/uploads\/2022\/06\/Mauricio-Giraldo.jpg?resize=745%2C1024&amp;ssl=1 745w, https:\/\/i0.wp.com\/www.conmarcapropia.com\/portal\/wp-content\/uploads\/2022\/06\/Mauricio-Giraldo.jpg?w=873&amp;ssl=1 873w\" sizes=\"(max-width: 218px) 100vw, 218px\" data-recalc-dims=\"1\" \/><br \/>\n<\/strong><\/p>\n<p style=\"text-align: justify;\">Y a prop\u00f3sito de marianos conservadores, nos enteramos de que el senador Mauricio Giraldo ha sostenido diversas reuniones con \u00a0personajes que est\u00e1n pensando en las territoriales de 2023. En San Antonio, lugar donde ha fijado su residencia se han dado estos encuentros. Por all\u00ed han desfilado personajes azules de otras facciones, de otros partidos, tambi\u00e9n llegan los que se sacan el rosario del cuello sobrepuesto en la camisa \u00a0para impresionar al congresista. Nos cuentan que \u00e9l, muy cauto dice que esta es una decisi\u00f3n que no es solo de su resorte ni del Representante Luis Miguel L\u00f3pez, sino de un grupo amplio de Lazos de Amor Mariano, en donde se buscar\u00e1n candidatos que promuevan la vida y se ajusten a los lineamientos del grupo cat\u00f3lico ahora con representatividad en lo electoral. El senador Giraldo obtuvo cerca de 13 mil votos en el oriente de los m\u00e1s de 100 mil que sac\u00f3 en el pa\u00eds y en El Santuario, Granada, Marinilla y San Luis fue la mayor votaci\u00f3n y seg\u00fan la usanza puede definir aval.<\/p>\n<p style=\"text-align: justify;\">As\u00ed que estaremos muy atentos a esos personajes que ahora son sacros, van a misa de 6 de la ma\u00f1ana, rezan hasta la coronilla de las 3 de la tarde, son fieles televidentes de Televid y no hacen milagros porque no les queda tiempo, todo en procura de un aval.<\/p>\n<hr \/>\n<p><img src=\"https:\/\/i0.wp.com\/www.conmarcapropia.com\/portal\/wp-content\/uploads\/2022\/08\/Banner-La-Ceja.jpg?resize=374%2C332\" \/><\/p>\n<hr \/>\n<p style=\"text-align: justify;\"><strong>Uribe ya est\u00e1 pensando en las territoriales de 2023<br \/>\n<img loading=\"lazy\" class=\"alignnone size-thumbnail wp-image-4619\" src=\"https:\/\/i0.wp.com\/www.conmarcapropia.com\/portal\/wp-content\/uploads\/2018\/02\/Uribe-en-El-Retiro-y-Marinilla.jpg?resize=300%2C200\" alt=\"\" width=\"300\" height=\"200\" srcset=\"https:\/\/i0.wp.com\/www.conmarcapropia.com\/portal\/wp-content\/uploads\/2018\/02\/Uribe-en-El-Retiro-y-Marinilla.jpg?resize=300%2C200&amp;ssl=1 300w, https:\/\/i0.wp.com\/www.conmarcapropia.com\/portal\/wp-content\/uploads\/2018\/02\/Uribe-en-El-Retiro-y-Marinilla.jpg?resize=400%2C266&amp;ssl=1 400w, https:\/\/i0.wp.com\/www.conmarcapropia.com\/portal\/wp-content\/uploads\/2018\/02\/Uribe-en-El-Retiro-y-Marinilla.jpg?resize=768%2C511&amp;ssl=1 768w, https:\/\/i0.wp.com\/www.conmarcapropia.com\/portal\/wp-content\/uploads\/2018\/02\/Uribe-en-El-Retiro-y-Marinilla.jpg?resize=1024%2C682&amp;ssl=1 1024w, https:\/\/i0.wp.com\/www.conmarcapropia.com\/portal\/wp-content\/uploads\/2018\/02\/Uribe-en-El-Retiro-y-Marinilla.jpg?w=1280&amp;ssl=1 1280w\" sizes=\"(max-width: 300px) 100vw, 300px\" data-recalc-dims=\"1\" \/><br \/>\n<\/strong><\/p>\n<p style=\"text-align: justify;\">Y el expresidente \u00c1lvaro Uribe, ah\u00ed agazapado en su finca de El Tablazo, recuper\u00e1ndose de la aporriada, replegado como estuvo la guerrilla en sus tiempos, ya sac\u00f3 la cabeza de la ruana para pensar en las territoriales de 2023. Nos dicen que ya ha citado alcaldes, a algunos les ha dicho que no dar\u00e1n avales en algunos municipios sino que jugar\u00e1n en coalici\u00f3n con miras a conquistar el mayor n\u00famero de alcald\u00edas posibles en Antioquia. El hombre sabe que este es uno de los \u00faltimos refugios de su partido que estar\u00eda pensando en cambiar de nombre y logo. Algunos chismosos han echado a rodar algunos chismes, que Uribe ser\u00e1 candidato a la gobernaci\u00f3n y que Fico har\u00e1 lo propio con alcald\u00eda de Medell\u00edn, lo cierto es que el due\u00f1o del Ub\u00e9rrimo tendr\u00e1 que sortear primero sus l\u00edos judiciales, pero alguna estrategia de \u00faltima hora estar\u00e1n cocinando para no perder vigencia. Entonces c\u00f3mo quedar\u00e1 el socio del ahora petrista senador conservador Carlos Andr\u00e9s Trujillo, el exalcalde de Rionegro Andr\u00e9s Juli\u00e1n Rend\u00f3n, que ya se est\u00e1 creyendo el cuento de ser candidato a la gobernaci\u00f3n visitando varios municipios si hasta por su propio partido le cierran el paso y Trujillo tambi\u00e9n tiene una alianza con el exsenador liberal Juli\u00e1n Bedoya, que ahora que la Corte orden\u00f3 archivar su investigaci\u00f3n por el enredado t\u00edtulo de abogado la Universidad de Medell\u00edn, dicen que est\u00e1 envalentonado por la Gobernaci\u00f3n. Bueno y el exsenador santuariano Juan Diego G\u00f3mez tambi\u00e9n sigue con la idea de la aspiraci\u00f3n departamental y a este personaje nunca se puede dar por muerto. Y el \u00faltimo cuento que lo tir\u00f3 desde hace mucho rato el portal aliado <a href=\"http:\/\/www.quienesquien.co\">www.quienesquien.co<\/a> sobre una eventual renuncia del senador Esteban Quintero para aspirar a la alcald\u00eda de Rionegro como \u00faltima estrategia para mantener este reducto, pues dicen que estar en oposici\u00f3n es muy maluco. Ah\u00ed les dejamos pues estos chismes que a\u00fan no se han confirmado del mundillo pol\u00edtico para que los mastiquen con paciencia, porque en pol\u00edtica todos los d\u00edas amanece y todo puede pasar, nada es descabellado.<\/p>\n<hr \/>\n<p><strong>El sue\u00f1o de la plaza de mercado de El Santuario ya se empieza a ver<br \/>\n<img src=\"https:\/\/i0.wp.com\/www.alternativaregional.com\/wp-content\/uploads\/2022\/08\/WhatsApp-Image-2022-08-27-at-12.27.06-PM-640x360.jpeg?resize=640%2C360&#038;ssl=1\" data-recalc-dims=\"1\" \/><br \/>\n<\/strong><\/p>\n<p style=\"text-align: justify;\">En El Santuario est\u00e1n muy felices, pues seg\u00fan reporta su alcalde Juan David Zuluaga, despu\u00e9s de varios a\u00f1os de so\u00f1arlo, la plaza de mercado ya va tomando forma, pues ya hay hechos tangibles, que se pueden ver y tocar, como por ejemplo, el cerramiento y construcci\u00f3n del campamento para el ingreso de la maquinaria que levantar\u00e1 la moderna sede del Centro de Desarrollo Agroindustrial, as\u00ed mismo, ya iniciaron los trabajos del levantamiento topogr\u00e1fico. El pr\u00f3ximo s\u00e1bado 3 de septiembre con presentaci\u00f3n de Yeison Jim\u00e9nez ser\u00e1 la celebraci\u00f3n del d\u00eda del campesino, en donde se espera que las Juntas de Acci\u00f3n Comunal puedan recorrer los primeros trabajos de esta obra.<\/p>\n<hr \/>\n<p style=\"text-align: justify;\"><strong>Ya est\u00e1n cortando cintas<br \/>\n<img loading=\"lazy\" class=\"alignnone size-thumbnail wp-image-9443\" src=\"https:\/\/i0.wp.com\/www.conmarcapropia.com\/portal\/wp-content\/uploads\/2022\/08\/Alcalde-de-Guarne.jpg?resize=300%2C200\" alt=\"\" width=\"300\" height=\"200\" srcset=\"https:\/\/i0.wp.com\/www.conmarcapropia.com\/portal\/wp-content\/uploads\/2022\/08\/Alcalde-de-Guarne.jpg?resize=300%2C200&amp;ssl=1 300w, https:\/\/i0.wp.com\/www.conmarcapropia.com\/portal\/wp-content\/uploads\/2022\/08\/Alcalde-de-Guarne.jpg?resize=400%2C267&amp;ssl=1 400w, https:\/\/i0.wp.com\/www.conmarcapropia.com\/portal\/wp-content\/uploads\/2022\/08\/Alcalde-de-Guarne.jpg?resize=1024%2C683&amp;ssl=1 1024w, https:\/\/i0.wp.com\/www.conmarcapropia.com\/portal\/wp-content\/uploads\/2022\/08\/Alcalde-de-Guarne.jpg?resize=768%2C512&amp;ssl=1 768w, https:\/\/i0.wp.com\/www.conmarcapropia.com\/portal\/wp-content\/uploads\/2022\/08\/Alcalde-de-Guarne.jpg?w=1080&amp;ssl=1 1080w\" sizes=\"(max-width: 300px) 100vw, 300px\" data-recalc-dims=\"1\" \/><br \/>\n<\/strong><\/p>\n<p style=\"text-align: justify;\">En Guarne ya est\u00e1n cortando cintas y eso le da un nuevo aire a la administraci\u00f3n de Marcelo Betancur, el pasado s\u00e1bado vimos al alcalde Marcelo feliz echando tijera, pero no para motilar sino para cortar la cinta de las obras que le est\u00e1n cambiando la cara \u00a0a diversos sectores del municipio con trabajos de redes de alcantarillado y para mejorar la movilidad. El alcalde y su equipo echaron zapato parejo y ese d\u00eda se desplazaron a los siguientes sectores: la calle verdolaga del barrio San Vicente, la perimetral del barrio Santo Tom\u00e1s, sector la Mulona, la carrera 49 del barrio San Francisco, el sector Santa Catalina, al barrio Vegas de San Antonio y al barrio Centro Plaza. As\u00ed si es bonito, alcalde cortando cintas para entregar obras.<\/p>\n<hr \/>\n<p><a href=\"https:\/\/www.alternativaregional.com\/rionegro\/notas-al-oido-172-agosto-de-2022.html\" target=\"_blank\" rel=\"noopener noreferrer\"><strong>Notas al O\u00eddo N\u00b0 174<\/strong><\/a><br \/>\n<a href=\"https:\/\/www.alternativaregional.com\/politica\/notas-al-oido-152.html\" target=\"_blank\" rel=\"noopener noreferrer\"><img loading=\"lazy\" class=\"alignnone wp-image-5189 jetpack-lazy-image jetpack-lazy-image--handled\" src=\"https:\/\/i1.wp.com\/www.quienesquien.co\/wp-content\/uploads\/2020\/07\/Notas-al-o%C3%ADdo.png?resize=350%2C339\" sizes=\"(max-width: 350px) 100vw, 350px\" srcset=\"https:\/\/i1.wp.com\/www.quienesquien.co\/wp-content\/uploads\/2020\/07\/Notas-al-o\u00eddo.png?w=262&amp;ssl=1 262w, https:\/\/i1.wp.com\/www.quienesquien.co\/wp-content\/uploads\/2020\/07\/Notas-al-o\u00eddo.png?resize=200%2C194&amp;ssl=1 200w, https:\/\/i1.wp.com\/www.quienesquien.co\/wp-content\/uploads\/2020\/07\/Notas-al-o\u00eddo.png?resize=150%2C145&amp;ssl=1 150w\" alt=\"\" width=\"350\" height=\"339\" data-attachment-id=\"5189\" data-permalink=\"https:\/\/www.quienesquien.co\/runrun-politico-86\/notas-al-oido-51\/\" data-orig-file=\"https:\/\/i1.wp.com\/www.quienesquien.co\/wp-content\/uploads\/2020\/07\/Notas-al-o\u00eddo.png?fit=262%2C254&amp;ssl=1\" data-orig-size=\"262,254\" data-comments-opened=\"1\" data-image-meta=\"{&quot;aperture&quot;:&quot;0&quot;,&quot;credit&quot;:&quot;&quot;,&quot;camera&quot;:&quot;&quot;,&quot;caption&quot;:&quot;&quot;,&quot;created_timestamp&quot;:&quot;0&quot;,&quot;copyright&quot;:&quot;&quot;,&quot;focal_length&quot;:&quot;0&quot;,&quot;iso&quot;:&quot;0&quot;,&quot;shutter_speed&quot;:&quot;0&quot;,&quot;title&quot;:&quot;&quot;,&quot;orientation&quot;:&quot;0&quot;}\" data-image-title=\"Notas al o\u00eddo\" data-image-description=\"\" data-medium-file=\"https:\/\/i1.wp.com\/www.quienesquien.co\/wp-content\/uploads\/2020\/07\/Notas-al-o\u00eddo.png?fit=200%2C194&amp;ssl=1\" data-large-file=\"https:\/\/i1.wp.com\/www.quienesquien.co\/wp-content\/uploads\/2020\/07\/Notas-al-o\u00eddo.png?fit=262%2C254&amp;ssl=1\" data-lazy-loaded=\"1\" \/><\/a><\/p>\n<hr \/>\n<p><strong><a href=\"https:\/\/www.quienesquien.co\/runrun-politico-178\/\" target=\"_blank\" rel=\"noopener noreferrer\">Runr\u00fan Pol\u00edtico 178<\/a><br \/>\n<a href=\"https:\/\/www.quienesquien.co\/runrun-politico-155\/\" target=\"_blank\" rel=\"noopener noreferrer\"><img loading=\"lazy\" class=\"alignnone wp-image-5187 jetpack-lazy-image jetpack-lazy-image--handled\" src=\"https:\/\/i1.wp.com\/www.quienesquien.co\/wp-content\/uploads\/2020\/07\/runrun-pol%C3%ADtico.png?resize=350%2C339\" sizes=\"(max-width: 350px) 100vw, 350px\" srcset=\"https:\/\/i1.wp.com\/www.quienesquien.co\/wp-content\/uploads\/2020\/07\/runrun-pol\u00edtico.png?w=262&amp;ssl=1 262w, https:\/\/i1.wp.com\/www.quienesquien.co\/wp-content\/uploads\/2020\/07\/runrun-pol\u00edtico.png?resize=200%2C194&amp;ssl=1 200w, https:\/\/i1.wp.com\/www.quienesquien.co\/wp-content\/uploads\/2020\/07\/runrun-pol\u00edtico.png?resize=150%2C145&amp;ssl=1 150w\" alt=\"\" width=\"350\" height=\"339\" data-attachment-id=\"5187\" data-permalink=\"https:\/\/www.quienesquien.co\/runrun-politico-86\/runrun-politico\/\" data-orig-file=\"https:\/\/i1.wp.com\/www.quienesquien.co\/wp-content\/uploads\/2020\/07\/runrun-pol\u00edtico.png?fit=262%2C254&amp;ssl=1\" data-orig-size=\"262,254\" data-comments-opened=\"1\" data-image-meta=\"{&quot;aperture&quot;:&quot;0&quot;,&quot;credit&quot;:&quot;&quot;,&quot;camera&quot;:&quot;&quot;,&quot;caption&quot;:&quot;&quot;,&quot;created_timestamp&quot;:&quot;0&quot;,&quot;copyright&quot;:&quot;&quot;,&quot;focal_length&quot;:&quot;0&quot;,&quot;iso&quot;:&quot;0&quot;,&quot;shutter_speed&quot;:&quot;0&quot;,&quot;title&quot;:&quot;&quot;,&quot;orientation&quot;:&quot;0&quot;}\" data-image-title=\"runrun pol\u00edtico\" data-image-description=\"\" data-medium-file=\"https:\/\/i1.wp.com\/www.quienesquien.co\/wp-content\/uploads\/2020\/07\/runrun-pol\u00edtico.png?fit=200%2C194&amp;ssl=1\" data-large-file=\"https:\/\/i1.wp.com\/www.quienesquien.co\/wp-content\/uploads\/2020\/07\/runrun-pol\u00edtico.png?fit=262%2C254&amp;ssl=1\" data-lazy-loaded=\"1\" \/><\/a><\/strong><\/p>\n","protected":false},"excerpt":{"rendered":"<p>Adi\u00f3s al l\u00edder Gran pesar caus\u00f3 en el Oriente el deceso del reconocido dirigente pol\u00edtico y c\u00edvico, H\u00e9ctor Iv\u00e1n Gonz\u00e1lez Casta\u00f1o, el afamado \u201cl\u00edder\u201d, como llamaba a quienes lo rodeaban y as\u00ed fue reconocido por su persistencia para sacar adelante esa monumental y colosal obra para atender personas en situaci\u00f3n de discapacidad, Corporaci\u00f3n El Progreso [&hellip;]<\/p>\n","protected":false},"author":11,"featured_media":9440,"comment_status":"closed","ping_status":"closed","sticky":false,"template":"","format":"standard","meta":{"om_disable_all_campaigns":false,"_monsterinsights_skip_tracking":false,"_uf_show_specific_survey":0,"_uf_disable_surveys":false,"jetpack_post_was_ever_published":false},"categories":[3],"tags":[1558,126,1556,1555,1554,1557,323,10],"aioseo_notices":[],"aioseo_head":"\n\t\t<!-- All in One SEO 5.0.1.1 - aioseo.com -->\n\t<meta name=\"description\" content=\"Adi\u00f3s al l\u00edder Gran pesar caus\u00f3 en el Oriente el deceso del reconocido dirigente pol\u00edtico y c\u00edvico, H\u00e9ctor Iv\u00e1n Gonz\u00e1lez Casta\u00f1o, el afamado \u201cl\u00edder\u201d, como llamaba a quienes lo rodeaban y as\u00ed fue reconocido por su persistencia para sacar adelante esa monumental y colosal obra para atender personas en situaci\u00f3n de discapacidad, Corporaci\u00f3n El Progreso\" \/>\n\t<meta name=\"robots\" content=\"max-image-preview:large\" \/>\n\t<meta name=\"author\" content=\"Editor\"\/>\n\t<link rel=\"canonical\" href=\"https:\/\/www.conmarcapropia.com\/portal\/se-rumora-n450-semana-del-24-al-29-de-agosto-de-2022\/\" \/>\n\t<meta name=\"generator\" content=\"All in One SEO (AIOSEO) 5.0.1.1\" \/>\n\t\t<meta property=\"og:locale\" content=\"es_ES\" \/>\n\t\t<meta property=\"og:site_name\" content=\"ConMarcaPropia - cmp@conmarcapropia.com\" \/>\n\t\t<meta property=\"og:type\" content=\"article\" \/>\n\t\t<meta property=\"og:title\" content=\"Se Rumora N\u00b0450 (semana del 24 al 29 de Agosto de 2022) - ConMarcaPropia\" \/>\n\t\t<meta property=\"og:description\" content=\"Adi\u00f3s al l\u00edder Gran pesar caus\u00f3 en el Oriente el deceso del reconocido dirigente pol\u00edtico y c\u00edvico, H\u00e9ctor Iv\u00e1n Gonz\u00e1lez Casta\u00f1o, el afamado \u201cl\u00edder\u201d, como llamaba a quienes lo rodeaban y as\u00ed fue reconocido por su persistencia para sacar adelante esa monumental y colosal obra para atender personas en situaci\u00f3n de discapacidad, Corporaci\u00f3n El Progreso\" \/>\n\t\t<meta property=\"og:url\" content=\"https:\/\/www.conmarcapropia.com\/portal\/se-rumora-n450-semana-del-24-al-29-de-agosto-de-2022\/\" \/>\n\t\t<meta property=\"og:image\" content=\"https:\/\/i0.wp.com\/www.conmarcapropia.com\/portal\/wp-content\/uploads\/2022\/08\/cropped-CONAMR.png?fit=500%2C100&#038;ssl=1\" \/>\n\t\t<meta property=\"og:image:secure_url\" content=\"https:\/\/i0.wp.com\/www.conmarcapropia.com\/portal\/wp-content\/uploads\/2022\/08\/cropped-CONAMR.png?fit=500%2C100&#038;ssl=1\" \/>\n\t\t<meta property=\"article:published_time\" content=\"2022-08-29T18:15:45+00:00\" \/>\n\t\t<meta property=\"article:modified_time\" content=\"2022-09-05T15:47:21+00:00\" \/>\n\t\t<meta name=\"twitter:card\" content=\"summary_large_image\" \/>\n\t\t<meta name=\"twitter:title\" content=\"Se Rumora N\u00b0450 (semana del 24 al 29 de Agosto de 2022) - ConMarcaPropia\" \/>\n\t\t<meta name=\"twitter:description\" content=\"Adi\u00f3s al l\u00edder Gran pesar caus\u00f3 en el Oriente el deceso del reconocido dirigente pol\u00edtico y c\u00edvico, H\u00e9ctor Iv\u00e1n Gonz\u00e1lez Casta\u00f1o, el afamado \u201cl\u00edder\u201d, como llamaba a quienes lo rodeaban y as\u00ed fue reconocido por su persistencia para sacar adelante esa monumental y colosal obra para atender personas en situaci\u00f3n de discapacidad, Corporaci\u00f3n El Progreso\" \/>\n\t\t<meta name=\"twitter:image\" content=\"https:\/\/i0.wp.com\/www.conmarcapropia.com\/portal\/wp-content\/uploads\/2022\/08\/cropped-CONAMR.png?fit=500%2C100&amp;ssl=1\" \/>\n\t\t<script type=\"application\/ld+json\" class=\"aioseo-schema\">\n\t\t\t{\"@context\":\"https:\\\/\\\/schema.org\",\"@graph\":[{\"@type\":\"BlogPosting\",\"@id\":\"https:\\\/\\\/www.conmarcapropia.com\\\/portal\\\/se-rumora-n450-semana-del-24-al-29-de-agosto-de-2022\\\/#blogposting\",\"name\":\"Se Rumora N\\u00b0450 (semana del 24 al 29 de Agosto de 2022) - ConMarcaPropia\",\"headline\":\"Se Rumora N\\u00b0450 (semana del 24 al 29 de Agosto de 2022)\",\"author\":{\"@id\":\"https:\\\/\\\/www.conmarcapropia.com\\\/portal\\\/author\\\/carlosp\\\/#author\"},\"publisher\":{\"@id\":\"https:\\\/\\\/www.conmarcapropia.com\\\/portal\\\/#organization\"},\"image\":{\"@type\":\"ImageObject\",\"url\":\"https:\\\/\\\/i0.wp.com\\\/www.conmarcapropia.com\\\/portal\\\/wp-content\\\/uploads\\\/2022\\\/08\\\/Hector-Ivan-Gonzalez.jpg?fit=960%2C640&ssl=1\",\"width\":960,\"height\":640},\"datePublished\":\"2022-08-29T13:15:45-05:00\",\"dateModified\":\"2022-09-05T10:47:21-05:00\",\"inLanguage\":\"es-ES\",\"mainEntityOfPage\":{\"@id\":\"https:\\\/\\\/www.conmarcapropia.com\\\/portal\\\/se-rumora-n450-semana-del-24-al-29-de-agosto-de-2022\\\/#webpage\"},\"isPartOf\":{\"@id\":\"https:\\\/\\\/www.conmarcapropia.com\\\/portal\\\/se-rumora-n450-semana-del-24-al-29-de-agosto-de-2022\\\/#webpage\"},\"articleSection\":\"Se Rumora, conservadores de El Santuario, Guarne, H\\u00e9ctor Duque, Juan David Zuluaga plaza de mercado, Marcelo Betancur, Mauricio Giraldo lazos de amor mariano, pol\\u00ectica Oriente antioque\\u00f1o, se rumora\"},{\"@type\":\"BreadcrumbList\",\"@id\":\"https:\\\/\\\/www.conmarcapropia.com\\\/portal\\\/se-rumora-n450-semana-del-24-al-29-de-agosto-de-2022\\\/#breadcrumblist\",\"itemListElement\":[{\"@type\":\"ListItem\",\"@id\":\"https:\\\/\\\/www.conmarcapropia.com\\\/portal#listItem\",\"position\":1,\"name\":\"Home\",\"item\":\"https:\\\/\\\/www.conmarcapropia.com\\\/portal\",\"nextItem\":{\"@type\":\"ListItem\",\"@id\":\"https:\\\/\\\/www.conmarcapropia.com\\\/portal\\\/tema\\\/se-rumora\\\/#listItem\",\"name\":\"Se Rumora\"}},{\"@type\":\"ListItem\",\"@id\":\"https:\\\/\\\/www.conmarcapropia.com\\\/portal\\\/tema\\\/se-rumora\\\/#listItem\",\"position\":2,\"name\":\"Se Rumora\",\"item\":\"https:\\\/\\\/www.conmarcapropia.com\\\/portal\\\/tema\\\/se-rumora\\\/\",\"nextItem\":{\"@type\":\"ListItem\",\"@id\":\"https:\\\/\\\/www.conmarcapropia.com\\\/portal\\\/se-rumora-n450-semana-del-24-al-29-de-agosto-de-2022\\\/#listItem\",\"name\":\"Se Rumora N\\u00b0450 (semana del 24 al 29 de Agosto de 2022)\"},\"previousItem\":{\"@type\":\"ListItem\",\"@id\":\"https:\\\/\\\/www.conmarcapropia.com\\\/portal#listItem\",\"name\":\"Home\"}},{\"@type\":\"ListItem\",\"@id\":\"https:\\\/\\\/www.conmarcapropia.com\\\/portal\\\/se-rumora-n450-semana-del-24-al-29-de-agosto-de-2022\\\/#listItem\",\"position\":3,\"name\":\"Se Rumora N\\u00b0450 (semana del 24 al 29 de Agosto de 2022)\",\"previousItem\":{\"@type\":\"ListItem\",\"@id\":\"https:\\\/\\\/www.conmarcapropia.com\\\/portal\\\/tema\\\/se-rumora\\\/#listItem\",\"name\":\"Se Rumora\"}}]},{\"@type\":\"Organization\",\"@id\":\"https:\\\/\\\/www.conmarcapropia.com\\\/portal\\\/#organization\",\"name\":\"ConMarcaPropia\",\"description\":\"cmp@conmarcapropia.com\",\"url\":\"https:\\\/\\\/www.conmarcapropia.com\\\/portal\\\/\",\"logo\":{\"@type\":\"ImageObject\",\"url\":\"https:\\\/\\\/i0.wp.com\\\/www.conmarcapropia.com\\\/portal\\\/wp-content\\\/uploads\\\/2022\\\/08\\\/cropped-CONAMR.png?fit=500%2C100&ssl=1\",\"@id\":\"https:\\\/\\\/www.conmarcapropia.com\\\/portal\\\/se-rumora-n450-semana-del-24-al-29-de-agosto-de-2022\\\/#organizationLogo\",\"width\":500,\"height\":100},\"image\":{\"@id\":\"https:\\\/\\\/www.conmarcapropia.com\\\/portal\\\/se-rumora-n450-semana-del-24-al-29-de-agosto-de-2022\\\/#organizationLogo\"}},{\"@type\":\"Person\",\"@id\":\"https:\\\/\\\/www.conmarcapropia.com\\\/portal\\\/author\\\/carlosp\\\/#author\",\"url\":\"https:\\\/\\\/www.conmarcapropia.com\\\/portal\\\/author\\\/carlosp\\\/\",\"name\":\"Editor\",\"image\":{\"@type\":\"ImageObject\",\"@id\":\"https:\\\/\\\/www.conmarcapropia.com\\\/portal\\\/se-rumora-n450-semana-del-24-al-29-de-agosto-de-2022\\\/#authorImage\",\"url\":\"https:\\\/\\\/secure.gravatar.com\\\/avatar\\\/444d08604116fee1399108703e7d90e7?s=96&d=mm&r=g\",\"width\":96,\"height\":96,\"caption\":\"Editor\"}},{\"@type\":\"WebPage\",\"@id\":\"https:\\\/\\\/www.conmarcapropia.com\\\/portal\\\/se-rumora-n450-semana-del-24-al-29-de-agosto-de-2022\\\/#webpage\",\"url\":\"https:\\\/\\\/www.conmarcapropia.com\\\/portal\\\/se-rumora-n450-semana-del-24-al-29-de-agosto-de-2022\\\/\",\"name\":\"Se Rumora N\\u00b0450 (semana del 24 al 29 de Agosto de 2022) - ConMarcaPropia\",\"description\":\"Adi\\u00f3s al l\\u00edder Gran pesar caus\\u00f3 en el Oriente el deceso del reconocido dirigente pol\\u00edtico y c\\u00edvico, H\\u00e9ctor Iv\\u00e1n Gonz\\u00e1lez Casta\\u00f1o, el afamado \\u201cl\\u00edder\\u201d, como llamaba a quienes lo rodeaban y as\\u00ed fue reconocido por su persistencia para sacar adelante esa monumental y colosal obra para atender personas en situaci\\u00f3n de discapacidad, Corporaci\\u00f3n El Progreso\",\"inLanguage\":\"es-ES\",\"isPartOf\":{\"@id\":\"https:\\\/\\\/www.conmarcapropia.com\\\/portal\\\/#website\"},\"breadcrumb\":{\"@id\":\"https:\\\/\\\/www.conmarcapropia.com\\\/portal\\\/se-rumora-n450-semana-del-24-al-29-de-agosto-de-2022\\\/#breadcrumblist\"},\"author\":{\"@id\":\"https:\\\/\\\/www.conmarcapropia.com\\\/portal\\\/author\\\/carlosp\\\/#author\"},\"creator\":{\"@id\":\"https:\\\/\\\/www.conmarcapropia.com\\\/portal\\\/author\\\/carlosp\\\/#author\"},\"image\":{\"@type\":\"ImageObject\",\"url\":\"https:\\\/\\\/i0.wp.com\\\/www.conmarcapropia.com\\\/portal\\\/wp-content\\\/uploads\\\/2022\\\/08\\\/Hector-Ivan-Gonzalez.jpg?fit=960%2C640&ssl=1\",\"@id\":\"https:\\\/\\\/www.conmarcapropia.com\\\/portal\\\/se-rumora-n450-semana-del-24-al-29-de-agosto-de-2022\\\/#mainImage\",\"width\":960,\"height\":640},\"primaryImageOfPage\":{\"@id\":\"https:\\\/\\\/www.conmarcapropia.com\\\/portal\\\/se-rumora-n450-semana-del-24-al-29-de-agosto-de-2022\\\/#mainImage\"},\"datePublished\":\"2022-08-29T13:15:45-05:00\",\"dateModified\":\"2022-09-05T10:47:21-05:00\"},{\"@type\":\"WebSite\",\"@id\":\"https:\\\/\\\/www.conmarcapropia.com\\\/portal\\\/#website\",\"url\":\"https:\\\/\\\/www.conmarcapropia.com\\\/portal\\\/\",\"name\":\"ConMarcaPropia\",\"description\":\"cmp@conmarcapropia.com\",\"inLanguage\":\"es-ES\",\"publisher\":{\"@id\":\"https:\\\/\\\/www.conmarcapropia.com\\\/portal\\\/#organization\"}}]}\n\t\t<\/script>\n\t\t<!-- All in One SEO -->\n\n","aioseo_head_json":{"title":"Se Rumora N\u00b0450 (semana del 24 al 29 de Agosto de 2022) - ConMarcaPropia","description":"Adi\u00f3s al l\u00edder Gran pesar caus\u00f3 en el Oriente el deceso del reconocido dirigente pol\u00edtico y c\u00edvico, H\u00e9ctor Iv\u00e1n Gonz\u00e1lez Casta\u00f1o, el afamado \u201cl\u00edder\u201d, como llamaba a quienes lo rodeaban y as\u00ed fue reconocido por su persistencia para sacar adelante esa monumental y colosal obra para atender personas en situaci\u00f3n de discapacidad, Corporaci\u00f3n El Progreso","canonical_url":"https:\/\/www.conmarcapropia.com\/portal\/se-rumora-n450-semana-del-24-al-29-de-agosto-de-2022\/","robots":"max-image-preview:large","keywords":"","webmasterTools":{"miscellaneous":""},"schema":{"@context":"https:\/\/schema.org","@graph":[{"@type":"BlogPosting","@id":"https:\/\/www.conmarcapropia.com\/portal\/se-rumora-n450-semana-del-24-al-29-de-agosto-de-2022\/#blogposting","name":"Se Rumora N\u00b0450 (semana del 24 al 29 de Agosto de 2022) - ConMarcaPropia","headline":"Se Rumora N\u00b0450 (semana del 24 al 29 de Agosto de 2022)","author":{"@id":"https:\/\/www.conmarcapropia.com\/portal\/author\/carlosp\/#author"},"publisher":{"@id":"https:\/\/www.conmarcapropia.com\/portal\/#organization"},"image":{"@type":"ImageObject","url":"https:\/\/i0.wp.com\/www.conmarcapropia.com\/portal\/wp-content\/uploads\/2022\/08\/Hector-Ivan-Gonzalez.jpg?fit=960%2C640&ssl=1","width":960,"height":640},"datePublished":"2022-08-29T13:15:45-05:00","dateModified":"2022-09-05T10:47:21-05:00","inLanguage":"es-ES","mainEntityOfPage":{"@id":"https:\/\/www.conmarcapropia.com\/portal\/se-rumora-n450-semana-del-24-al-29-de-agosto-de-2022\/#webpage"},"isPartOf":{"@id":"https:\/\/www.conmarcapropia.com\/portal\/se-rumora-n450-semana-del-24-al-29-de-agosto-de-2022\/#webpage"},"articleSection":"Se Rumora, conservadores de El Santuario, Guarne, H\u00e9ctor Duque, Juan David Zuluaga plaza de mercado, Marcelo Betancur, Mauricio Giraldo lazos de amor mariano, pol\u00ectica Oriente antioque\u00f1o, se rumora"},{"@type":"BreadcrumbList","@id":"https:\/\/www.conmarcapropia.com\/portal\/se-rumora-n450-semana-del-24-al-29-de-agosto-de-2022\/#breadcrumblist","itemListElement":[{"@type":"ListItem","@id":"https:\/\/www.conmarcapropia.com\/portal#listItem","position":1,"name":"Home","item":"https:\/\/www.conmarcapropia.com\/portal","nextItem":{"@type":"ListItem","@id":"https:\/\/www.conmarcapropia.com\/portal\/tema\/se-rumora\/#listItem","name":"Se Rumora"}},{"@type":"ListItem","@id":"https:\/\/www.conmarcapropia.com\/portal\/tema\/se-rumora\/#listItem","position":2,"name":"Se Rumora","item":"https:\/\/www.conmarcapropia.com\/portal\/tema\/se-rumora\/","nextItem":{"@type":"ListItem","@id":"https:\/\/www.conmarcapropia.com\/portal\/se-rumora-n450-semana-del-24-al-29-de-agosto-de-2022\/#listItem","name":"Se Rumora N\u00b0450 (semana del 24 al 29 de Agosto de 2022)"},"previousItem":{"@type":"ListItem","@id":"https:\/\/www.conmarcapropia.com\/portal#listItem","name":"Home"}},{"@type":"ListItem","@id":"https:\/\/www.conmarcapropia.com\/portal\/se-rumora-n450-semana-del-24-al-29-de-agosto-de-2022\/#listItem","position":3,"name":"Se Rumora N\u00b0450 (semana del 24 al 29 de Agosto de 2022)","previousItem":{"@type":"ListItem","@id":"https:\/\/www.conmarcapropia.com\/portal\/tema\/se-rumora\/#listItem","name":"Se Rumora"}}]},{"@type":"Organization","@id":"https:\/\/www.conmarcapropia.com\/portal\/#organization","name":"ConMarcaPropia","description":"cmp@conmarcapropia.com","url":"https:\/\/www.conmarcapropia.com\/portal\/","logo":{"@type":"ImageObject","url":"https:\/\/i0.wp.com\/www.conmarcapropia.com\/portal\/wp-content\/uploads\/2022\/08\/cropped-CONAMR.png?fit=500%2C100&ssl=1","@id":"https:\/\/www.conmarcapropia.com\/portal\/se-rumora-n450-semana-del-24-al-29-de-agosto-de-2022\/#organizationLogo","width":500,"height":100},"image":{"@id":"https:\/\/www.conmarcapropia.com\/portal\/se-rumora-n450-semana-del-24-al-29-de-agosto-de-2022\/#organizationLogo"}},{"@type":"Person","@id":"https:\/\/www.conmarcapropia.com\/portal\/author\/carlosp\/#author","url":"https:\/\/www.conmarcapropia.com\/portal\/author\/carlosp\/","name":"Editor","image":{"@type":"ImageObject","@id":"https:\/\/www.conmarcapropia.com\/portal\/se-rumora-n450-semana-del-24-al-29-de-agosto-de-2022\/#authorImage","url":"https:\/\/secure.gravatar.com\/avatar\/444d08604116fee1399108703e7d90e7?s=96&d=mm&r=g","width":96,"height":96,"caption":"Editor"}},{"@type":"WebPage","@id":"https:\/\/www.conmarcapropia.com\/portal\/se-rumora-n450-semana-del-24-al-29-de-agosto-de-2022\/#webpage","url":"https:\/\/www.conmarcapropia.com\/portal\/se-rumora-n450-semana-del-24-al-29-de-agosto-de-2022\/","name":"Se Rumora N\u00b0450 (semana del 24 al 29 de Agosto de 2022) - ConMarcaPropia","description":"Adi\u00f3s al l\u00edder Gran pesar caus\u00f3 en el Oriente el deceso del reconocido dirigente pol\u00edtico y c\u00edvico, H\u00e9ctor Iv\u00e1n Gonz\u00e1lez Casta\u00f1o, el afamado \u201cl\u00edder\u201d, como llamaba a quienes lo rodeaban y as\u00ed fue reconocido por su persistencia para sacar adelante esa monumental y colosal obra para atender personas en situaci\u00f3n de discapacidad, Corporaci\u00f3n El Progreso","inLanguage":"es-ES","isPartOf":{"@id":"https:\/\/www.conmarcapropia.com\/portal\/#website"},"breadcrumb":{"@id":"https:\/\/www.conmarcapropia.com\/portal\/se-rumora-n450-semana-del-24-al-29-de-agosto-de-2022\/#breadcrumblist"},"author":{"@id":"https:\/\/www.conmarcapropia.com\/portal\/author\/carlosp\/#author"},"creator":{"@id":"https:\/\/www.conmarcapropia.com\/portal\/author\/carlosp\/#author"},"image":{"@type":"ImageObject","url":"https:\/\/i0.wp.com\/www.conmarcapropia.com\/portal\/wp-content\/uploads\/2022\/08\/Hector-Ivan-Gonzalez.jpg?fit=960%2C640&ssl=1","@id":"https:\/\/www.conmarcapropia.com\/portal\/se-rumora-n450-semana-del-24-al-29-de-agosto-de-2022\/#mainImage","width":960,"height":640},"primaryImageOfPage":{"@id":"https:\/\/www.conmarcapropia.com\/portal\/se-rumora-n450-semana-del-24-al-29-de-agosto-de-2022\/#mainImage"},"datePublished":"2022-08-29T13:15:45-05:00","dateModified":"2022-09-05T10:47:21-05:00"},{"@type":"WebSite","@id":"https:\/\/www.conmarcapropia.com\/portal\/#website","url":"https:\/\/www.conmarcapropia.com\/portal\/","name":"ConMarcaPropia","description":"cmp@conmarcapropia.com","inLanguage":"es-ES","publisher":{"@id":"https:\/\/www.conmarcapropia.com\/portal\/#organization"}}]},"og:locale":"es_ES","og:site_name":"ConMarcaPropia - cmp@conmarcapropia.com","og:type":"article","og:title":"Se Rumora N\u00b0450 (semana del 24 al 29 de Agosto de 2022) - ConMarcaPropia","og:description":"Adi\u00f3s al l\u00edder Gran pesar caus\u00f3 en el Oriente el deceso del reconocido dirigente pol\u00edtico y c\u00edvico, H\u00e9ctor Iv\u00e1n Gonz\u00e1lez Casta\u00f1o, el afamado \u201cl\u00edder\u201d, como llamaba a quienes lo rodeaban y as\u00ed fue reconocido por su persistencia para sacar adelante esa monumental y colosal obra para atender personas en situaci\u00f3n de discapacidad, Corporaci\u00f3n El Progreso","og:url":"https:\/\/www.conmarcapropia.com\/portal\/se-rumora-n450-semana-del-24-al-29-de-agosto-de-2022\/","og:image":"https:\/\/i0.wp.com\/www.conmarcapropia.com\/portal\/wp-content\/uploads\/2022\/08\/cropped-CONAMR.png?fit=500%2C100&#038;ssl=1","og:image:secure_url":"https:\/\/i0.wp.com\/www.conmarcapropia.com\/portal\/wp-content\/uploads\/2022\/08\/cropped-CONAMR.png?fit=500%2C100&#038;ssl=1","article:published_time":"2022-08-29T18:15:45+00:00","article:modified_time":"2022-09-05T15:47:21+00:00","twitter:card":"summary_large_image","twitter:title":"Se Rumora N\u00b0450 (semana del 24 al 29 de Agosto de 2022) - ConMarcaPropia","twitter:description":"Adi\u00f3s al l\u00edder Gran pesar caus\u00f3 en el Oriente el deceso del reconocido dirigente pol\u00edtico y c\u00edvico, H\u00e9ctor Iv\u00e1n Gonz\u00e1lez Casta\u00f1o, el afamado \u201cl\u00edder\u201d, como llamaba a quienes lo rodeaban y as\u00ed fue reconocido por su persistencia para sacar adelante esa monumental y colosal obra para atender personas en situaci\u00f3n de discapacidad, Corporaci\u00f3n El Progreso","twitter:image":"https:\/\/i0.wp.com\/www.conmarcapropia.com\/portal\/wp-content\/uploads\/2022\/08\/cropped-CONAMR.png?fit=500%2C100&ssl=1"},"aioseo_meta_data":{"post_id":"9439","title":null,"description":null,"keywords":null,"keyphrases":null,"primary_term":null,"canonical_url":null,"og_title":null,"og_description":null,"og_object_type":"default","og_image_type":"default","og_image_url":null,"og_image_width":null,"og_image_height":null,"og_image_custom_url":null,"og_image_custom_fields":null,"og_video":null,"og_custom_url":null,"og_article_section":null,"og_article_tags":null,"twitter_use_og":false,"twitter_card":"default","twitter_image_type":"default","twitter_image_url":null,"twitter_image_custom_url":null,"twitter_image_custom_fields":null,"twitter_title":null,"twitter_description":null,"schema":{"blockGraphs":[],"customGraphs":[],"default":{"data":{"Article":[],"Course":[],"Dataset":[],"FAQPage":[],"Movie":[],"Person":[],"Product":[],"ProductReview":[],"Car":[],"Recipe":[],"Service":[],"SoftwareApplication":[],"WebPage":[]},"graphName":"","isEnabled":true},"graphs":[]},"schema_type":"default","schema_type_options":null,"pillar_content":false,"robots_default":true,"robots_noindex":false,"robots_noarchive":false,"robots_nosnippet":false,"robots_nofollow":false,"robots_noimageindex":false,"robots_noodp":false,"robots_notranslate":false,"robots_max_snippet":null,"robots_max_videopreview":null,"robots_max_imagepreview":"large","priority":null,"frequency":null,"local_seo":null,"breadcrumb_settings":null,"limit_modified_date":false,"ai":null,"created":"2023-11-11 16:21:59","updated":"2023-11-11 16:21:59","seo_analyzer_scan_date":null,"focus_keyword":null,"additional_keywords":null,"truseo_locale":null},"aioseo_breadcrumb":"<div class=\"aioseo-breadcrumbs\"><span class=\"aioseo-breadcrumb\">\n\t\t\t<a href=\"https:\/\/www.conmarcapropia.com\/portal\" title=\"Home\">Home<\/a>\n\t\t<\/span><span class=\"aioseo-breadcrumb-separator\">&raquo;<\/span><span class=\"aioseo-breadcrumb\">\n\t\t\t<a href=\"https:\/\/www.conmarcapropia.com\/portal\/tema\/se-rumora\/\" title=\"Se Rumora\">Se Rumora<\/a>\n\t\t<\/span><span class=\"aioseo-breadcrumb-separator\">&raquo;<\/span><span class=\"aioseo-breadcrumb\">\n\t\t\tSe Rumora N\u00b0450 (semana del 24 al 29 de Agosto de 2022)\n\t\t<\/span><\/div>","aioseo_breadcrumb_json":[{"label":"Home","link":"https:\/\/www.conmarcapropia.com\/portal"},{"label":"Se Rumora","link":"https:\/\/www.conmarcapropia.com\/portal\/tema\/se-rumora\/"},{"label":"Se Rumora N\u00b0450 (semana del 24 al 29 de Agosto de 2022)","link":"https:\/\/www.conmarcapropia.com\/portal\/se-rumora-n450-semana-del-24-al-29-de-agosto-de-2022\/"}],"yoast_head":"<!-- This site is optimized with the Yoast SEO plugin v20.6 - https:\/\/yoast.com\/wordpress\/plugins\/seo\/ -->\n<title>Se Rumora N\u00b0450 (semana del 24 al 29 de Agosto de 2022) - ConMarcaPropia<\/title>\n<meta name=\"robots\" content=\"index, follow, max-snippet:-1, max-image-preview:large, max-video-preview:-1\" \/>\n<link rel=\"canonical\" href=\"https:\/\/www.conmarcapropia.com\/portal\/se-rumora-n450-semana-del-24-al-29-de-agosto-de-2022\/\" \/>\n<meta property=\"og:locale\" content=\"es_ES\" \/>\n<meta property=\"og:type\" content=\"article\" \/>\n<meta property=\"og:title\" content=\"Se Rumora N\u00b0450 (semana del 24 al 29 de Agosto de 2022) - ConMarcaPropia\" \/>\n<meta property=\"og:description\" content=\"Adi\u00f3s al l\u00edder Gran pesar caus\u00f3 en el Oriente el deceso del reconocido dirigente pol\u00edtico y c\u00edvico, H\u00e9ctor Iv\u00e1n Gonz\u00e1lez Casta\u00f1o, el afamado \u201cl\u00edder\u201d, como llamaba a quienes lo rodeaban y as\u00ed fue reconocido por su persistencia para sacar adelante esa monumental y colosal obra para atender personas en situaci\u00f3n de discapacidad, Corporaci\u00f3n El Progreso [&hellip;]\" \/>\n<meta property=\"og:url\" content=\"https:\/\/www.conmarcapropia.com\/portal\/se-rumora-n450-semana-del-24-al-29-de-agosto-de-2022\/\" \/>\n<meta property=\"og:site_name\" content=\"ConMarcaPropia\" \/>\n<meta property=\"article:publisher\" content=\"https:\/\/www.facebook.com\/ConMarcaPropiaCom\" \/>\n<meta property=\"article:published_time\" content=\"2022-08-29T18:15:45+00:00\" \/>\n<meta property=\"article:modified_time\" content=\"2022-09-05T15:47:21+00:00\" \/>\n<meta property=\"og:image\" content=\"http:\/\/www.conmarcapropia.com\/portal\/wp-content\/uploads\/2022\/08\/Hector-Ivan-Gonzalez.jpg\" \/>\n\t<meta property=\"og:image:width\" content=\"960\" \/>\n\t<meta property=\"og:image:height\" content=\"640\" \/>\n\t<meta property=\"og:image:type\" content=\"image\/jpeg\" \/>\n<meta name=\"author\" content=\"Editor\" \/>\n<meta name=\"twitter:label1\" content=\"Escrito por\" \/>\n\t<meta name=\"twitter:data1\" content=\"Editor\" \/>\n\t<meta name=\"twitter:label2\" content=\"Tiempo de lectura\" \/>\n\t<meta name=\"twitter:data2\" content=\"11 minutos\" \/>\n<script type=\"application\/ld+json\" class=\"yoast-schema-graph\">{\"@context\":\"https:\/\/schema.org\",\"@graph\":[{\"@type\":\"Article\",\"@id\":\"https:\/\/www.conmarcapropia.com\/portal\/se-rumora-n450-semana-del-24-al-29-de-agosto-de-2022\/#article\",\"isPartOf\":{\"@id\":\"https:\/\/www.conmarcapropia.com\/portal\/se-rumora-n450-semana-del-24-al-29-de-agosto-de-2022\/\"},\"author\":{\"name\":\"Editor\",\"@id\":\"https:\/\/www.conmarcapropia.com\/portal\/#\/schema\/person\/99e32c7be3e9590e5f01c02fe4bd4148\"},\"headline\":\"Se Rumora N\u00b0450 (semana del 24 al 29 de Agosto de 2022)\",\"datePublished\":\"2022-08-29T18:15:45+00:00\",\"dateModified\":\"2022-09-05T15:47:21+00:00\",\"mainEntityOfPage\":{\"@id\":\"https:\/\/www.conmarcapropia.com\/portal\/se-rumora-n450-semana-del-24-al-29-de-agosto-de-2022\/\"},\"wordCount\":1876,\"publisher\":{\"@id\":\"https:\/\/www.conmarcapropia.com\/portal\/#organization\"},\"keywords\":[\"conservadores de El Santuario\",\"Guarne\",\"H\u00e9ctor Duque\",\"Juan David Zuluaga plaza de mercado\",\"Marcelo Betancur\",\"Mauricio Giraldo lazos de amor mariano\",\"pol\u00ectica Oriente antioque\u00f1o\",\"se rumora\"],\"articleSection\":[\"Se Rumora\"],\"inLanguage\":\"es\"},{\"@type\":\"WebPage\",\"@id\":\"https:\/\/www.conmarcapropia.com\/portal\/se-rumora-n450-semana-del-24-al-29-de-agosto-de-2022\/\",\"url\":\"https:\/\/www.conmarcapropia.com\/portal\/se-rumora-n450-semana-del-24-al-29-de-agosto-de-2022\/\",\"name\":\"Se Rumora N\u00b0450 (semana del 24 al 29 de Agosto de 2022) - ConMarcaPropia\",\"isPartOf\":{\"@id\":\"https:\/\/www.conmarcapropia.com\/portal\/#website\"},\"datePublished\":\"2022-08-29T18:15:45+00:00\",\"dateModified\":\"2022-09-05T15:47:21+00:00\",\"breadcrumb\":{\"@id\":\"https:\/\/www.conmarcapropia.com\/portal\/se-rumora-n450-semana-del-24-al-29-de-agosto-de-2022\/#breadcrumb\"},\"inLanguage\":\"es\",\"potentialAction\":[{\"@type\":\"ReadAction\",\"target\":[\"https:\/\/www.conmarcapropia.com\/portal\/se-rumora-n450-semana-del-24-al-29-de-agosto-de-2022\/\"]}]},{\"@type\":\"BreadcrumbList\",\"@id\":\"https:\/\/www.conmarcapropia.com\/portal\/se-rumora-n450-semana-del-24-al-29-de-agosto-de-2022\/#breadcrumb\",\"itemListElement\":[{\"@type\":\"ListItem\",\"position\":1,\"name\":\"Portada\",\"item\":\"https:\/\/www.conmarcapropia.com\/portal\/\"},{\"@type\":\"ListItem\",\"position\":2,\"name\":\"Se Rumora N\u00b0450 (semana del 24 al 29 de Agosto de 2022)\"}]},{\"@type\":\"WebSite\",\"@id\":\"https:\/\/www.conmarcapropia.com\/portal\/#website\",\"url\":\"https:\/\/www.conmarcapropia.com\/portal\/\",\"name\":\"ConMarcaPropia\",\"description\":\"cmp@conmarcapropia.com\",\"publisher\":{\"@id\":\"https:\/\/www.conmarcapropia.com\/portal\/#organization\"},\"potentialAction\":[{\"@type\":\"SearchAction\",\"target\":{\"@type\":\"EntryPoint\",\"urlTemplate\":\"https:\/\/www.conmarcapropia.com\/portal\/?s={search_term_string}\"},\"query-input\":\"required name=search_term_string\"}],\"inLanguage\":\"es\"},{\"@type\":\"Organization\",\"@id\":\"https:\/\/www.conmarcapropia.com\/portal\/#organization\",\"name\":\"ConMarcaPropia\",\"url\":\"https:\/\/www.conmarcapropia.com\/portal\/\",\"logo\":{\"@type\":\"ImageObject\",\"inLanguage\":\"es\",\"@id\":\"https:\/\/www.conmarcapropia.com\/portal\/#\/schema\/logo\/image\/\",\"url\":\"https:\/\/i0.wp.com\/www.conmarcapropia.com\/portal\/wp-content\/uploads\/2022\/08\/cropped-CONAMR.png?fit=500%2C100&ssl=1\",\"contentUrl\":\"https:\/\/i0.wp.com\/www.conmarcapropia.com\/portal\/wp-content\/uploads\/2022\/08\/cropped-CONAMR.png?fit=500%2C100&ssl=1\",\"width\":500,\"height\":100,\"caption\":\"ConMarcaPropia\"},\"image\":{\"@id\":\"https:\/\/www.conmarcapropia.com\/portal\/#\/schema\/logo\/image\/\"},\"sameAs\":[\"https:\/\/www.facebook.com\/ConMarcaPropiaCom\",\"https:\/\/twitter.com\/Conmarcap\",\"https:\/\/www.youtube.com\/user\/ConMarcaPropia\"]},{\"@type\":\"Person\",\"@id\":\"https:\/\/www.conmarcapropia.com\/portal\/#\/schema\/person\/99e32c7be3e9590e5f01c02fe4bd4148\",\"name\":\"Editor\",\"image\":{\"@type\":\"ImageObject\",\"inLanguage\":\"es\",\"@id\":\"https:\/\/www.conmarcapropia.com\/portal\/#\/schema\/person\/image\/\",\"url\":\"https:\/\/secure.gravatar.com\/avatar\/444d08604116fee1399108703e7d90e7?s=96&d=mm&r=g\",\"contentUrl\":\"https:\/\/secure.gravatar.com\/avatar\/444d08604116fee1399108703e7d90e7?s=96&d=mm&r=g\",\"caption\":\"Editor\"},\"url\":\"https:\/\/www.conmarcapropia.com\/portal\/author\/carlosp\/\"}]}<\/script>\n<!-- \/ Yoast SEO plugin. -->","yoast_head_json":{"title":"Se Rumora N\u00b0450 (semana del 24 al 29 de Agosto de 2022) - ConMarcaPropia","robots":{"index":"index","follow":"follow","max-snippet":"max-snippet:-1","max-image-preview":"max-image-preview:large","max-video-preview":"max-video-preview:-1"},"canonical":"https:\/\/www.conmarcapropia.com\/portal\/se-rumora-n450-semana-del-24-al-29-de-agosto-de-2022\/","og_locale":"es_ES","og_type":"article","og_title":"Se Rumora N\u00b0450 (semana del 24 al 29 de Agosto de 2022) - ConMarcaPropia","og_description":"Adi\u00f3s al l\u00edder Gran pesar caus\u00f3 en el Oriente el deceso del reconocido dirigente pol\u00edtico y c\u00edvico, H\u00e9ctor Iv\u00e1n Gonz\u00e1lez Casta\u00f1o, el afamado \u201cl\u00edder\u201d, como llamaba a quienes lo rodeaban y as\u00ed fue reconocido por su persistencia para sacar adelante esa monumental y colosal obra para atender personas en situaci\u00f3n de discapacidad, Corporaci\u00f3n El Progreso [&hellip;]","og_url":"https:\/\/www.conmarcapropia.com\/portal\/se-rumora-n450-semana-del-24-al-29-de-agosto-de-2022\/","og_site_name":"ConMarcaPropia","article_publisher":"https:\/\/www.facebook.com\/ConMarcaPropiaCom","article_published_time":"2022-08-29T18:15:45+00:00","article_modified_time":"2022-09-05T15:47:21+00:00","og_image":[{"width":960,"height":640,"url":"http:\/\/www.conmarcapropia.com\/portal\/wp-content\/uploads\/2022\/08\/Hector-Ivan-Gonzalez.jpg","type":"image\/jpeg"}],"author":"Editor","twitter_misc":{"Escrito por":"Editor","Tiempo de lectura":"11 minutos"},"schema":{"@context":"https:\/\/schema.org","@graph":[{"@type":"Article","@id":"https:\/\/www.conmarcapropia.com\/portal\/se-rumora-n450-semana-del-24-al-29-de-agosto-de-2022\/#article","isPartOf":{"@id":"https:\/\/www.conmarcapropia.com\/portal\/se-rumora-n450-semana-del-24-al-29-de-agosto-de-2022\/"},"author":{"name":"Editor","@id":"https:\/\/www.conmarcapropia.com\/portal\/#\/schema\/person\/99e32c7be3e9590e5f01c02fe4bd4148"},"headline":"Se Rumora N\u00b0450 (semana del 24 al 29 de Agosto de 2022)","datePublished":"2022-08-29T18:15:45+00:00","dateModified":"2022-09-05T15:47:21+00:00","mainEntityOfPage":{"@id":"https:\/\/www.conmarcapropia.com\/portal\/se-rumora-n450-semana-del-24-al-29-de-agosto-de-2022\/"},"wordCount":1876,"publisher":{"@id":"https:\/\/www.conmarcapropia.com\/portal\/#organization"},"keywords":["conservadores de El Santuario","Guarne","H\u00e9ctor Duque","Juan David Zuluaga plaza de mercado","Marcelo Betancur","Mauricio Giraldo lazos de amor mariano","pol\u00ectica Oriente antioque\u00f1o","se rumora"],"articleSection":["Se Rumora"],"inLanguage":"es"},{"@type":"WebPage","@id":"https:\/\/www.conmarcapropia.com\/portal\/se-rumora-n450-semana-del-24-al-29-de-agosto-de-2022\/","url":"https:\/\/www.conmarcapropia.com\/portal\/se-rumora-n450-semana-del-24-al-29-de-agosto-de-2022\/","name":"Se Rumora N\u00b0450 (semana del 24 al 29 de Agosto de 2022) - ConMarcaPropia","isPartOf":{"@id":"https:\/\/www.conmarcapropia.com\/portal\/#website"},"datePublished":"2022-08-29T18:15:45+00:00","dateModified":"2022-09-05T15:47:21+00:00","breadcrumb":{"@id":"https:\/\/www.conmarcapropia.com\/portal\/se-rumora-n450-semana-del-24-al-29-de-agosto-de-2022\/#breadcrumb"},"inLanguage":"es","potentialAction":[{"@type":"ReadAction","target":["https:\/\/www.conmarcapropia.com\/portal\/se-rumora-n450-semana-del-24-al-29-de-agosto-de-2022\/"]}]},{"@type":"BreadcrumbList","@id":"https:\/\/www.conmarcapropia.com\/portal\/se-rumora-n450-semana-del-24-al-29-de-agosto-de-2022\/#breadcrumb","itemListElement":[{"@type":"ListItem","position":1,"name":"Portada","item":"https:\/\/www.conmarcapropia.com\/portal\/"},{"@type":"ListItem","position":2,"name":"Se Rumora N\u00b0450 (semana del 24 al 29 de Agosto de 2022)"}]},{"@type":"WebSite","@id":"https:\/\/www.conmarcapropia.com\/portal\/#website","url":"https:\/\/www.conmarcapropia.com\/portal\/","name":"ConMarcaPropia","description":"cmp@conmarcapropia.com","publisher":{"@id":"https:\/\/www.conmarcapropia.com\/portal\/#organization"},"potentialAction":[{"@type":"SearchAction","target":{"@type":"EntryPoint","urlTemplate":"https:\/\/www.conmarcapropia.com\/portal\/?s={search_term_string}"},"query-input":"required name=search_term_string"}],"inLanguage":"es"},{"@type":"Organization","@id":"https:\/\/www.conmarcapropia.com\/portal\/#organization","name":"ConMarcaPropia","url":"https:\/\/www.conmarcapropia.com\/portal\/","logo":{"@type":"ImageObject","inLanguage":"es","@id":"https:\/\/www.conmarcapropia.com\/portal\/#\/schema\/logo\/image\/","url":"https:\/\/i0.wp.com\/www.conmarcapropia.com\/portal\/wp-content\/uploads\/2022\/08\/cropped-CONAMR.png?fit=500%2C100&ssl=1","contentUrl":"https:\/\/i0.wp.com\/www.conmarcapropia.com\/portal\/wp-content\/uploads\/2022\/08\/cropped-CONAMR.png?fit=500%2C100&ssl=1","width":500,"height":100,"caption":"ConMarcaPropia"},"image":{"@id":"https:\/\/www.conmarcapropia.com\/portal\/#\/schema\/logo\/image\/"},"sameAs":["https:\/\/www.facebook.com\/ConMarcaPropiaCom","https:\/\/twitter.com\/Conmarcap","https:\/\/www.youtube.com\/user\/ConMarcaPropia"]},{"@type":"Person","@id":"https:\/\/www.conmarcapropia.com\/portal\/#\/schema\/person\/99e32c7be3e9590e5f01c02fe4bd4148","name":"Editor","image":{"@type":"ImageObject","inLanguage":"es","@id":"https:\/\/www.conmarcapropia.com\/portal\/#\/schema\/person\/image\/","url":"https:\/\/secure.gravatar.com\/avatar\/444d08604116fee1399108703e7d90e7?s=96&d=mm&r=g","contentUrl":"https:\/\/secure.gravatar.com\/avatar\/444d08604116fee1399108703e7d90e7?s=96&d=mm&r=g","caption":"Editor"},"url":"https:\/\/www.conmarcapropia.com\/portal\/author\/carlosp\/"}]}},"jetpack_featured_media_url":"https:\/\/i0.wp.com\/www.conmarcapropia.com\/portal\/wp-content\/uploads\/2022\/08\/Hector-Ivan-Gonzalez.jpg?fit=960%2C640&ssl=1","jetpack_sharing_enabled":true,"jetpack_shortlink":"https:\/\/wp.me\/p5SOeN-2sf","jetpack-related-posts":[{"id":6903,"url":"https:\/\/www.conmarcapropia.com\/portal\/se-rumora-n331-semana-del-11-al-19-de-febrero-de-2020\/","url_meta":{"origin":9439,"position":0},"title":"Se Rumora N\u00b0331 (semana del 11 al 19 de Febrero de 2020)","date":"19 febrero, 2020","format":false,"excerpt":"En las tierras del t\u00edo Sam A nuestra distinguida clientela, le imploramos que nos excusen por la irregularidad de esta columna en los albores de 2020, pero menesteres propios de nuestra actividad period\u00edstica que implican crecimiento profesional nos tienen al margen de la atenci\u00f3n de esta secci\u00f3n con la frecuencia\u2026","rel":"","context":"En \u00abSe Rumora\u00bb","img":{"alt_text":"","src":"https:\/\/i0.wp.com\/www.conmarcapropia.com\/portal\/wp-content\/uploads\/2020\/02\/Foro-400x300.jpg?resize=350%2C200","width":350,"height":200},"classes":[]},{"id":11196,"url":"https:\/\/www.conmarcapropia.com\/portal\/se-rumora-n512-semana-del-16-de-diciembre-de-2023-al-08-de-febrero-de-2024\/","url_meta":{"origin":9439,"position":1},"title":"Se Rumora N\u00b0512 (semana del 16 de Diciembre de 2023 al 08 de febrero de 2024)","date":"8 febrero, 2024","format":false,"excerpt":"Ya estamos en el ruedo Y cre\u00edan que ya se hab\u00edan librado de nosotros, pues no. Volvemos con las notas pol\u00edticas del Oriente Antioque\u00f1o y no porque estuvi\u00e9ramos en receso vacacional bronce\u00e1ndonos las carnes, no, nada de eso, est\u00e1bamos preparando nuestros impresos del a\u00f1o: \u201cResumen Pol\u00edtico 2023\u201d revista y peri\u00f3dico.\u2026","rel":"","context":"En \u00abSe Rumora\u00bb","img":{"alt_text":"","src":"https:\/\/i0.wp.com\/www.conmarcapropia.com\/portal\/wp-content\/uploads\/2024\/02\/Portada-Resumen-Politico-2024.jpg?fit=927%2C1200&ssl=1&resize=350%2C200","width":350,"height":200},"classes":[]},{"id":5621,"url":"https:\/\/www.conmarcapropia.com\/portal\/se-rumora-n277-semana-del-07-al-13-de-noviembre-de-2018\/","url_meta":{"origin":9439,"position":2},"title":"Se Rumora N\u00b0277 (semana del 07 al 13 de Noviembre de 2018)","date":"13 noviembre, 2018","format":false,"excerpt":"El descontento por la valorizaci\u00f3n va en aumento Sin duda alguna el tema del momento en Rionegro es el cobro por valorizaci\u00f3n que adelanta el ente territorial para desarrollar su plan vial. El alcalde Andr\u00e9s Juli\u00e1n Rend\u00f3n y su equipo de trabajo han tenido que salir permanentemente a los medios\u2026","rel":"","context":"En \u00abSe Rumora\u00bb","img":{"alt_text":"","src":"https:\/\/i0.wp.com\/www.conmarcapropia.com\/portal\/wp-content\/uploads\/2018\/11\/a98d9845-03e7-4dd5-b33a-3f6162fa223a.jpg?fit=720%2C842&ssl=1&resize=350%2C200","width":350,"height":200},"classes":[]},{"id":5423,"url":"https:\/\/www.conmarcapropia.com\/portal\/se-rumora-n269-semana-del-11-al-17-de-septiembre-de-2018\/","url_meta":{"origin":9439,"position":3},"title":"\u201cSe Rumora N\u00b0269 (semana del 11 al 17 de septiembre de 2018)","date":"17 septiembre, 2018","format":false,"excerpt":"Iv\u00e1n Agudelo mont\u00f3 rancho aparte La semana anterior se reg\u00f3 el rumor de que el senador Liberal Iv\u00e1n Agudelo se deslig\u00f3 de su equipo pol\u00edtico, la casa Universidad de Medell\u00edn, los rumores iniciaron desde el capitolio del Congreso y muy pronto llegaron a o\u00eddos de la UdeM y su rector\u2026","rel":"","context":"En \u00abSe Rumora\u00bb","img":{"alt_text":"","src":"https:\/\/i0.wp.com\/www.conmarcapropia.com\/portal\/wp-content\/uploads\/2018\/09\/Arte-el-pellizco-01-400x260.png?resize=350%2C200","width":350,"height":200},"classes":[]},{"id":2539,"url":"https:\/\/www.conmarcapropia.com\/portal\/se-rumora-n137-semana-del-02-al-09-de-diciembre\/","url_meta":{"origin":9439,"position":4},"title":"Se Rumora N\u00b0137 (semana del 02 al 09 de Diciembre)","date":"9 diciembre, 2015","format":false,"excerpt":"Nos vamos a descansar y los dejamos descansar Diciembre es un mes sin mucho picante y sin mayores acontecimientos a partir de hoy salimos a descansar, pero principalmente salimos \u00a0a dejarlos descansar, volvemos en enero con nuestro habitual Se Rumora, ya para esa fecha estaremos al orden del d\u00eda con\u2026","rel":"","context":"En \u00abSe Rumora\u00bb","img":{"alt_text":"","src":"https:\/\/i0.wp.com\/www.conmarcapropia.com\/portal\/wp-content\/uploads\/2015\/12\/logo-cmp.png?fit=420%2C417&ssl=1&resize=350%2C200","width":350,"height":200},"classes":[]},{"id":7176,"url":"https:\/\/www.conmarcapropia.com\/portal\/se-rumora-n345-semana-del-02-al-08-de-mayo-de-2020\/","url_meta":{"origin":9439,"position":5},"title":"Se Rumora N\u00b0345 (semana del 02  al 08 de junio de 2020)","date":"8 junio, 2020","format":false,"excerpt":"Quieren que EPM pague por predial y no por generaci\u00f3n Desde los concejos de los municipios de embalses, concretamente los que tienen gran parte de sus territorios inundados, iniciaron estudios normativos y har\u00e1n lobby en Bogot\u00e1 con la ayuda de la presidencia de ACORA, entidad que los agrupa, para presentar\u2026","rel":"","context":"En \u00abSe Rumora\u00bb","img":{"alt_text":"","src":"https:\/\/i0.wp.com\/www.conmarcapropia.com\/portal\/wp-content\/uploads\/2019\/07\/Guatap\u00c3\u00a9-400x267.jpg?resize=350%2C200","width":350,"height":200},"classes":[]}],"_links":{"self":[{"href":"https:\/\/www.conmarcapropia.com\/portal\/wp-json\/wp\/v2\/posts\/9439"}],"collection":[{"href":"https:\/\/www.conmarcapropia.com\/portal\/wp-json\/wp\/v2\/posts"}],"about":[{"href":"https:\/\/www.conmarcapropia.com\/portal\/wp-json\/wp\/v2\/types\/post"}],"author":[{"embeddable":true,"href":"https:\/\/www.conmarcapropia.com\/portal\/wp-json\/wp\/v2\/users\/11"}],"replies":[{"embeddable":true,"href":"https:\/\/www.conmarcapropia.com\/portal\/wp-json\/wp\/v2\/comments?post=9439"}],"version-history":[{"count":2,"href":"https:\/\/www.conmarcapropia.com\/portal\/wp-json\/wp\/v2\/posts\/9439\/revisions"}],"predecessor-version":[{"id":9457,"href":"https:\/\/www.conmarcapropia.com\/portal\/wp-json\/wp\/v2\/posts\/9439\/revisions\/9457"}],"wp:featuredmedia":[{"embeddable":true,"href":"https:\/\/www.conmarcapropia.com\/portal\/wp-json\/wp\/v2\/media\/9440"}],"wp:attachment":[{"href":"https:\/\/www.conmarcapropia.com\/portal\/wp-json\/wp\/v2\/media?parent=9439"}],"wp:term":[{"taxonomy":"category","embeddable":true,"href":"https:\/\/www.conmarcapropia.com\/portal\/wp-json\/wp\/v2\/categories?post=9439"},{"taxonomy":"post_tag","embeddable":true,"href":"https:\/\/www.conmarcapropia.com\/portal\/wp-json\/wp\/v2\/tags?post=9439"}],"curies":[{"name":"wp","href":"https:\/\/api.w.org\/{rel}","templated":true}]}}