{"id":9458,"date":"2022-09-05T12:21:45","date_gmt":"2022-09-05T17:21:45","guid":{"rendered":"https:\/\/www.conmarcapropia.com\/portal\/?p=9458"},"modified":"2022-10-04T09:53:40","modified_gmt":"2022-10-04T14:53:40","slug":"se-rumora-n451-semana-del-30-de-agosto-al-05-de-septiembrede-2022","status":"publish","type":"post","link":"https:\/\/www.conmarcapropia.com\/portal\/se-rumora-n451-semana-del-30-de-agosto-al-05-de-septiembrede-2022\/","title":{"rendered":"Se Rumora N\u00b0451 (semana del 30 de Agosto al 05 de Septiembrede 2022)"},"content":{"rendered":"<p><strong>Tremenda fiesta del campesino en El Santuario<br \/>\n<img loading=\"lazy\" class=\"alignnone size-thumbnail wp-image-9459\" src=\"https:\/\/i0.wp.com\/www.conmarcapropia.com\/portal\/wp-content\/uploads\/2022\/09\/Fiestas-del-campesino-El-Santuario.jpg?resize=240%2C300\" alt=\"\" width=\"240\" height=\"300\" srcset=\"https:\/\/i0.wp.com\/www.conmarcapropia.com\/portal\/wp-content\/uploads\/2022\/09\/Fiestas-del-campesino-El-Santuario.jpg?resize=240%2C300&amp;ssl=1 240w, https:\/\/i0.wp.com\/www.conmarcapropia.com\/portal\/wp-content\/uploads\/2022\/09\/Fiestas-del-campesino-El-Santuario.jpg?resize=319%2C400&amp;ssl=1 319w, https:\/\/i0.wp.com\/www.conmarcapropia.com\/portal\/wp-content\/uploads\/2022\/09\/Fiestas-del-campesino-El-Santuario.jpg?resize=818%2C1024&amp;ssl=1 818w, https:\/\/i0.wp.com\/www.conmarcapropia.com\/portal\/wp-content\/uploads\/2022\/09\/Fiestas-del-campesino-El-Santuario.jpg?resize=768%2C962&amp;ssl=1 768w, https:\/\/i0.wp.com\/www.conmarcapropia.com\/portal\/wp-content\/uploads\/2022\/09\/Fiestas-del-campesino-El-Santuario.jpg?w=891&amp;ssl=1 891w\" sizes=\"(max-width: 240px) 100vw, 240px\" data-recalc-dims=\"1\" \/><br \/>\n<\/strong><\/p>\n<p style=\"text-align: justify;\">En El Santuario se fajaron tremenda fiesta para los campesinos. Fue el s\u00e1bado. Desde muy temprano los funcionarios y contratistas de la Administraci\u00f3n Municipal se pusieron las botas y se remangaron las camisas para hacerle sancochos por veredas a los protagonistas de las jornada, con papa, yuca y carnes de todo tipo.<\/p>\n<p><!--more--><\/p>\n<p><img loading=\"lazy\" class=\"alignnone size-thumbnail wp-image-9552\" src=\"https:\/\/i0.wp.com\/www.conmarcapropia.com\/portal\/wp-content\/uploads\/2022\/09\/con-marca-propia.png?resize=300%2C213\" alt=\"\" width=\"300\" height=\"213\" srcset=\"https:\/\/i0.wp.com\/www.conmarcapropia.com\/portal\/wp-content\/uploads\/2022\/09\/con-marca-propia.png?resize=300%2C213&amp;ssl=1 300w, https:\/\/i0.wp.com\/www.conmarcapropia.com\/portal\/wp-content\/uploads\/2022\/09\/con-marca-propia.png?resize=400%2C284&amp;ssl=1 400w, https:\/\/i0.wp.com\/www.conmarcapropia.com\/portal\/wp-content\/uploads\/2022\/09\/con-marca-propia.png?w=450&amp;ssl=1 450w\" sizes=\"(max-width: 300px) 100vw, 300px\" data-recalc-dims=\"1\" \/><\/p>\n<p style=\"text-align: justify;\">Tambi\u00e9n pasaron a recogerlos y los llevaron al parque principal, desfilaron por las principales calles del municipio con caravanas aleg\u00f3ricas a sus costumbres, tradiciones y productividad. En el escenario del parque se vio un desfile multitudinario y colorido, el alcalde Juan David Zuluaga termin\u00f3 ronco porque se ech\u00f3 varias alocuciones en donde la emoci\u00f3n crec\u00eda conforme con el vibrato de su voz. Hubo rifas para todos los gustos, las trovas y el repentismo tambi\u00e9n enmarcaron la jornada y el acto central corri\u00f3 por cuenta del artista popular Yeison Jim\u00e9nez. Mejor dicho, despu\u00e9s del encierro que supuso la pandemia, esta fiesta al aire libre fue insuperable y los campesinos quedaron muy contentos, porque escuchamos a varios decir que no recordaban una fiesta de estas calidades y dimensiones. Y la fiesta fue adobada con el anuncio de las obras preliminares de la nueva plaza de mercado. Con este masivo evento queda de una vez refrendado que el gallo que saquen desde el oficialismo a la alcald\u00eda ser\u00e1 muy dif\u00edcil de derrotar.<\/p>\n<hr \/>\n<p><img loading=\"lazy\" class=\"alignnone wp-image-8991\" src=\"https:\/\/i0.wp.com\/www.conmarcapropia.com\/portal\/wp-content\/uploads\/2022\/05\/Banner-II-y-III-etapa-vi\u0301a-intermedia_Mesa-de-trabajo-1.png?resize=506%2C253\" alt=\"\" width=\"506\" height=\"253\" srcset=\"https:\/\/i0.wp.com\/www.conmarcapropia.com\/portal\/wp-content\/uploads\/2022\/05\/Banner-II-y-III-etapa-vi\u0301a-intermedia_Mesa-de-trabajo-1.png?resize=300%2C150&amp;ssl=1 300w, https:\/\/i0.wp.com\/www.conmarcapropia.com\/portal\/wp-content\/uploads\/2022\/05\/Banner-II-y-III-etapa-vi\u0301a-intermedia_Mesa-de-trabajo-1.png?resize=400%2C200&amp;ssl=1 400w, https:\/\/i0.wp.com\/www.conmarcapropia.com\/portal\/wp-content\/uploads\/2022\/05\/Banner-II-y-III-etapa-vi\u0301a-intermedia_Mesa-de-trabajo-1.png?w=500&amp;ssl=1 500w\" sizes=\"(max-width: 506px) 100vw, 506px\" data-recalc-dims=\"1\" \/><\/p>\n<hr \/>\n<p><strong>Tertuliada en Guatap\u00e9<br \/>\n<img loading=\"lazy\" class=\"alignnone size-thumbnail wp-image-9460\" src=\"https:\/\/i0.wp.com\/www.conmarcapropia.com\/portal\/wp-content\/uploads\/2022\/09\/Proteccion-animal-Guatape.jpg?resize=300%2C166\" alt=\"\" width=\"300\" height=\"166\" srcset=\"https:\/\/i0.wp.com\/www.conmarcapropia.com\/portal\/wp-content\/uploads\/2022\/09\/Proteccion-animal-Guatape.jpg?resize=300%2C166&amp;ssl=1 300w, https:\/\/i0.wp.com\/www.conmarcapropia.com\/portal\/wp-content\/uploads\/2022\/09\/Proteccion-animal-Guatape.jpg?resize=400%2C221&amp;ssl=1 400w, https:\/\/i0.wp.com\/www.conmarcapropia.com\/portal\/wp-content\/uploads\/2022\/09\/Proteccion-animal-Guatape.jpg?resize=768%2C425&amp;ssl=1 768w, https:\/\/i0.wp.com\/www.conmarcapropia.com\/portal\/wp-content\/uploads\/2022\/09\/Proteccion-animal-Guatape.jpg?w=960&amp;ssl=1 960w\" sizes=\"(max-width: 300px) 100vw, 300px\" data-recalc-dims=\"1\" \/><br \/>\n<\/strong><\/p>\n<p style=\"text-align: justify;\">La semana pasada nos echamos una caminada prolongada, de esas que nos gustan por el bello municipio de Guatap\u00e9, a la saz\u00f3n de varios tazas de tinto ennegrecido en los cafetines en donde nace y se hace la opini\u00f3n p\u00fablica local. El alcalde Juan P\u00e9rez sale bien librado, la comunidad reconoce sus esfuerzos por mejorar la calidad de vida de sus coterr\u00e1neos, los comerciantes est\u00e1n complacidos con el grueso de visitantes que d\u00eda tras d\u00eda dejan robustecidas sus finanzas, adem\u00e1s, reconocen el apoyo a los emprendedores con capital semilla y capacitaci\u00f3n. Y para acabar de ajustar, la iglesia est\u00e1 muy contenta porque la alcald\u00eda acompa\u00f1ar\u00e1 de manera decidida la celebraci\u00f3n de los 200 a\u00f1os de la parroquia, incluso el s\u00e1bado 17 de septiembre estar\u00e1 Serenata de Teleantioquia en el marco de esta celebraci\u00f3n, esta actividad ser\u00e1 posible gracias al aporte de la alcald\u00eda.<\/p>\n<p style=\"text-align: justify;\">Tambi\u00e9n nos sorprendi\u00f3 sobremanera la protecci\u00f3n animal, el compromiso del ente territorial con los perros y gatos, con jornadas de esterilizaci\u00f3n, brigadas m\u00f3viles de salud permanente, esto posiciona a Guatap\u00e9 como un municipio \u00abpet friendly\u00bb. Esta semana arrancan con los preparativos de la iluminaci\u00f3n navide\u00f1a que es modelo por la integraci\u00f3n de madres cabeza de familia que participan activamente en la elaboraci\u00f3n de diferentes motivos que engalanan las calles de este atractivo municipio.<\/p>\n<hr \/>\n<p><img src=\"https:\/\/i0.wp.com\/www.conmarcapropia.com\/portal\/wp-content\/uploads\/2022\/07\/Banner-Guarne-Se-Transforma-Mi-Oriente-300x250-Y-500x300-px_2.jpeg?resize=453%2C272\" \/><\/p>\n<hr \/>\n<p><strong>L\u00edder de San Carlos en Manchester, Inglaterra<\/strong><br \/>\n<img loading=\"lazy\" class=\"alignnone size-thumbnail wp-image-9461\" src=\"https:\/\/i0.wp.com\/www.conmarcapropia.com\/portal\/wp-content\/uploads\/2022\/09\/Santiago-Daza.jpg?resize=200%2C300\" alt=\"\" width=\"200\" height=\"300\" srcset=\"https:\/\/i0.wp.com\/www.conmarcapropia.com\/portal\/wp-content\/uploads\/2022\/09\/Santiago-Daza.jpg?resize=200%2C300&amp;ssl=1 200w, https:\/\/i0.wp.com\/www.conmarcapropia.com\/portal\/wp-content\/uploads\/2022\/09\/Santiago-Daza.jpg?resize=267%2C400&amp;ssl=1 267w, https:\/\/i0.wp.com\/www.conmarcapropia.com\/portal\/wp-content\/uploads\/2022\/09\/Santiago-Daza.jpg?resize=682%2C1024&amp;ssl=1 682w, https:\/\/i0.wp.com\/www.conmarcapropia.com\/portal\/wp-content\/uploads\/2022\/09\/Santiago-Daza.jpg?resize=768%2C1152&amp;ssl=1 768w, https:\/\/i0.wp.com\/www.conmarcapropia.com\/portal\/wp-content\/uploads\/2022\/09\/Santiago-Daza.jpg?w=853&amp;ssl=1 853w\" sizes=\"(max-width: 200px) 100vw, 200px\" data-recalc-dims=\"1\" \/><\/p>\n<p style=\"text-align: justify;\">El joven l\u00edder del colectivo San Carlos con Conciencia, Santiago Daza, participa desde hoy lunes 5 de septiembre en Manchester, Inglaterra, en la cumbre mundial de j\u00f3venes. Fue seleccionado por Comfama a la beca j\u00f3venes con prop\u00f3sito, en donde se seleccionaron 4 personas por su visi\u00f3n de desarrollo y construcci\u00f3n de territorio con enfoque de g\u00e9nero y construcci\u00f3n de paz para que expusieran su experiencia en la ciudad industrial de Europa. Sin duda, un gran logro para este l\u00edder de San Carlos y para el colectivo Con Conciencia, que los pone en el partidor para la pr\u00f3xima contienda electoral en un lugar de privilegio, anoten ese nombre porque dar\u00e1 mucho de qu\u00e9 hablar en la regi\u00f3n. Daza es estudiante de posgrado becado en proyectos de desarrollo de la ESAP. Felicitaciones por este notable logro.<\/p>\n<hr \/>\n<p><img src=\"https:\/\/i0.wp.com\/www.conmarcapropia.com\/portal\/wp-content\/uploads\/2022\/08\/Banner-La-Ceja.jpg?resize=374%2C332\" \/><\/p>\n<hr \/>\n<p><strong>Historia de un sue\u00f1o en Cocorn\u00e1 con final feliz<br \/>\n<img loading=\"lazy\" class=\"alignnone size-thumbnail wp-image-9463\" src=\"https:\/\/i0.wp.com\/www.conmarcapropia.com\/portal\/wp-content\/uploads\/2022\/09\/Casa-Cocorna-1.jpg?resize=225%2C300\" alt=\"\" width=\"225\" height=\"300\" srcset=\"https:\/\/i0.wp.com\/www.conmarcapropia.com\/portal\/wp-content\/uploads\/2022\/09\/Casa-Cocorna-1.jpg?resize=225%2C300&amp;ssl=1 225w, https:\/\/i0.wp.com\/www.conmarcapropia.com\/portal\/wp-content\/uploads\/2022\/09\/Casa-Cocorna-1.jpg?resize=299%2C400&amp;ssl=1 299w, https:\/\/i0.wp.com\/www.conmarcapropia.com\/portal\/wp-content\/uploads\/2022\/09\/Casa-Cocorna-1.jpg?w=479&amp;ssl=1 479w\" sizes=\"(max-width: 225px) 100vw, 225px\" data-recalc-dims=\"1\" \/><br \/>\n<\/strong><\/p>\n<p><img loading=\"lazy\" class=\"alignnone size-thumbnail wp-image-9464\" src=\"https:\/\/i0.wp.com\/www.conmarcapropia.com\/portal\/wp-content\/uploads\/2022\/09\/Casa-Cocorna.jpg?resize=169%2C300\" alt=\"\" width=\"169\" height=\"300\" srcset=\"https:\/\/i0.wp.com\/www.conmarcapropia.com\/portal\/wp-content\/uploads\/2022\/09\/Casa-Cocorna.jpg?resize=169%2C300&amp;ssl=1 169w, https:\/\/i0.wp.com\/www.conmarcapropia.com\/portal\/wp-content\/uploads\/2022\/09\/Casa-Cocorna.jpg?resize=225%2C400&amp;ssl=1 225w, https:\/\/i0.wp.com\/www.conmarcapropia.com\/portal\/wp-content\/uploads\/2022\/09\/Casa-Cocorna.jpg?resize=576%2C1024&amp;ssl=1 576w, https:\/\/i0.wp.com\/www.conmarcapropia.com\/portal\/wp-content\/uploads\/2022\/09\/Casa-Cocorna.jpg?w=720&amp;ssl=1 720w\" sizes=\"(max-width: 169px) 100vw, 169px\" data-recalc-dims=\"1\" \/><\/p>\n<p style=\"text-align: justify;\">Por fin. Despu\u00e9s de arduos, intensos y agotadores d\u00edas, el sue\u00f1o del l\u00edder social y ambiental de Cocorn\u00e1, Sebasti\u00e1n Agudelo y sus amigos, se materializa: la construcci\u00f3n de un techo digno para la familia Soto Tabares en la vereda La Inmaculada. Resulta que esta familia, natural de Cocorn\u00e1, se tuvo que ir de su terru\u00f1o por los estragos de la violencia que azot\u00f3 a nuestro pa\u00eds, la constante de muchas familias,\u00a0 huyeron de su tierra, cuando quisieron retornar, se encontraron con que ya no hab\u00eda casa, que este espacio f\u00edsico que alg\u00fan d\u00eda los alberg\u00f3, ya no exist\u00eda, solo asomaban t\u00edmidos los vestigios de lo que alg\u00fan d\u00eda fue. Ellos, aferrados a su pasado y a su tierra retornaron, sin nada, solo bolsas y corotos y se ubicaron en el lote que en el pasado habitaron y solo un pl\u00e1stico los cubr\u00eda, los pocos enseres quedaban a la intemperie y cuando llov\u00eda la inclemencia del tiempo los aporreaba ferozmente.<\/p>\n<p style=\"text-align: justify;\">Sebasti\u00e1n, evidenci\u00f3 esta situaci\u00f3n y desde hace tres meses se puso manos a la obra, empez\u00f3 a recoger recursos, hicieron rifas, la Junta de Acci\u00f3n Comunal se vincul\u00f3 con trabajo, las volquetas donaron el transporte, en los dep\u00f3sitos les daban el material m\u00e1s barato, Milton Giraldo, un fot\u00f3grafo del municipio don\u00f3 su trabajo para visibilizar el esfuerzo, Juan Sebasti\u00e1n Soto, un arquitecto se comprometi\u00f3 con los trabajos de levantamiento f\u00edsico del nuevo inmueble. Y si se\u00f1ores, transcurieron intensas jornadas y por fin este sue\u00f1o hoy es realidad, por eso ma\u00f1ana martes 06 de septiembre, habr\u00e1 un sancocho y m\u00fasica para reconocer este esfuerzo colectivo. Hoy esta familia est\u00e1 feliz y con su laboriosidad viven nuevos d\u00edas en donde est\u00e1n dedicados a la siembra de productos agr\u00edcolas b\u00e1sicos para su manutenci\u00f3n.<\/p>\n<p><img loading=\"lazy\" class=\"alignnone size-thumbnail wp-image-9465\" src=\"https:\/\/i0.wp.com\/www.conmarcapropia.com\/portal\/wp-content\/uploads\/2022\/09\/Casa-Cocorna-3.jpg?resize=300%2C225\" alt=\"\" width=\"300\" height=\"225\" srcset=\"https:\/\/i0.wp.com\/www.conmarcapropia.com\/portal\/wp-content\/uploads\/2022\/09\/Casa-Cocorna-3.jpg?resize=300%2C225&amp;ssl=1 300w, https:\/\/i0.wp.com\/www.conmarcapropia.com\/portal\/wp-content\/uploads\/2022\/09\/Casa-Cocorna-3.jpg?resize=400%2C299&amp;ssl=1 400w, https:\/\/i0.wp.com\/www.conmarcapropia.com\/portal\/wp-content\/uploads\/2022\/09\/Casa-Cocorna-3.jpg?w=640&amp;ssl=1 640w\" sizes=\"(max-width: 300px) 100vw, 300px\" data-recalc-dims=\"1\" \/><\/p>\n<hr \/>\n<p><a href=\"https:\/\/www.alternativaregional.com\/politica\/notas-al-oido-175-agosto-de-2022.html\" target=\"_blank\" rel=\"noopener noreferrer\"><strong>Notas al O\u00eddo N\u00b0 175<\/strong><\/a><br \/>\n<a href=\"https:\/\/www.alternativaregional.com\/politica\/notas-al-oido-152.html\" target=\"_blank\" rel=\"noopener noreferrer\"><img loading=\"lazy\" class=\"alignnone wp-image-5189 jetpack-lazy-image jetpack-lazy-image--handled\" src=\"https:\/\/i1.wp.com\/www.quienesquien.co\/wp-content\/uploads\/2020\/07\/Notas-al-o%C3%ADdo.png?resize=350%2C339\" sizes=\"(max-width: 350px) 100vw, 350px\" srcset=\"https:\/\/i1.wp.com\/www.quienesquien.co\/wp-content\/uploads\/2020\/07\/Notas-al-o\u00eddo.png?w=262&amp;ssl=1 262w, https:\/\/i1.wp.com\/www.quienesquien.co\/wp-content\/uploads\/2020\/07\/Notas-al-o\u00eddo.png?resize=200%2C194&amp;ssl=1 200w, https:\/\/i1.wp.com\/www.quienesquien.co\/wp-content\/uploads\/2020\/07\/Notas-al-o\u00eddo.png?resize=150%2C145&amp;ssl=1 150w\" alt=\"\" width=\"350\" height=\"339\" data-attachment-id=\"5189\" data-permalink=\"https:\/\/www.quienesquien.co\/runrun-politico-86\/notas-al-oido-51\/\" data-orig-file=\"https:\/\/i1.wp.com\/www.quienesquien.co\/wp-content\/uploads\/2020\/07\/Notas-al-o\u00eddo.png?fit=262%2C254&amp;ssl=1\" data-orig-size=\"262,254\" data-comments-opened=\"1\" data-image-meta=\"{&quot;aperture&quot;:&quot;0&quot;,&quot;credit&quot;:&quot;&quot;,&quot;camera&quot;:&quot;&quot;,&quot;caption&quot;:&quot;&quot;,&quot;created_timestamp&quot;:&quot;0&quot;,&quot;copyright&quot;:&quot;&quot;,&quot;focal_length&quot;:&quot;0&quot;,&quot;iso&quot;:&quot;0&quot;,&quot;shutter_speed&quot;:&quot;0&quot;,&quot;title&quot;:&quot;&quot;,&quot;orientation&quot;:&quot;0&quot;}\" data-image-title=\"Notas al o\u00eddo\" data-image-description=\"\" data-medium-file=\"https:\/\/i1.wp.com\/www.quienesquien.co\/wp-content\/uploads\/2020\/07\/Notas-al-o\u00eddo.png?fit=200%2C194&amp;ssl=1\" data-large-file=\"https:\/\/i1.wp.com\/www.quienesquien.co\/wp-content\/uploads\/2020\/07\/Notas-al-o\u00eddo.png?fit=262%2C254&amp;ssl=1\" data-lazy-loaded=\"1\" \/><\/a><\/p>\n<hr \/>\n<p><strong><a href=\"https:\/\/www.quienesquien.co\/runrun-politico-178\/\" target=\"_blank\" rel=\"noopener noreferrer\">Runr\u00fan Pol\u00edtico 178<\/a><br \/>\n<a href=\"https:\/\/www.quienesquien.co\/runrun-politico-155\/\" target=\"_blank\" rel=\"noopener noreferrer\"><img loading=\"lazy\" class=\"alignnone wp-image-5187 jetpack-lazy-image jetpack-lazy-image--handled\" src=\"https:\/\/i1.wp.com\/www.quienesquien.co\/wp-content\/uploads\/2020\/07\/runrun-pol%C3%ADtico.png?resize=350%2C339\" sizes=\"(max-width: 350px) 100vw, 350px\" srcset=\"https:\/\/i1.wp.com\/www.quienesquien.co\/wp-content\/uploads\/2020\/07\/runrun-pol\u00edtico.png?w=262&amp;ssl=1 262w, https:\/\/i1.wp.com\/www.quienesquien.co\/wp-content\/uploads\/2020\/07\/runrun-pol\u00edtico.png?resize=200%2C194&amp;ssl=1 200w, https:\/\/i1.wp.com\/www.quienesquien.co\/wp-content\/uploads\/2020\/07\/runrun-pol\u00edtico.png?resize=150%2C145&amp;ssl=1 150w\" alt=\"\" width=\"350\" height=\"339\" data-attachment-id=\"5187\" data-permalink=\"https:\/\/www.quienesquien.co\/runrun-politico-86\/runrun-politico\/\" data-orig-file=\"https:\/\/i1.wp.com\/www.quienesquien.co\/wp-content\/uploads\/2020\/07\/runrun-pol\u00edtico.png?fit=262%2C254&amp;ssl=1\" data-orig-size=\"262,254\" data-comments-opened=\"1\" data-image-meta=\"{&quot;aperture&quot;:&quot;0&quot;,&quot;credit&quot;:&quot;&quot;,&quot;camera&quot;:&quot;&quot;,&quot;caption&quot;:&quot;&quot;,&quot;created_timestamp&quot;:&quot;0&quot;,&quot;copyright&quot;:&quot;&quot;,&quot;focal_length&quot;:&quot;0&quot;,&quot;iso&quot;:&quot;0&quot;,&quot;shutter_speed&quot;:&quot;0&quot;,&quot;title&quot;:&quot;&quot;,&quot;orientation&quot;:&quot;0&quot;}\" data-image-title=\"runrun pol\u00edtico\" data-image-description=\"\" data-medium-file=\"https:\/\/i1.wp.com\/www.quienesquien.co\/wp-content\/uploads\/2020\/07\/runrun-pol\u00edtico.png?fit=200%2C194&amp;ssl=1\" data-large-file=\"https:\/\/i1.wp.com\/www.quienesquien.co\/wp-content\/uploads\/2020\/07\/runrun-pol\u00edtico.png?fit=262%2C254&amp;ssl=1\" data-lazy-loaded=\"1\" \/><\/a><\/strong><\/p>\n","protected":false},"excerpt":{"rendered":"<p>Tremenda fiesta del campesino en El Santuario En El Santuario se fajaron tremenda fiesta para los campesinos. Fue el s\u00e1bado. Desde muy temprano los funcionarios y contratistas de la Administraci\u00f3n Municipal se pusieron las botas y se remangaron las camisas para hacerle sancochos por veredas a los protagonistas de las jornada, con papa, yuca y [&hellip;]<\/p>\n","protected":false},"author":11,"featured_media":9465,"comment_status":"closed","ping_status":"closed","sticky":false,"template":"","format":"standard","meta":{"om_disable_all_campaigns":false,"_monsterinsights_skip_tracking":false,"_uf_show_specific_survey":0,"_uf_disable_surveys":false,"jetpack_post_was_ever_published":false},"categories":[3],"tags":[380,1559,323,1560,10],"aioseo_notices":[],"aioseo_head":"\n\t\t<!-- All in One SEO 5.0.1.1 - aioseo.com -->\n\t<meta name=\"description\" content=\"Tremenda fiesta del campesino en El Santuario En El Santuario se fajaron tremenda fiesta para los campesinos. Fue el s\u00e1bado. Desde muy temprano los funcionarios y contratistas de la Administraci\u00f3n Municipal se pusieron las botas y se remangaron las camisas para hacerle sancochos por veredas a los protagonistas de las jornada, con papa, yuca y\" \/>\n\t<meta name=\"robots\" content=\"max-image-preview:large\" \/>\n\t<meta name=\"author\" content=\"Editor\"\/>\n\t<link rel=\"canonical\" href=\"https:\/\/www.conmarcapropia.com\/portal\/se-rumora-n451-semana-del-30-de-agosto-al-05-de-septiembrede-2022\/\" \/>\n\t<meta name=\"generator\" content=\"All in One SEO (AIOSEO) 5.0.1.1\" \/>\n\t\t<meta property=\"og:locale\" content=\"es_ES\" \/>\n\t\t<meta property=\"og:site_name\" content=\"ConMarcaPropia - cmp@conmarcapropia.com\" \/>\n\t\t<meta property=\"og:type\" content=\"article\" \/>\n\t\t<meta property=\"og:title\" content=\"Se Rumora N\u00b0451 (semana del 30 de Agosto al 05 de Septiembrede 2022) - ConMarcaPropia\" \/>\n\t\t<meta property=\"og:description\" content=\"Tremenda fiesta del campesino en El Santuario En El Santuario se fajaron tremenda fiesta para los campesinos. Fue el s\u00e1bado. Desde muy temprano los funcionarios y contratistas de la Administraci\u00f3n Municipal se pusieron las botas y se remangaron las camisas para hacerle sancochos por veredas a los protagonistas de las jornada, con papa, yuca y\" \/>\n\t\t<meta property=\"og:url\" content=\"https:\/\/www.conmarcapropia.com\/portal\/se-rumora-n451-semana-del-30-de-agosto-al-05-de-septiembrede-2022\/\" \/>\n\t\t<meta property=\"og:image\" content=\"https:\/\/i0.wp.com\/www.conmarcapropia.com\/portal\/wp-content\/uploads\/2022\/08\/cropped-CONAMR.png?fit=500%2C100&#038;ssl=1\" \/>\n\t\t<meta property=\"og:image:secure_url\" content=\"https:\/\/i0.wp.com\/www.conmarcapropia.com\/portal\/wp-content\/uploads\/2022\/08\/cropped-CONAMR.png?fit=500%2C100&#038;ssl=1\" \/>\n\t\t<meta property=\"article:published_time\" content=\"2022-09-05T17:21:45+00:00\" \/>\n\t\t<meta property=\"article:modified_time\" content=\"2022-10-04T14:53:40+00:00\" \/>\n\t\t<meta name=\"twitter:card\" content=\"summary_large_image\" \/>\n\t\t<meta name=\"twitter:title\" content=\"Se Rumora N\u00b0451 (semana del 30 de Agosto al 05 de Septiembrede 2022) - ConMarcaPropia\" \/>\n\t\t<meta name=\"twitter:description\" content=\"Tremenda fiesta del campesino en El Santuario En El Santuario se fajaron tremenda fiesta para los campesinos. Fue el s\u00e1bado. Desde muy temprano los funcionarios y contratistas de la Administraci\u00f3n Municipal se pusieron las botas y se remangaron las camisas para hacerle sancochos por veredas a los protagonistas de las jornada, con papa, yuca y\" \/>\n\t\t<meta name=\"twitter:image\" content=\"https:\/\/i0.wp.com\/www.conmarcapropia.com\/portal\/wp-content\/uploads\/2022\/08\/cropped-CONAMR.png?fit=500%2C100&amp;ssl=1\" \/>\n\t\t<script type=\"application\/ld+json\" class=\"aioseo-schema\">\n\t\t\t{\"@context\":\"https:\\\/\\\/schema.org\",\"@graph\":[{\"@type\":\"BlogPosting\",\"@id\":\"https:\\\/\\\/www.conmarcapropia.com\\\/portal\\\/se-rumora-n451-semana-del-30-de-agosto-al-05-de-septiembrede-2022\\\/#blogposting\",\"name\":\"Se Rumora N\\u00b0451 (semana del 30 de Agosto al 05 de Septiembrede 2022) - ConMarcaPropia\",\"headline\":\"Se Rumora N\\u00b0451 (semana del 30 de Agosto al 05 de Septiembrede 2022)\",\"author\":{\"@id\":\"https:\\\/\\\/www.conmarcapropia.com\\\/portal\\\/author\\\/carlosp\\\/#author\"},\"publisher\":{\"@id\":\"https:\\\/\\\/www.conmarcapropia.com\\\/portal\\\/#organization\"},\"image\":{\"@type\":\"ImageObject\",\"url\":\"https:\\\/\\\/i0.wp.com\\\/www.conmarcapropia.com\\\/portal\\\/wp-content\\\/uploads\\\/2022\\\/09\\\/Casa-Cocorna-3.jpg?fit=640%2C479&ssl=1\",\"width\":640,\"height\":479},\"datePublished\":\"2022-09-05T12:21:45-05:00\",\"dateModified\":\"2022-10-04T09:53:40-05:00\",\"inLanguage\":\"es-ES\",\"mainEntityOfPage\":{\"@id\":\"https:\\\/\\\/www.conmarcapropia.com\\\/portal\\\/se-rumora-n451-semana-del-30-de-agosto-al-05-de-septiembrede-2022\\\/#webpage\"},\"isPartOf\":{\"@id\":\"https:\\\/\\\/www.conmarcapropia.com\\\/portal\\\/se-rumora-n451-semana-del-30-de-agosto-al-05-de-septiembrede-2022\\\/#webpage\"},\"articleSection\":\"Se Rumora, Cocorn\\u00e1, Fiestas del campesino El Santuario, pol\\u00ectica Oriente antioque\\u00f1o, Santiago Daza San Carlos, se rumora\"},{\"@type\":\"BreadcrumbList\",\"@id\":\"https:\\\/\\\/www.conmarcapropia.com\\\/portal\\\/se-rumora-n451-semana-del-30-de-agosto-al-05-de-septiembrede-2022\\\/#breadcrumblist\",\"itemListElement\":[{\"@type\":\"ListItem\",\"@id\":\"https:\\\/\\\/www.conmarcapropia.com\\\/portal#listItem\",\"position\":1,\"name\":\"Home\",\"item\":\"https:\\\/\\\/www.conmarcapropia.com\\\/portal\",\"nextItem\":{\"@type\":\"ListItem\",\"@id\":\"https:\\\/\\\/www.conmarcapropia.com\\\/portal\\\/tema\\\/se-rumora\\\/#listItem\",\"name\":\"Se Rumora\"}},{\"@type\":\"ListItem\",\"@id\":\"https:\\\/\\\/www.conmarcapropia.com\\\/portal\\\/tema\\\/se-rumora\\\/#listItem\",\"position\":2,\"name\":\"Se Rumora\",\"item\":\"https:\\\/\\\/www.conmarcapropia.com\\\/portal\\\/tema\\\/se-rumora\\\/\",\"nextItem\":{\"@type\":\"ListItem\",\"@id\":\"https:\\\/\\\/www.conmarcapropia.com\\\/portal\\\/se-rumora-n451-semana-del-30-de-agosto-al-05-de-septiembrede-2022\\\/#listItem\",\"name\":\"Se Rumora N\\u00b0451 (semana del 30 de Agosto al 05 de Septiembrede 2022)\"},\"previousItem\":{\"@type\":\"ListItem\",\"@id\":\"https:\\\/\\\/www.conmarcapropia.com\\\/portal#listItem\",\"name\":\"Home\"}},{\"@type\":\"ListItem\",\"@id\":\"https:\\\/\\\/www.conmarcapropia.com\\\/portal\\\/se-rumora-n451-semana-del-30-de-agosto-al-05-de-septiembrede-2022\\\/#listItem\",\"position\":3,\"name\":\"Se Rumora N\\u00b0451 (semana del 30 de Agosto al 05 de Septiembrede 2022)\",\"previousItem\":{\"@type\":\"ListItem\",\"@id\":\"https:\\\/\\\/www.conmarcapropia.com\\\/portal\\\/tema\\\/se-rumora\\\/#listItem\",\"name\":\"Se Rumora\"}}]},{\"@type\":\"Organization\",\"@id\":\"https:\\\/\\\/www.conmarcapropia.com\\\/portal\\\/#organization\",\"name\":\"ConMarcaPropia\",\"description\":\"cmp@conmarcapropia.com\",\"url\":\"https:\\\/\\\/www.conmarcapropia.com\\\/portal\\\/\",\"logo\":{\"@type\":\"ImageObject\",\"url\":\"https:\\\/\\\/i0.wp.com\\\/www.conmarcapropia.com\\\/portal\\\/wp-content\\\/uploads\\\/2022\\\/08\\\/cropped-CONAMR.png?fit=500%2C100&ssl=1\",\"@id\":\"https:\\\/\\\/www.conmarcapropia.com\\\/portal\\\/se-rumora-n451-semana-del-30-de-agosto-al-05-de-septiembrede-2022\\\/#organizationLogo\",\"width\":500,\"height\":100},\"image\":{\"@id\":\"https:\\\/\\\/www.conmarcapropia.com\\\/portal\\\/se-rumora-n451-semana-del-30-de-agosto-al-05-de-septiembrede-2022\\\/#organizationLogo\"}},{\"@type\":\"Person\",\"@id\":\"https:\\\/\\\/www.conmarcapropia.com\\\/portal\\\/author\\\/carlosp\\\/#author\",\"url\":\"https:\\\/\\\/www.conmarcapropia.com\\\/portal\\\/author\\\/carlosp\\\/\",\"name\":\"Editor\",\"image\":{\"@type\":\"ImageObject\",\"@id\":\"https:\\\/\\\/www.conmarcapropia.com\\\/portal\\\/se-rumora-n451-semana-del-30-de-agosto-al-05-de-septiembrede-2022\\\/#authorImage\",\"url\":\"https:\\\/\\\/secure.gravatar.com\\\/avatar\\\/444d08604116fee1399108703e7d90e7?s=96&d=mm&r=g\",\"width\":96,\"height\":96,\"caption\":\"Editor\"}},{\"@type\":\"WebPage\",\"@id\":\"https:\\\/\\\/www.conmarcapropia.com\\\/portal\\\/se-rumora-n451-semana-del-30-de-agosto-al-05-de-septiembrede-2022\\\/#webpage\",\"url\":\"https:\\\/\\\/www.conmarcapropia.com\\\/portal\\\/se-rumora-n451-semana-del-30-de-agosto-al-05-de-septiembrede-2022\\\/\",\"name\":\"Se Rumora N\\u00b0451 (semana del 30 de Agosto al 05 de Septiembrede 2022) - ConMarcaPropia\",\"description\":\"Tremenda fiesta del campesino en El Santuario En El Santuario se fajaron tremenda fiesta para los campesinos. Fue el s\\u00e1bado. Desde muy temprano los funcionarios y contratistas de la Administraci\\u00f3n Municipal se pusieron las botas y se remangaron las camisas para hacerle sancochos por veredas a los protagonistas de las jornada, con papa, yuca y\",\"inLanguage\":\"es-ES\",\"isPartOf\":{\"@id\":\"https:\\\/\\\/www.conmarcapropia.com\\\/portal\\\/#website\"},\"breadcrumb\":{\"@id\":\"https:\\\/\\\/www.conmarcapropia.com\\\/portal\\\/se-rumora-n451-semana-del-30-de-agosto-al-05-de-septiembrede-2022\\\/#breadcrumblist\"},\"author\":{\"@id\":\"https:\\\/\\\/www.conmarcapropia.com\\\/portal\\\/author\\\/carlosp\\\/#author\"},\"creator\":{\"@id\":\"https:\\\/\\\/www.conmarcapropia.com\\\/portal\\\/author\\\/carlosp\\\/#author\"},\"image\":{\"@type\":\"ImageObject\",\"url\":\"https:\\\/\\\/i0.wp.com\\\/www.conmarcapropia.com\\\/portal\\\/wp-content\\\/uploads\\\/2022\\\/09\\\/Casa-Cocorna-3.jpg?fit=640%2C479&ssl=1\",\"@id\":\"https:\\\/\\\/www.conmarcapropia.com\\\/portal\\\/se-rumora-n451-semana-del-30-de-agosto-al-05-de-septiembrede-2022\\\/#mainImage\",\"width\":640,\"height\":479},\"primaryImageOfPage\":{\"@id\":\"https:\\\/\\\/www.conmarcapropia.com\\\/portal\\\/se-rumora-n451-semana-del-30-de-agosto-al-05-de-septiembrede-2022\\\/#mainImage\"},\"datePublished\":\"2022-09-05T12:21:45-05:00\",\"dateModified\":\"2022-10-04T09:53:40-05:00\"},{\"@type\":\"WebSite\",\"@id\":\"https:\\\/\\\/www.conmarcapropia.com\\\/portal\\\/#website\",\"url\":\"https:\\\/\\\/www.conmarcapropia.com\\\/portal\\\/\",\"name\":\"ConMarcaPropia\",\"description\":\"cmp@conmarcapropia.com\",\"inLanguage\":\"es-ES\",\"publisher\":{\"@id\":\"https:\\\/\\\/www.conmarcapropia.com\\\/portal\\\/#organization\"}}]}\n\t\t<\/script>\n\t\t<!-- All in One SEO -->\n\n","aioseo_head_json":{"title":"Se Rumora N\u00b0451 (semana del 30 de Agosto al 05 de Septiembrede 2022) - ConMarcaPropia","description":"Tremenda fiesta del campesino en El Santuario En El Santuario se fajaron tremenda fiesta para los campesinos. Fue el s\u00e1bado. Desde muy temprano los funcionarios y contratistas de la Administraci\u00f3n Municipal se pusieron las botas y se remangaron las camisas para hacerle sancochos por veredas a los protagonistas de las jornada, con papa, yuca y","canonical_url":"https:\/\/www.conmarcapropia.com\/portal\/se-rumora-n451-semana-del-30-de-agosto-al-05-de-septiembrede-2022\/","robots":"max-image-preview:large","keywords":"","webmasterTools":{"miscellaneous":""},"schema":{"@context":"https:\/\/schema.org","@graph":[{"@type":"BlogPosting","@id":"https:\/\/www.conmarcapropia.com\/portal\/se-rumora-n451-semana-del-30-de-agosto-al-05-de-septiembrede-2022\/#blogposting","name":"Se Rumora N\u00b0451 (semana del 30 de Agosto al 05 de Septiembrede 2022) - ConMarcaPropia","headline":"Se Rumora N\u00b0451 (semana del 30 de Agosto al 05 de Septiembrede 2022)","author":{"@id":"https:\/\/www.conmarcapropia.com\/portal\/author\/carlosp\/#author"},"publisher":{"@id":"https:\/\/www.conmarcapropia.com\/portal\/#organization"},"image":{"@type":"ImageObject","url":"https:\/\/i0.wp.com\/www.conmarcapropia.com\/portal\/wp-content\/uploads\/2022\/09\/Casa-Cocorna-3.jpg?fit=640%2C479&ssl=1","width":640,"height":479},"datePublished":"2022-09-05T12:21:45-05:00","dateModified":"2022-10-04T09:53:40-05:00","inLanguage":"es-ES","mainEntityOfPage":{"@id":"https:\/\/www.conmarcapropia.com\/portal\/se-rumora-n451-semana-del-30-de-agosto-al-05-de-septiembrede-2022\/#webpage"},"isPartOf":{"@id":"https:\/\/www.conmarcapropia.com\/portal\/se-rumora-n451-semana-del-30-de-agosto-al-05-de-septiembrede-2022\/#webpage"},"articleSection":"Se Rumora, Cocorn\u00e1, Fiestas del campesino El Santuario, pol\u00ectica Oriente antioque\u00f1o, Santiago Daza San Carlos, se rumora"},{"@type":"BreadcrumbList","@id":"https:\/\/www.conmarcapropia.com\/portal\/se-rumora-n451-semana-del-30-de-agosto-al-05-de-septiembrede-2022\/#breadcrumblist","itemListElement":[{"@type":"ListItem","@id":"https:\/\/www.conmarcapropia.com\/portal#listItem","position":1,"name":"Home","item":"https:\/\/www.conmarcapropia.com\/portal","nextItem":{"@type":"ListItem","@id":"https:\/\/www.conmarcapropia.com\/portal\/tema\/se-rumora\/#listItem","name":"Se Rumora"}},{"@type":"ListItem","@id":"https:\/\/www.conmarcapropia.com\/portal\/tema\/se-rumora\/#listItem","position":2,"name":"Se Rumora","item":"https:\/\/www.conmarcapropia.com\/portal\/tema\/se-rumora\/","nextItem":{"@type":"ListItem","@id":"https:\/\/www.conmarcapropia.com\/portal\/se-rumora-n451-semana-del-30-de-agosto-al-05-de-septiembrede-2022\/#listItem","name":"Se Rumora N\u00b0451 (semana del 30 de Agosto al 05 de Septiembrede 2022)"},"previousItem":{"@type":"ListItem","@id":"https:\/\/www.conmarcapropia.com\/portal#listItem","name":"Home"}},{"@type":"ListItem","@id":"https:\/\/www.conmarcapropia.com\/portal\/se-rumora-n451-semana-del-30-de-agosto-al-05-de-septiembrede-2022\/#listItem","position":3,"name":"Se Rumora N\u00b0451 (semana del 30 de Agosto al 05 de Septiembrede 2022)","previousItem":{"@type":"ListItem","@id":"https:\/\/www.conmarcapropia.com\/portal\/tema\/se-rumora\/#listItem","name":"Se Rumora"}}]},{"@type":"Organization","@id":"https:\/\/www.conmarcapropia.com\/portal\/#organization","name":"ConMarcaPropia","description":"cmp@conmarcapropia.com","url":"https:\/\/www.conmarcapropia.com\/portal\/","logo":{"@type":"ImageObject","url":"https:\/\/i0.wp.com\/www.conmarcapropia.com\/portal\/wp-content\/uploads\/2022\/08\/cropped-CONAMR.png?fit=500%2C100&ssl=1","@id":"https:\/\/www.conmarcapropia.com\/portal\/se-rumora-n451-semana-del-30-de-agosto-al-05-de-septiembrede-2022\/#organizationLogo","width":500,"height":100},"image":{"@id":"https:\/\/www.conmarcapropia.com\/portal\/se-rumora-n451-semana-del-30-de-agosto-al-05-de-septiembrede-2022\/#organizationLogo"}},{"@type":"Person","@id":"https:\/\/www.conmarcapropia.com\/portal\/author\/carlosp\/#author","url":"https:\/\/www.conmarcapropia.com\/portal\/author\/carlosp\/","name":"Editor","image":{"@type":"ImageObject","@id":"https:\/\/www.conmarcapropia.com\/portal\/se-rumora-n451-semana-del-30-de-agosto-al-05-de-septiembrede-2022\/#authorImage","url":"https:\/\/secure.gravatar.com\/avatar\/444d08604116fee1399108703e7d90e7?s=96&d=mm&r=g","width":96,"height":96,"caption":"Editor"}},{"@type":"WebPage","@id":"https:\/\/www.conmarcapropia.com\/portal\/se-rumora-n451-semana-del-30-de-agosto-al-05-de-septiembrede-2022\/#webpage","url":"https:\/\/www.conmarcapropia.com\/portal\/se-rumora-n451-semana-del-30-de-agosto-al-05-de-septiembrede-2022\/","name":"Se Rumora N\u00b0451 (semana del 30 de Agosto al 05 de Septiembrede 2022) - ConMarcaPropia","description":"Tremenda fiesta del campesino en El Santuario En El Santuario se fajaron tremenda fiesta para los campesinos. Fue el s\u00e1bado. Desde muy temprano los funcionarios y contratistas de la Administraci\u00f3n Municipal se pusieron las botas y se remangaron las camisas para hacerle sancochos por veredas a los protagonistas de las jornada, con papa, yuca y","inLanguage":"es-ES","isPartOf":{"@id":"https:\/\/www.conmarcapropia.com\/portal\/#website"},"breadcrumb":{"@id":"https:\/\/www.conmarcapropia.com\/portal\/se-rumora-n451-semana-del-30-de-agosto-al-05-de-septiembrede-2022\/#breadcrumblist"},"author":{"@id":"https:\/\/www.conmarcapropia.com\/portal\/author\/carlosp\/#author"},"creator":{"@id":"https:\/\/www.conmarcapropia.com\/portal\/author\/carlosp\/#author"},"image":{"@type":"ImageObject","url":"https:\/\/i0.wp.com\/www.conmarcapropia.com\/portal\/wp-content\/uploads\/2022\/09\/Casa-Cocorna-3.jpg?fit=640%2C479&ssl=1","@id":"https:\/\/www.conmarcapropia.com\/portal\/se-rumora-n451-semana-del-30-de-agosto-al-05-de-septiembrede-2022\/#mainImage","width":640,"height":479},"primaryImageOfPage":{"@id":"https:\/\/www.conmarcapropia.com\/portal\/se-rumora-n451-semana-del-30-de-agosto-al-05-de-septiembrede-2022\/#mainImage"},"datePublished":"2022-09-05T12:21:45-05:00","dateModified":"2022-10-04T09:53:40-05:00"},{"@type":"WebSite","@id":"https:\/\/www.conmarcapropia.com\/portal\/#website","url":"https:\/\/www.conmarcapropia.com\/portal\/","name":"ConMarcaPropia","description":"cmp@conmarcapropia.com","inLanguage":"es-ES","publisher":{"@id":"https:\/\/www.conmarcapropia.com\/portal\/#organization"}}]},"og:locale":"es_ES","og:site_name":"ConMarcaPropia - cmp@conmarcapropia.com","og:type":"article","og:title":"Se Rumora N\u00b0451 (semana del 30 de Agosto al 05 de Septiembrede 2022) - ConMarcaPropia","og:description":"Tremenda fiesta del campesino en El Santuario En El Santuario se fajaron tremenda fiesta para los campesinos. Fue el s\u00e1bado. Desde muy temprano los funcionarios y contratistas de la Administraci\u00f3n Municipal se pusieron las botas y se remangaron las camisas para hacerle sancochos por veredas a los protagonistas de las jornada, con papa, yuca y","og:url":"https:\/\/www.conmarcapropia.com\/portal\/se-rumora-n451-semana-del-30-de-agosto-al-05-de-septiembrede-2022\/","og:image":"https:\/\/i0.wp.com\/www.conmarcapropia.com\/portal\/wp-content\/uploads\/2022\/08\/cropped-CONAMR.png?fit=500%2C100&#038;ssl=1","og:image:secure_url":"https:\/\/i0.wp.com\/www.conmarcapropia.com\/portal\/wp-content\/uploads\/2022\/08\/cropped-CONAMR.png?fit=500%2C100&#038;ssl=1","article:published_time":"2022-09-05T17:21:45+00:00","article:modified_time":"2022-10-04T14:53:40+00:00","twitter:card":"summary_large_image","twitter:title":"Se Rumora N\u00b0451 (semana del 30 de Agosto al 05 de Septiembrede 2022) - ConMarcaPropia","twitter:description":"Tremenda fiesta del campesino en El Santuario En El Santuario se fajaron tremenda fiesta para los campesinos. Fue el s\u00e1bado. Desde muy temprano los funcionarios y contratistas de la Administraci\u00f3n Municipal se pusieron las botas y se remangaron las camisas para hacerle sancochos por veredas a los protagonistas de las jornada, con papa, yuca y","twitter:image":"https:\/\/i0.wp.com\/www.conmarcapropia.com\/portal\/wp-content\/uploads\/2022\/08\/cropped-CONAMR.png?fit=500%2C100&ssl=1"},"aioseo_meta_data":{"post_id":"9458","title":null,"description":null,"keywords":null,"keyphrases":null,"primary_term":null,"canonical_url":null,"og_title":null,"og_description":null,"og_object_type":"default","og_image_type":"default","og_image_url":null,"og_image_width":null,"og_image_height":null,"og_image_custom_url":null,"og_image_custom_fields":null,"og_video":null,"og_custom_url":null,"og_article_section":null,"og_article_tags":null,"twitter_use_og":false,"twitter_card":"default","twitter_image_type":"default","twitter_image_url":null,"twitter_image_custom_url":null,"twitter_image_custom_fields":null,"twitter_title":null,"twitter_description":null,"schema":{"blockGraphs":[],"customGraphs":[],"default":{"data":{"Article":[],"Course":[],"Dataset":[],"FAQPage":[],"Movie":[],"Person":[],"Product":[],"ProductReview":[],"Car":[],"Recipe":[],"Service":[],"SoftwareApplication":[],"WebPage":[]},"graphName":"","isEnabled":true},"graphs":[]},"schema_type":"default","schema_type_options":null,"pillar_content":false,"robots_default":true,"robots_noindex":false,"robots_noarchive":false,"robots_nosnippet":false,"robots_nofollow":false,"robots_noimageindex":false,"robots_noodp":false,"robots_notranslate":false,"robots_max_snippet":null,"robots_max_videopreview":null,"robots_max_imagepreview":"large","priority":null,"frequency":null,"local_seo":null,"breadcrumb_settings":null,"limit_modified_date":false,"ai":null,"created":"2023-11-11 16:21:59","updated":"2023-11-11 16:21:59","seo_analyzer_scan_date":null,"focus_keyword":null,"additional_keywords":null,"truseo_locale":null},"aioseo_breadcrumb":"<div class=\"aioseo-breadcrumbs\"><span class=\"aioseo-breadcrumb\">\n\t\t\t<a href=\"https:\/\/www.conmarcapropia.com\/portal\" title=\"Home\">Home<\/a>\n\t\t<\/span><span class=\"aioseo-breadcrumb-separator\">&raquo;<\/span><span class=\"aioseo-breadcrumb\">\n\t\t\t<a href=\"https:\/\/www.conmarcapropia.com\/portal\/tema\/se-rumora\/\" title=\"Se Rumora\">Se Rumora<\/a>\n\t\t<\/span><span class=\"aioseo-breadcrumb-separator\">&raquo;<\/span><span class=\"aioseo-breadcrumb\">\n\t\t\tSe Rumora N\u00b0451 (semana del 30 de Agosto al 05 de Septiembrede 2022)\n\t\t<\/span><\/div>","aioseo_breadcrumb_json":[{"label":"Home","link":"https:\/\/www.conmarcapropia.com\/portal"},{"label":"Se Rumora","link":"https:\/\/www.conmarcapropia.com\/portal\/tema\/se-rumora\/"},{"label":"Se Rumora N\u00b0451 (semana del 30 de Agosto al 05 de Septiembrede 2022)","link":"https:\/\/www.conmarcapropia.com\/portal\/se-rumora-n451-semana-del-30-de-agosto-al-05-de-septiembrede-2022\/"}],"yoast_head":"<!-- This site is optimized with the Yoast SEO plugin v20.6 - https:\/\/yoast.com\/wordpress\/plugins\/seo\/ -->\n<title>Se Rumora N\u00b0451 (semana del 30 de Agosto al 05 de Septiembrede 2022) - ConMarcaPropia<\/title>\n<meta name=\"robots\" content=\"index, follow, max-snippet:-1, max-image-preview:large, max-video-preview:-1\" \/>\n<link rel=\"canonical\" href=\"https:\/\/www.conmarcapropia.com\/portal\/se-rumora-n451-semana-del-30-de-agosto-al-05-de-septiembrede-2022\/\" \/>\n<meta property=\"og:locale\" content=\"es_ES\" \/>\n<meta property=\"og:type\" content=\"article\" \/>\n<meta property=\"og:title\" content=\"Se Rumora N\u00b0451 (semana del 30 de Agosto al 05 de Septiembrede 2022) - ConMarcaPropia\" \/>\n<meta property=\"og:description\" content=\"Tremenda fiesta del campesino en El Santuario En El Santuario se fajaron tremenda fiesta para los campesinos. Fue el s\u00e1bado. Desde muy temprano los funcionarios y contratistas de la Administraci\u00f3n Municipal se pusieron las botas y se remangaron las camisas para hacerle sancochos por veredas a los protagonistas de las jornada, con papa, yuca y [&hellip;]\" \/>\n<meta property=\"og:url\" content=\"https:\/\/www.conmarcapropia.com\/portal\/se-rumora-n451-semana-del-30-de-agosto-al-05-de-septiembrede-2022\/\" \/>\n<meta property=\"og:site_name\" content=\"ConMarcaPropia\" \/>\n<meta property=\"article:publisher\" content=\"https:\/\/www.facebook.com\/ConMarcaPropiaCom\" \/>\n<meta property=\"article:published_time\" content=\"2022-09-05T17:21:45+00:00\" \/>\n<meta property=\"article:modified_time\" content=\"2022-10-04T14:53:40+00:00\" \/>\n<meta property=\"og:image\" content=\"http:\/\/www.conmarcapropia.com\/portal\/wp-content\/uploads\/2022\/09\/Casa-Cocorna-3.jpg\" \/>\n\t<meta property=\"og:image:width\" content=\"640\" \/>\n\t<meta property=\"og:image:height\" content=\"479\" \/>\n\t<meta property=\"og:image:type\" content=\"image\/jpeg\" \/>\n<meta name=\"author\" content=\"Editor\" \/>\n<meta name=\"twitter:label1\" content=\"Escrito por\" \/>\n\t<meta name=\"twitter:data1\" content=\"Editor\" \/>\n\t<meta name=\"twitter:label2\" content=\"Tiempo de lectura\" \/>\n\t<meta name=\"twitter:data2\" content=\"7 minutos\" \/>\n<script type=\"application\/ld+json\" class=\"yoast-schema-graph\">{\"@context\":\"https:\/\/schema.org\",\"@graph\":[{\"@type\":\"Article\",\"@id\":\"https:\/\/www.conmarcapropia.com\/portal\/se-rumora-n451-semana-del-30-de-agosto-al-05-de-septiembrede-2022\/#article\",\"isPartOf\":{\"@id\":\"https:\/\/www.conmarcapropia.com\/portal\/se-rumora-n451-semana-del-30-de-agosto-al-05-de-septiembrede-2022\/\"},\"author\":{\"name\":\"Editor\",\"@id\":\"https:\/\/www.conmarcapropia.com\/portal\/#\/schema\/person\/99e32c7be3e9590e5f01c02fe4bd4148\"},\"headline\":\"Se Rumora N\u00b0451 (semana del 30 de Agosto al 05 de Septiembrede 2022)\",\"datePublished\":\"2022-09-05T17:21:45+00:00\",\"dateModified\":\"2022-10-04T14:53:40+00:00\",\"mainEntityOfPage\":{\"@id\":\"https:\/\/www.conmarcapropia.com\/portal\/se-rumora-n451-semana-del-30-de-agosto-al-05-de-septiembrede-2022\/\"},\"wordCount\":985,\"publisher\":{\"@id\":\"https:\/\/www.conmarcapropia.com\/portal\/#organization\"},\"keywords\":[\"Cocorn\u00e1\",\"Fiestas del campesino El Santuario\",\"pol\u00ectica Oriente antioque\u00f1o\",\"Santiago Daza San Carlos\",\"se rumora\"],\"articleSection\":[\"Se Rumora\"],\"inLanguage\":\"es\"},{\"@type\":\"WebPage\",\"@id\":\"https:\/\/www.conmarcapropia.com\/portal\/se-rumora-n451-semana-del-30-de-agosto-al-05-de-septiembrede-2022\/\",\"url\":\"https:\/\/www.conmarcapropia.com\/portal\/se-rumora-n451-semana-del-30-de-agosto-al-05-de-septiembrede-2022\/\",\"name\":\"Se Rumora N\u00b0451 (semana del 30 de Agosto al 05 de Septiembrede 2022) - ConMarcaPropia\",\"isPartOf\":{\"@id\":\"https:\/\/www.conmarcapropia.com\/portal\/#website\"},\"datePublished\":\"2022-09-05T17:21:45+00:00\",\"dateModified\":\"2022-10-04T14:53:40+00:00\",\"breadcrumb\":{\"@id\":\"https:\/\/www.conmarcapropia.com\/portal\/se-rumora-n451-semana-del-30-de-agosto-al-05-de-septiembrede-2022\/#breadcrumb\"},\"inLanguage\":\"es\",\"potentialAction\":[{\"@type\":\"ReadAction\",\"target\":[\"https:\/\/www.conmarcapropia.com\/portal\/se-rumora-n451-semana-del-30-de-agosto-al-05-de-septiembrede-2022\/\"]}]},{\"@type\":\"BreadcrumbList\",\"@id\":\"https:\/\/www.conmarcapropia.com\/portal\/se-rumora-n451-semana-del-30-de-agosto-al-05-de-septiembrede-2022\/#breadcrumb\",\"itemListElement\":[{\"@type\":\"ListItem\",\"position\":1,\"name\":\"Portada\",\"item\":\"https:\/\/www.conmarcapropia.com\/portal\/\"},{\"@type\":\"ListItem\",\"position\":2,\"name\":\"Se Rumora N\u00b0451 (semana del 30 de Agosto al 05 de Septiembrede 2022)\"}]},{\"@type\":\"WebSite\",\"@id\":\"https:\/\/www.conmarcapropia.com\/portal\/#website\",\"url\":\"https:\/\/www.conmarcapropia.com\/portal\/\",\"name\":\"ConMarcaPropia\",\"description\":\"cmp@conmarcapropia.com\",\"publisher\":{\"@id\":\"https:\/\/www.conmarcapropia.com\/portal\/#organization\"},\"potentialAction\":[{\"@type\":\"SearchAction\",\"target\":{\"@type\":\"EntryPoint\",\"urlTemplate\":\"https:\/\/www.conmarcapropia.com\/portal\/?s={search_term_string}\"},\"query-input\":\"required name=search_term_string\"}],\"inLanguage\":\"es\"},{\"@type\":\"Organization\",\"@id\":\"https:\/\/www.conmarcapropia.com\/portal\/#organization\",\"name\":\"ConMarcaPropia\",\"url\":\"https:\/\/www.conmarcapropia.com\/portal\/\",\"logo\":{\"@type\":\"ImageObject\",\"inLanguage\":\"es\",\"@id\":\"https:\/\/www.conmarcapropia.com\/portal\/#\/schema\/logo\/image\/\",\"url\":\"https:\/\/i0.wp.com\/www.conmarcapropia.com\/portal\/wp-content\/uploads\/2022\/08\/cropped-CONAMR.png?fit=500%2C100&ssl=1\",\"contentUrl\":\"https:\/\/i0.wp.com\/www.conmarcapropia.com\/portal\/wp-content\/uploads\/2022\/08\/cropped-CONAMR.png?fit=500%2C100&ssl=1\",\"width\":500,\"height\":100,\"caption\":\"ConMarcaPropia\"},\"image\":{\"@id\":\"https:\/\/www.conmarcapropia.com\/portal\/#\/schema\/logo\/image\/\"},\"sameAs\":[\"https:\/\/www.facebook.com\/ConMarcaPropiaCom\",\"https:\/\/twitter.com\/Conmarcap\",\"https:\/\/www.youtube.com\/user\/ConMarcaPropia\"]},{\"@type\":\"Person\",\"@id\":\"https:\/\/www.conmarcapropia.com\/portal\/#\/schema\/person\/99e32c7be3e9590e5f01c02fe4bd4148\",\"name\":\"Editor\",\"image\":{\"@type\":\"ImageObject\",\"inLanguage\":\"es\",\"@id\":\"https:\/\/www.conmarcapropia.com\/portal\/#\/schema\/person\/image\/\",\"url\":\"https:\/\/secure.gravatar.com\/avatar\/444d08604116fee1399108703e7d90e7?s=96&d=mm&r=g\",\"contentUrl\":\"https:\/\/secure.gravatar.com\/avatar\/444d08604116fee1399108703e7d90e7?s=96&d=mm&r=g\",\"caption\":\"Editor\"},\"url\":\"https:\/\/www.conmarcapropia.com\/portal\/author\/carlosp\/\"}]}<\/script>\n<!-- \/ Yoast SEO plugin. -->","yoast_head_json":{"title":"Se Rumora N\u00b0451 (semana del 30 de Agosto al 05 de Septiembrede 2022) - ConMarcaPropia","robots":{"index":"index","follow":"follow","max-snippet":"max-snippet:-1","max-image-preview":"max-image-preview:large","max-video-preview":"max-video-preview:-1"},"canonical":"https:\/\/www.conmarcapropia.com\/portal\/se-rumora-n451-semana-del-30-de-agosto-al-05-de-septiembrede-2022\/","og_locale":"es_ES","og_type":"article","og_title":"Se Rumora N\u00b0451 (semana del 30 de Agosto al 05 de Septiembrede 2022) - ConMarcaPropia","og_description":"Tremenda fiesta del campesino en El Santuario En El Santuario se fajaron tremenda fiesta para los campesinos. Fue el s\u00e1bado. Desde muy temprano los funcionarios y contratistas de la Administraci\u00f3n Municipal se pusieron las botas y se remangaron las camisas para hacerle sancochos por veredas a los protagonistas de las jornada, con papa, yuca y [&hellip;]","og_url":"https:\/\/www.conmarcapropia.com\/portal\/se-rumora-n451-semana-del-30-de-agosto-al-05-de-septiembrede-2022\/","og_site_name":"ConMarcaPropia","article_publisher":"https:\/\/www.facebook.com\/ConMarcaPropiaCom","article_published_time":"2022-09-05T17:21:45+00:00","article_modified_time":"2022-10-04T14:53:40+00:00","og_image":[{"width":640,"height":479,"url":"http:\/\/www.conmarcapropia.com\/portal\/wp-content\/uploads\/2022\/09\/Casa-Cocorna-3.jpg","type":"image\/jpeg"}],"author":"Editor","twitter_misc":{"Escrito por":"Editor","Tiempo de lectura":"7 minutos"},"schema":{"@context":"https:\/\/schema.org","@graph":[{"@type":"Article","@id":"https:\/\/www.conmarcapropia.com\/portal\/se-rumora-n451-semana-del-30-de-agosto-al-05-de-septiembrede-2022\/#article","isPartOf":{"@id":"https:\/\/www.conmarcapropia.com\/portal\/se-rumora-n451-semana-del-30-de-agosto-al-05-de-septiembrede-2022\/"},"author":{"name":"Editor","@id":"https:\/\/www.conmarcapropia.com\/portal\/#\/schema\/person\/99e32c7be3e9590e5f01c02fe4bd4148"},"headline":"Se Rumora N\u00b0451 (semana del 30 de Agosto al 05 de Septiembrede 2022)","datePublished":"2022-09-05T17:21:45+00:00","dateModified":"2022-10-04T14:53:40+00:00","mainEntityOfPage":{"@id":"https:\/\/www.conmarcapropia.com\/portal\/se-rumora-n451-semana-del-30-de-agosto-al-05-de-septiembrede-2022\/"},"wordCount":985,"publisher":{"@id":"https:\/\/www.conmarcapropia.com\/portal\/#organization"},"keywords":["Cocorn\u00e1","Fiestas del campesino El Santuario","pol\u00ectica Oriente antioque\u00f1o","Santiago Daza San Carlos","se rumora"],"articleSection":["Se Rumora"],"inLanguage":"es"},{"@type":"WebPage","@id":"https:\/\/www.conmarcapropia.com\/portal\/se-rumora-n451-semana-del-30-de-agosto-al-05-de-septiembrede-2022\/","url":"https:\/\/www.conmarcapropia.com\/portal\/se-rumora-n451-semana-del-30-de-agosto-al-05-de-septiembrede-2022\/","name":"Se Rumora N\u00b0451 (semana del 30 de Agosto al 05 de Septiembrede 2022) - ConMarcaPropia","isPartOf":{"@id":"https:\/\/www.conmarcapropia.com\/portal\/#website"},"datePublished":"2022-09-05T17:21:45+00:00","dateModified":"2022-10-04T14:53:40+00:00","breadcrumb":{"@id":"https:\/\/www.conmarcapropia.com\/portal\/se-rumora-n451-semana-del-30-de-agosto-al-05-de-septiembrede-2022\/#breadcrumb"},"inLanguage":"es","potentialAction":[{"@type":"ReadAction","target":["https:\/\/www.conmarcapropia.com\/portal\/se-rumora-n451-semana-del-30-de-agosto-al-05-de-septiembrede-2022\/"]}]},{"@type":"BreadcrumbList","@id":"https:\/\/www.conmarcapropia.com\/portal\/se-rumora-n451-semana-del-30-de-agosto-al-05-de-septiembrede-2022\/#breadcrumb","itemListElement":[{"@type":"ListItem","position":1,"name":"Portada","item":"https:\/\/www.conmarcapropia.com\/portal\/"},{"@type":"ListItem","position":2,"name":"Se Rumora N\u00b0451 (semana del 30 de Agosto al 05 de Septiembrede 2022)"}]},{"@type":"WebSite","@id":"https:\/\/www.conmarcapropia.com\/portal\/#website","url":"https:\/\/www.conmarcapropia.com\/portal\/","name":"ConMarcaPropia","description":"cmp@conmarcapropia.com","publisher":{"@id":"https:\/\/www.conmarcapropia.com\/portal\/#organization"},"potentialAction":[{"@type":"SearchAction","target":{"@type":"EntryPoint","urlTemplate":"https:\/\/www.conmarcapropia.com\/portal\/?s={search_term_string}"},"query-input":"required name=search_term_string"}],"inLanguage":"es"},{"@type":"Organization","@id":"https:\/\/www.conmarcapropia.com\/portal\/#organization","name":"ConMarcaPropia","url":"https:\/\/www.conmarcapropia.com\/portal\/","logo":{"@type":"ImageObject","inLanguage":"es","@id":"https:\/\/www.conmarcapropia.com\/portal\/#\/schema\/logo\/image\/","url":"https:\/\/i0.wp.com\/www.conmarcapropia.com\/portal\/wp-content\/uploads\/2022\/08\/cropped-CONAMR.png?fit=500%2C100&ssl=1","contentUrl":"https:\/\/i0.wp.com\/www.conmarcapropia.com\/portal\/wp-content\/uploads\/2022\/08\/cropped-CONAMR.png?fit=500%2C100&ssl=1","width":500,"height":100,"caption":"ConMarcaPropia"},"image":{"@id":"https:\/\/www.conmarcapropia.com\/portal\/#\/schema\/logo\/image\/"},"sameAs":["https:\/\/www.facebook.com\/ConMarcaPropiaCom","https:\/\/twitter.com\/Conmarcap","https:\/\/www.youtube.com\/user\/ConMarcaPropia"]},{"@type":"Person","@id":"https:\/\/www.conmarcapropia.com\/portal\/#\/schema\/person\/99e32c7be3e9590e5f01c02fe4bd4148","name":"Editor","image":{"@type":"ImageObject","inLanguage":"es","@id":"https:\/\/www.conmarcapropia.com\/portal\/#\/schema\/person\/image\/","url":"https:\/\/secure.gravatar.com\/avatar\/444d08604116fee1399108703e7d90e7?s=96&d=mm&r=g","contentUrl":"https:\/\/secure.gravatar.com\/avatar\/444d08604116fee1399108703e7d90e7?s=96&d=mm&r=g","caption":"Editor"},"url":"https:\/\/www.conmarcapropia.com\/portal\/author\/carlosp\/"}]}},"jetpack_featured_media_url":"https:\/\/i0.wp.com\/www.conmarcapropia.com\/portal\/wp-content\/uploads\/2022\/09\/Casa-Cocorna-3.jpg?fit=640%2C479&ssl=1","jetpack_sharing_enabled":true,"jetpack_shortlink":"https:\/\/wp.me\/p5SOeN-2sy","jetpack-related-posts":[{"id":1573,"url":"https:\/\/www.conmarcapropia.com\/portal\/se-rumora-no-90-semana-del-15-al-22-de-diciembre\/","url_meta":{"origin":9458,"position":0},"title":"Se Rumora N\u00ba 90 (semana del 15 al 22 de Diciembre)","date":"22 diciembre, 2014","format":"aside","excerpt":"Golazo As\u00ed se podr\u00eda calificar la jugada del concejal conservador rionegrero, Wberney \u00c1lvarez. El pasado domingo el senador azul Juan Diego G\u00f3mez realiz\u00f3 su integraci\u00f3n anual de l\u00edderes orientales en una finca del municipio de Marinilla, all\u00ed se vieron caras muy conocidas de la colectividad azul, entre ellas la del\u2026","rel":"","context":"En \u00abSe Rumora\u00bb","img":{"alt_text":"","src":"https:\/\/i0.wp.com\/www.conmarcapropia.com\/portal\/wp-content\/uploads\/2015\/03\/450x338xLPC3PADderes.jpg.pagespeed.ic_.S4kbYChJea.jpg?fit=450%2C338&ssl=1&resize=350%2C200","width":350,"height":200},"classes":[]},{"id":6672,"url":"https:\/\/www.conmarcapropia.com\/portal\/se-rumora-n320-semana-del-16-al-21-de-octubre-de-2019\/","url_meta":{"origin":9458,"position":1},"title":"Se Rumora N\u00b0320 (semana del 16 al 21 de Octubre de 2019)","date":"21 octubre, 2019","format":false,"excerpt":"Juan David Zuluaga y su cierre de campa\u00f1a Nos detenemos en El Santuario para analizar su ambiente electoral en v\u00edspera de comicios. Nos internamos en la famosa ciudad lev\u00edtica, tierra del bu\u00f1uelo salado para narrar los \u00faltimos acontecimientos pol\u00edticos. El pasado s\u00e1bado el candidato de coalici\u00f3n \u201cCon la gente por\u2026","rel":"","context":"En \u00abSe Rumora\u00bb","img":{"alt_text":"","src":"https:\/\/i0.wp.com\/www.conmarcapropia.com\/portal\/wp-content\/uploads\/2019\/10\/Cierre-de-campa\u00c3\u00b1a-Juan-David-Zuluaga-400x283.jpg?resize=350%2C200","width":350,"height":200},"classes":[]},{"id":12553,"url":"https:\/\/www.conmarcapropia.com\/portal\/se-rumora-n532-semana-del-10-al-17-de-septiembre-de-2024\/","url_meta":{"origin":9458,"position":2},"title":"Se Rumora N\u00b0532 (semana del 10 al 17 de Septiembre de 2024)","date":"17 septiembre, 2024","format":false,"excerpt":"Pueblo blanco en riesgo \u201cPueblo blanco, callejones de colores\u201d, programa tur\u00edstico que inici\u00f3 en el periodo del alcalde de San Vicente Yimi Giraldo, est\u00e1 en riesgo de no continuar como marca de promoci\u00f3n de la localidad, as\u00ed nos lo dijo el presidente del concejo de este municipio, Esneyder Castrill\u00f3n en\u2026","rel":"","context":"En \u00abSe Rumora\u00bb","img":{"alt_text":"","src":"https:\/\/i0.wp.com\/www.conmarcapropia.com\/portal\/wp-content\/uploads\/2024\/09\/pueblo-blanco.jpg?fit=857%2C1200&ssl=1&resize=350%2C200","width":350,"height":200},"classes":[]},{"id":288,"url":"https:\/\/www.conmarcapropia.com\/portal\/municipio-de-el-santuario-busca-espacio-en-el-cluster-turistico\/","url_meta":{"origin":9458,"position":3},"title":"Municipio de El Santuario busca espacio en el cluster tur\u00edstico","date":"24 mayo, 2013","format":"video","excerpt":"El domingo en Se Rumora N\u00b0 13 habl\u00e1bamos de la conformaci\u00f3n de la mesa de turismo de El Santuario con el fin de aprovechar y explotar las potencialidades del municipio en este sector, pues bien la Administraci\u00f3n municipal que est\u00e1 jugada con esa propuesta, particip\u00f3 del concurso de la Gobernaci\u00f3n\u2026","rel":"","context":"En \u00abDesde la Regi\u00f3n\u00bb","img":{"alt_text":"","src":"https:\/\/i0.wp.com\/www.conmarcapropia.com\/portal\/wp-content\/uploads\/2015\/03\/santuario.jpg?fit=450%2C298&ssl=1&resize=350%2C200","width":350,"height":200},"classes":[]},{"id":5744,"url":"https:\/\/www.conmarcapropia.com\/portal\/se-rumora-n282-semana-del-11-al-17-de-diciembre-de-2018\/","url_meta":{"origin":9458,"position":4},"title":"Se Rumora N\u00b0282 (semana del 11 al 17 de Diciembre de 2018","date":"17 diciembre, 2018","format":false,"excerpt":"Temporada de rendici\u00f3n de cuentas En esta temporada de fin de a\u00f1o est\u00e1n en boga los ejercicios de rendici\u00f3n p\u00fablica de cuentas, como es menester y como lo se\u00f1ala la Ley. Estuvimos en la rendici\u00f3n de cuentas de El Retiro, Guarne y Marinilla. El Retiro Entre los principales logros de\u2026","rel":"","context":"En \u00abSe Rumora\u00bb","img":{"alt_text":"","src":"https:\/\/i0.wp.com\/www.conmarcapropia.com\/portal\/wp-content\/uploads\/2018\/12\/Rendici\u00f3n-cuentas-El-Retiro-1.jpg?fit=864%2C577&ssl=1&resize=350%2C200","width":350,"height":200},"classes":[]},{"id":14320,"url":"https:\/\/www.conmarcapropia.com\/portal\/se-rumora-n565-27-de-octubre-de-2025-2\/","url_meta":{"origin":9458,"position":5},"title":"Se Rumora N\u00b0565 04 de Noviembre de 2025","date":"4 noviembre, 2025","format":false,"excerpt":"Se cay\u00f3 la consulta del \u00c1rea Metropolitana del Oriente: el domin\u00f3 se vino abajo En nuestro espacio audiovisual Domin\u00f3 Pol\u00edtico hablamos de la suspensi\u00f3n de la consulta del AMO. La semana pasada amaneci\u00f3 el Oriente Antioque\u00f1o con la noticia que ya muchos ve\u00edan venir: no habr\u00e1 consulta del \u00c1rea Metropolitana.\u2026","rel":"","context":"En \u00abSe Rumora\u00bb","img":{"alt_text":"","src":"https:\/\/i0.wp.com\/www.conmarcapropia.com\/portal\/wp-content\/uploads\/2025\/10\/Digital-Medios-Plan-de-medios-octubre-CERCA-scaled.jpg?fit=900%2C1200&ssl=1&resize=350%2C200","width":350,"height":200},"classes":[]}],"_links":{"self":[{"href":"https:\/\/www.conmarcapropia.com\/portal\/wp-json\/wp\/v2\/posts\/9458"}],"collection":[{"href":"https:\/\/www.conmarcapropia.com\/portal\/wp-json\/wp\/v2\/posts"}],"about":[{"href":"https:\/\/www.conmarcapropia.com\/portal\/wp-json\/wp\/v2\/types\/post"}],"author":[{"embeddable":true,"href":"https:\/\/www.conmarcapropia.com\/portal\/wp-json\/wp\/v2\/users\/11"}],"replies":[{"embeddable":true,"href":"https:\/\/www.conmarcapropia.com\/portal\/wp-json\/wp\/v2\/comments?post=9458"}],"version-history":[{"count":4,"href":"https:\/\/www.conmarcapropia.com\/portal\/wp-json\/wp\/v2\/posts\/9458\/revisions"}],"predecessor-version":[{"id":9553,"href":"https:\/\/www.conmarcapropia.com\/portal\/wp-json\/wp\/v2\/posts\/9458\/revisions\/9553"}],"wp:featuredmedia":[{"embeddable":true,"href":"https:\/\/www.conmarcapropia.com\/portal\/wp-json\/wp\/v2\/media\/9465"}],"wp:attachment":[{"href":"https:\/\/www.conmarcapropia.com\/portal\/wp-json\/wp\/v2\/media?parent=9458"}],"wp:term":[{"taxonomy":"category","embeddable":true,"href":"https:\/\/www.conmarcapropia.com\/portal\/wp-json\/wp\/v2\/categories?post=9458"},{"taxonomy":"post_tag","embeddable":true,"href":"https:\/\/www.conmarcapropia.com\/portal\/wp-json\/wp\/v2\/tags?post=9458"}],"curies":[{"name":"wp","href":"https:\/\/api.w.org\/{rel}","templated":true}]}}