{"id":9481,"date":"2022-09-11T12:12:05","date_gmt":"2022-09-11T17:12:05","guid":{"rendered":"https:\/\/www.conmarcapropia.com\/portal\/?p=9481"},"modified":"2022-09-11T12:12:05","modified_gmt":"2022-09-11T17:12:05","slug":"decrecer-o-no-decrecer-esa-es-la-cuestion","status":"publish","type":"post","link":"https:\/\/www.conmarcapropia.com\/portal\/decrecer-o-no-decrecer-esa-es-la-cuestion\/","title":{"rendered":"DECRECER O NO DECRECER, \u00c9SA ES LA CUESTI\u00d3N"},"content":{"rendered":"<p class=\"s3\"><strong>Decrecer o no decrecer, \u00e9sa es la cuesti\u00f3n<\/strong><\/p>\n<p style=\"text-align: left;\"><img loading=\"lazy\" class=\"alignnone size-full wp-image-8493\" src=\"https:\/\/i0.wp.com\/www.conmarcapropia.com\/portal\/wp-content\/uploads\/2021\/11\/6C18C932-1388-4EC3-9B45-FB070E8318C8.jpeg?resize=146%2C185\" alt=\"\" width=\"146\" height=\"185\" data-recalc-dims=\"1\" \/><\/p>\n<p>Por: @elmagopoeta<\/p>\n<p>Juan Fernando Pach\u00f3n Botero<\/p>\n<p style=\"text-align: justify;\">Confieso que la primera vez que escuch\u00e9 la intervenci\u00f3n de la flamante nueva ministra de Minas y Energ\u00eda de Colombia, Irene V\u00e9lez, respecto al tema del decrecimiento econ\u00f3mico, no logr\u00e9 conectarme con su discurso, tan forzado, tan pueril, tan lejano.<\/p>\n<p><!--more--><\/p>\n<p><img loading=\"lazy\" class=\"alignnone size-thumbnail wp-image-9482\" src=\"https:\/\/i0.wp.com\/www.conmarcapropia.com\/portal\/wp-content\/uploads\/2022\/09\/La-Tierra-enferma-300x298.jpg?resize=300%2C298\" alt=\"\" width=\"300\" height=\"298\" srcset=\"https:\/\/i0.wp.com\/www.conmarcapropia.com\/portal\/wp-content\/uploads\/2022\/09\/La-Tierra-enferma.jpg?resize=300%2C298&amp;ssl=1 300w, https:\/\/i0.wp.com\/www.conmarcapropia.com\/portal\/wp-content\/uploads\/2022\/09\/La-Tierra-enferma.jpg?resize=400%2C397&amp;ssl=1 400w, https:\/\/i0.wp.com\/www.conmarcapropia.com\/portal\/wp-content\/uploads\/2022\/09\/La-Tierra-enferma.jpg?resize=1024%2C1017&amp;ssl=1 1024w, https:\/\/i0.wp.com\/www.conmarcapropia.com\/portal\/wp-content\/uploads\/2022\/09\/La-Tierra-enferma.jpg?resize=768%2C763&amp;ssl=1 768w, https:\/\/i0.wp.com\/www.conmarcapropia.com\/portal\/wp-content\/uploads\/2022\/09\/La-Tierra-enferma.jpg?resize=1536%2C1525&amp;ssl=1 1536w, https:\/\/i0.wp.com\/www.conmarcapropia.com\/portal\/wp-content\/uploads\/2022\/09\/La-Tierra-enferma.jpg?resize=150%2C150&amp;ssl=1 150w, https:\/\/i0.wp.com\/www.conmarcapropia.com\/portal\/wp-content\/uploads\/2022\/09\/La-Tierra-enferma.jpg?w=1600&amp;ssl=1 1600w, https:\/\/i0.wp.com\/www.conmarcapropia.com\/portal\/wp-content\/uploads\/2022\/09\/La-Tierra-enferma.jpg?w=1280 1280w\" sizes=\"(max-width: 300px) 100vw, 300px\" data-recalc-dims=\"1\" \/><\/p>\n<p style=\"text-align: justify;\">No obstante, creo que todo obedece a un problema de forma y no de fondo, acaso una imperdonable falla en el arte de las comunicaciones. En este sentido, no observo con buenos ojos que una profesional sin ning\u00fan tipo de experiencia ni preparaci\u00f3n en una materia tan t\u00e9cnica y sensible lleve las riendas de un sector que est\u00e1 \u00edntimamente ligado al desarrollo de la naci\u00f3n. Si bien la novel funcionaria ostenta un doctorado en geograf\u00eda pol\u00edtica, sus bases acad\u00e9micas est\u00e1n fundadas en la rama de la filosof\u00eda, lo que sugiere competencias no tan \u00fatiles a la hora de conducir una cartera que demanda un gran pragmatismo y saberes m\u00e1s acordes al exigente cargo. La se\u00f1ora ministra fall\u00f3 en sus \u00ednfulas dictatoriales respecto a \u201cexigir a los otros pa\u00edses que comiencen a decrecer en sus modelos econ\u00f3micos\u201d, m\u00e1xime viniendo de un pa\u00eds tan peque\u00f1o en el concierto geopol\u00edtico internacional. Fall\u00f3 en la falta de claridad en los argumentos esbozados. Fall\u00f3 en no llamar las cosas por su nombre, en invocar vagos conceptos. Fall\u00f3 en su expresi\u00f3n corporal, en su actitud presuntuosa. Ya en otros escenarios, fall\u00f3 en su tono escuelero, en su decidida altaner\u00eda. De haber estado este \u00e1lgido tema en manos de una persona mucho mejor estructurada quiz\u00e1s el debate no se hubiera convertido en grotesca comedia, y por lo menos hubiese invitado a la sana reflexi\u00f3n. Dicho esto, la idea en s\u00ed no merece para nada ser tomada a la ligera ni mucho menos ser desestimada en lo absoluto. S\u00f3lo es cuesti\u00f3n de ajustar algunos puntos flojos de la fallida ret\u00f3rica y ensamblar correctamente las piezas.<\/p>\n<p style=\"text-align: justify;\">En el fabuloso libro del historiador israel\u00ed Yuval Noah Harari, <strong>Sapiens, de animales a dioses<\/strong>, se hace un extenso y revelador an\u00e1lisis de la historia del hombre, desde las revoluciones cognitiva y agr\u00edcola en los albores del Neol\u00edtico hasta la conquista del espacio y el florecimiento de la ingenier\u00eda gen\u00e9tica. Un punto clave en el libro trata acerca de la espiral que nos habr\u00e1 de retornar a nuestros or\u00edgenes. En apariencia la humanidad avanza a pasos agigantados hacia un futuro sin l\u00edmites. En China se erigen urbes inteligentes y ultratecnol\u00f3gicas. Prestigiosas agencias espaciales lanzan misiones a Marte e incluso m\u00e1s all\u00e1 del sistema solar. Tumores malignos, hasta hace poco infranqueables, son atacados <em>in situ<\/em> por legiones de expeditivos nanorobots. Una lectura fr\u00eda, a la luz de las maravillas tangibles, invita a pensar que viajamos camino a un mundo mejor. Sin embargo, si ponemos en una balanza el desbordado crecimiento tecnol\u00f3gico y los efectos colaterales que \u00e9ste trae consigo nos daremos cuenta de que no todo lo que brilla en el horizonte es oro. Estoy seguro de que si una civilizaci\u00f3n avanzada nos vigilara desde arriba dar\u00eda fe de nuestro fracaso como especie. La gente de los pa\u00edses ricos muere por cardiopat\u00edas derivadas de una dieta hipercal\u00f3rica y exceso de estr\u00e9s. La gente de los pa\u00edses pobres, parad\u00f3jicamente para\u00edsos de biodiversidad, muere por malnutrici\u00f3n y precarias condiciones de salubridad. Poderosas multinacionales se abren paso a trav\u00e9s de las selvas y bosques, arrasando a su paso con la fauna, la flora y la cuenca hidrogr\u00e1fica. Las grandes superpotencias exhiben sus \u201cjuguetes\u201d b\u00e9licos, mientras el resto de la humanidad observa, inerme, sumida en el miedo y la desaz\u00f3n. Las naciones del Tercer Mundo recogen las migajas de pan que les dejan las naciones industrializadas, a la par que luchan infructuosamente contra la violencia, la pobreza, la inequidad y las drogas. EEUU, China y Europa incrementan exponencialmente su PIB, a la vez que sus elevadas emisiones de CO2 aceleran el cambio clim\u00e1tico y contribuyen en gran medida a la contaminaci\u00f3n ambiental. En fin, el panorama no es para nada halagador.<\/p>\n<p style=\"text-align: justify;\">Pero no todo est\u00e1 perdido, a\u00fan estamos a tiempo de reaccionar, y es en este sentido que debo retomar las controvertidas palabras de la ministra Irene V\u00e9lez en torno al decrecimiento econ\u00f3mico, al cual prefiero renombrar, sin \u00e1nimo de caer en el eufemismo, con un t\u00edtulo m\u00e1s amable y menos explosivo: el desarrollo sostenible. De hecho, el 25 de septiembre de 2015 los l\u00edderes del mundo elaboraron un programa que gira alrededor de 17 objetivos fundamentales a mediano plazo, para alcanzar un desarrollo sostenible, en aras de erradicar la pobreza, la contaminaci\u00f3n, el hambre y la explotaci\u00f3n laboral, as\u00ed como de acortar la profunda desigualdad de la brecha de clases, frenar el calentamiento global, promover el uso de las energ\u00edas limpias y mejorar las condiciones de vida de los pueblos en general. En principio, suena al mundo ideal de nuestras elucubraciones m\u00e1s optimistas, al reino m\u00e1gico de los unicornios de colores, pero m\u00e1s temprano que tarde la humanidad deber\u00e1 tomarse con mayor seriedad dicha propuesta, pues de lo contrario estaremos condenados en un futuro no tan lejano, tomando como referencia la escala de tiempo geol\u00f3gico, al exterminio total como especie y como civilizaci\u00f3n. En pleno amanecer del siglo XXI ya estamos probando el sorbo amargo de lo que nos deparar\u00e1 aquel escenario dist\u00f3pico: inundaciones por doquier, inviernos sin fin, t\u00f3rridos veranos, incendios forestales, cielos te\u00f1idos de gris industrial, especies en peligro de extinci\u00f3n, deshielo progresivo de los polos \u00c1rtico y Ant\u00e1rtico, costas devoradas por el mar, ecosistemas amenazados por la mano del hombre, terribles hambrunas en \u00c1frica y Asia Central, s\u00fabitas pandemias, conato de guerra nuclear; peque\u00f1os trazos de un apocalipsis que se vislumbra inexorable a la vuelta de la esquina.<\/p>\n<p style=\"text-align: justify;\">As\u00ed las cosas, la \u00fanica soluci\u00f3n a la vista es repensar la manera en que estamos edificando nuestro futuro, en especial las naciones m\u00e1s pr\u00f3speras y con mayor capacidad de inversi\u00f3n tecnol\u00f3gica. Las sociedades industriales deben contemplar la posibilidad, m\u00e1s que de un decrecimiento, de un crecimiento responsable en todos los \u00e1mbitos &#8211; en un amplio sentido ecol\u00f3gico y autosostenible -, lo cual implicar\u00eda, necesariamente, una tasa no tan fren\u00e9tica y desaforada de crecimiento. Este proceso cobijar\u00eda, principalmente, a los pa\u00edses m\u00e1s boyantes del orbe y, en menor medida, a los pa\u00edses en v\u00eda de desarrollo, de una forma ordenada, coherente y proporcional al grado de modernidad de unos y otros. Y ya basta de emparentar la agenda ambiental con pseudo-teor\u00edas <em>conspiranoicas <\/em>de un supuesto comunismo obcecado que s\u00f3lo busca sepultar cualquier rastro del capitalismo salvaje, profesado desde las m\u00e1s altas esferas de la ultraderecha recalcitrante y \u201cmalvada\u201d. \u00bfAcaso no es lo suficientemente elocuente el peligro latente al cual nos enfrentamos? \u00bfSeremos tan necios, tan obtusos, tan peque\u00f1os de negar lo evidente? \u00bfSer\u00e1 que ha de primar el confort y bienestar aparente que nos ofrecen los <em>gadgets<\/em> tecnol\u00f3gicos y la parafernalia futurista por sobre la buena salud del planeta, a fin de cuentas, nuestro \u00fanico hogar? \u00bfCu\u00e1l es el coste que estamos dispuestos a asumir en nuestro af\u00e1n de escalar las escarpadas cumbres del progreso? Son interrogantes que nos han de llevar a respuestas inc\u00f3modas, pues resulta anti intuitivo se\u00f1alar con adjetivos negativos el crecimiento econ\u00f3mico de un pa\u00eds o sociedad en particular. En este sentido, cabe resaltar que tal progreso, entendido en los t\u00e9rminos anteriormente expuestos, propicia a su vez un consumismo desmadrado e innecesario, que redunda en una considerable merma de los recursos naturales que tenemos a nuestro haber, en su calidad de bienes y tesoros invaluables con fecha pr\u00f3xima de caducidad, lo cual nos habr\u00e1 de llevar a ese mundo inh\u00f3spito y est\u00e9ril para el que no estamos todav\u00eda preparados.<\/p>\n<p style=\"text-align: justify;\">Las m\u00faltiples y manifiestas falencias en la comunicaci\u00f3n asertiva de la ministra V\u00e9lez y su total falta de empat\u00eda hacia los diversos auditorios que la acogieron han hecho mella en su imagen p\u00fablica, y de paso le han restado credibilidad a esta consistente pero disruptiva teor\u00eda socio-econ\u00f3mica, dada su poca experticia y escasa idoneidad para el cargo para el cual fue investida. Al ritmo vertiginoso del indebido uso e ineficiente gesti\u00f3n de nuestros recursos quiz\u00e1s en cincuenta a\u00f1os, o tal vez en mucho menos, se estar\u00e1 abrazando con mayor fervor dicha teor\u00eda. De momento, este peculiar episodio ministerial ha quedado reducido al universo de los memes, con la ne\u00f3fita ministra como protagonista central, siendo sometida al escarnio p\u00fablico con gran ferocidad. La palabra de moda es \u201cdecrecer\u201d: decrecer por aqu\u00ed, decrecer por all\u00e1. Y si de decrecer se trata, pues en cierto modo \u00e9se es el tr\u00e1gico destino que rige a todo cuanto yace y viaja en el Universo, y al Universo mismo, claro est\u00e1. Y a las pruebas me remito: la Ley de la Entrop\u00eda, la Segunda Ley de la Termodin\u00e1mica, una ley natural cruel e ineludible. De forma general, la entrop\u00eda dicta el curso de los diferentes sistemas y procesos que componen al Universo, cuya tendencia natural al caos creciente y sistem\u00e1tico se explica a partir de un modelo probabil\u00edstico. Dicho concepto es complejo <em>per se<\/em> dado su car\u00e1cter determinista, adem\u00e1s de las matem\u00e1ticas avanzadas que subyacen en sus principales herramientas de an\u00e1lisis cient\u00edfico: la f\u00edsica estad\u00edstica y el desarrollo de la ecuaci\u00f3n de Boltzmann (el autor de esta proeza intelectual). Pero m\u00e1s all\u00e1 de cualquier tipo de interpretaci\u00f3n a la luz de los fundamentos te\u00f3ricos, los hechos han de aportar suficiente ilustraci\u00f3n. El ciclo celular, la vejez y las enfermedades, la muerte de una gigante roja, la descomposici\u00f3n de un trozo de carne, un plato que se rompe en mil pedazos, la desintegraci\u00f3n radiactiva, la degradaci\u00f3n de una mol\u00e9cula de glucosa son claros ejemplos de entrop\u00eda: el Universo &#8211; y todo en \u00e9l &#8211; siempre tiende a la baja. Entonces, decrecer (en t\u00e9rminos biol\u00f3gicos), morir, envejecer, involucionar, decaer, deteriorar, menguar es la regla general: el extra\u00f1o modo en que la naturaleza halla su equilibrio y conserva su <em>statu quo<\/em>.<\/p>\n","protected":false},"excerpt":{"rendered":"<p>Decrecer o no decrecer, \u00e9sa es la cuesti\u00f3n Por: @elmagopoeta Juan Fernando Pach\u00f3n Botero Confieso que la primera vez que escuch\u00e9 la intervenci\u00f3n de la flamante nueva ministra de Minas y Energ\u00eda de Colombia, Irene V\u00e9lez, respecto al tema del decrecimiento econ\u00f3mico, no logr\u00e9 conectarme con su discurso, tan forzado, tan pueril, tan lejano.<\/p>\n","protected":false},"author":11,"featured_media":0,"comment_status":"closed","ping_status":"closed","sticky":false,"template":"","format":"standard","meta":{"om_disable_all_campaigns":false,"_monsterinsights_skip_tracking":false,"_uf_show_specific_survey":0,"_uf_disable_surveys":false,"jetpack_post_was_ever_published":false},"categories":[3],"tags":[1561,157,1563,470,1562],"aioseo_notices":[],"aioseo_head":"\n\t\t<!-- All in One SEO 5.0.1.1 - aioseo.com -->\n\t<meta name=\"description\" content=\"Decrecer o no decrecer, \u00e9sa es la cuesti\u00f3n Por: @elmagopoeta Juan Fernando Pach\u00f3n Botero Confieso que la primera vez que escuch\u00e9 la intervenci\u00f3n de la flamante nueva ministra de Minas y Energ\u00eda de Colombia, Irene V\u00e9lez, respecto al tema del decrecimiento econ\u00f3mico, no logr\u00e9 conectarme con su discurso, tan forzado, tan pueril, tan lejano. No\" \/>\n\t<meta name=\"robots\" content=\"max-image-preview:large\" \/>\n\t<meta name=\"author\" content=\"Editor\"\/>\n\t<link rel=\"canonical\" href=\"https:\/\/www.conmarcapropia.com\/portal\/decrecer-o-no-decrecer-esa-es-la-cuestion\/\" \/>\n\t<meta name=\"generator\" content=\"All in One SEO (AIOSEO) 5.0.1.1\" \/>\n\t\t<meta property=\"og:locale\" content=\"es_ES\" \/>\n\t\t<meta property=\"og:site_name\" content=\"ConMarcaPropia - cmp@conmarcapropia.com\" \/>\n\t\t<meta property=\"og:type\" content=\"article\" \/>\n\t\t<meta property=\"og:title\" content=\"DECRECER O NO DECRECER, \u00c9SA ES LA CUESTI\u00d3N - ConMarcaPropia\" \/>\n\t\t<meta property=\"og:description\" content=\"Decrecer o no decrecer, \u00e9sa es la cuesti\u00f3n Por: @elmagopoeta Juan Fernando Pach\u00f3n Botero Confieso que la primera vez que escuch\u00e9 la intervenci\u00f3n de la flamante nueva ministra de Minas y Energ\u00eda de Colombia, Irene V\u00e9lez, respecto al tema del decrecimiento econ\u00f3mico, no logr\u00e9 conectarme con su discurso, tan forzado, tan pueril, tan lejano. No\" \/>\n\t\t<meta property=\"og:url\" content=\"https:\/\/www.conmarcapropia.com\/portal\/decrecer-o-no-decrecer-esa-es-la-cuestion\/\" \/>\n\t\t<meta property=\"og:image\" content=\"https:\/\/i0.wp.com\/www.conmarcapropia.com\/portal\/wp-content\/uploads\/2022\/08\/cropped-CONAMR.png?fit=500%2C100&#038;ssl=1\" \/>\n\t\t<meta property=\"og:image:secure_url\" content=\"https:\/\/i0.wp.com\/www.conmarcapropia.com\/portal\/wp-content\/uploads\/2022\/08\/cropped-CONAMR.png?fit=500%2C100&#038;ssl=1\" \/>\n\t\t<meta property=\"article:published_time\" content=\"2022-09-11T17:12:05+00:00\" \/>\n\t\t<meta property=\"article:modified_time\" content=\"2022-09-11T17:12:05+00:00\" \/>\n\t\t<meta name=\"twitter:card\" content=\"summary_large_image\" \/>\n\t\t<meta name=\"twitter:title\" content=\"DECRECER O NO DECRECER, \u00c9SA ES LA CUESTI\u00d3N - ConMarcaPropia\" \/>\n\t\t<meta name=\"twitter:description\" content=\"Decrecer o no decrecer, \u00e9sa es la cuesti\u00f3n Por: @elmagopoeta Juan Fernando Pach\u00f3n Botero Confieso que la primera vez que escuch\u00e9 la intervenci\u00f3n de la flamante nueva ministra de Minas y Energ\u00eda de Colombia, Irene V\u00e9lez, respecto al tema del decrecimiento econ\u00f3mico, no logr\u00e9 conectarme con su discurso, tan forzado, tan pueril, tan lejano. No\" \/>\n\t\t<meta name=\"twitter:image\" content=\"https:\/\/i0.wp.com\/www.conmarcapropia.com\/portal\/wp-content\/uploads\/2022\/08\/cropped-CONAMR.png?fit=500%2C100&amp;ssl=1\" \/>\n\t\t<script type=\"application\/ld+json\" class=\"aioseo-schema\">\n\t\t\t{\"@context\":\"https:\\\/\\\/schema.org\",\"@graph\":[{\"@type\":\"BlogPosting\",\"@id\":\"https:\\\/\\\/www.conmarcapropia.com\\\/portal\\\/decrecer-o-no-decrecer-esa-es-la-cuestion\\\/#blogposting\",\"name\":\"DECRECER O NO DECRECER, \\u00c9SA ES LA CUESTI\\u00d3N - ConMarcaPropia\",\"headline\":\"DECRECER O NO DECRECER, \\u00c9SA ES LA CUESTI\\u00d3N\",\"author\":{\"@id\":\"https:\\\/\\\/www.conmarcapropia.com\\\/portal\\\/author\\\/carlosp\\\/#author\"},\"publisher\":{\"@id\":\"https:\\\/\\\/www.conmarcapropia.com\\\/portal\\\/#organization\"},\"image\":{\"@type\":\"ImageObject\",\"url\":\"https:\\\/\\\/i0.wp.com\\\/www.conmarcapropia.com\\\/portal\\\/wp-content\\\/uploads\\\/2021\\\/11\\\/6C18C932-1388-4EC3-9B45-FB070E8318C8.jpeg?fit=146%2C185&ssl=1\",\"@id\":\"https:\\\/\\\/www.conmarcapropia.com\\\/portal\\\/decrecer-o-no-decrecer-esa-es-la-cuestion\\\/#articleImage\",\"width\":146,\"height\":185},\"datePublished\":\"2022-09-11T12:12:05-05:00\",\"dateModified\":\"2022-09-11T12:12:05-05:00\",\"inLanguage\":\"es-ES\",\"mainEntityOfPage\":{\"@id\":\"https:\\\/\\\/www.conmarcapropia.com\\\/portal\\\/decrecer-o-no-decrecer-esa-es-la-cuestion\\\/#webpage\"},\"isPartOf\":{\"@id\":\"https:\\\/\\\/www.conmarcapropia.com\\\/portal\\\/decrecer-o-no-decrecer-esa-es-la-cuestion\\\/#webpage\"},\"articleSection\":\"Se Rumora, decrecer, Invitados, Irene V\\u00e9lez, Juan Fernando Pach\\u00f3n Botero, Ministra de Minas\"},{\"@type\":\"BreadcrumbList\",\"@id\":\"https:\\\/\\\/www.conmarcapropia.com\\\/portal\\\/decrecer-o-no-decrecer-esa-es-la-cuestion\\\/#breadcrumblist\",\"itemListElement\":[{\"@type\":\"ListItem\",\"@id\":\"https:\\\/\\\/www.conmarcapropia.com\\\/portal#listItem\",\"position\":1,\"name\":\"Home\",\"item\":\"https:\\\/\\\/www.conmarcapropia.com\\\/portal\",\"nextItem\":{\"@type\":\"ListItem\",\"@id\":\"https:\\\/\\\/www.conmarcapropia.com\\\/portal\\\/tema\\\/se-rumora\\\/#listItem\",\"name\":\"Se Rumora\"}},{\"@type\":\"ListItem\",\"@id\":\"https:\\\/\\\/www.conmarcapropia.com\\\/portal\\\/tema\\\/se-rumora\\\/#listItem\",\"position\":2,\"name\":\"Se Rumora\",\"item\":\"https:\\\/\\\/www.conmarcapropia.com\\\/portal\\\/tema\\\/se-rumora\\\/\",\"nextItem\":{\"@type\":\"ListItem\",\"@id\":\"https:\\\/\\\/www.conmarcapropia.com\\\/portal\\\/decrecer-o-no-decrecer-esa-es-la-cuestion\\\/#listItem\",\"name\":\"DECRECER O NO DECRECER, \\u00c9SA ES LA CUESTI\\u00d3N\"},\"previousItem\":{\"@type\":\"ListItem\",\"@id\":\"https:\\\/\\\/www.conmarcapropia.com\\\/portal#listItem\",\"name\":\"Home\"}},{\"@type\":\"ListItem\",\"@id\":\"https:\\\/\\\/www.conmarcapropia.com\\\/portal\\\/decrecer-o-no-decrecer-esa-es-la-cuestion\\\/#listItem\",\"position\":3,\"name\":\"DECRECER O NO DECRECER, \\u00c9SA ES LA CUESTI\\u00d3N\",\"previousItem\":{\"@type\":\"ListItem\",\"@id\":\"https:\\\/\\\/www.conmarcapropia.com\\\/portal\\\/tema\\\/se-rumora\\\/#listItem\",\"name\":\"Se Rumora\"}}]},{\"@type\":\"Organization\",\"@id\":\"https:\\\/\\\/www.conmarcapropia.com\\\/portal\\\/#organization\",\"name\":\"ConMarcaPropia\",\"description\":\"cmp@conmarcapropia.com\",\"url\":\"https:\\\/\\\/www.conmarcapropia.com\\\/portal\\\/\",\"logo\":{\"@type\":\"ImageObject\",\"url\":\"https:\\\/\\\/i0.wp.com\\\/www.conmarcapropia.com\\\/portal\\\/wp-content\\\/uploads\\\/2022\\\/08\\\/cropped-CONAMR.png?fit=500%2C100&ssl=1\",\"@id\":\"https:\\\/\\\/www.conmarcapropia.com\\\/portal\\\/decrecer-o-no-decrecer-esa-es-la-cuestion\\\/#organizationLogo\",\"width\":500,\"height\":100},\"image\":{\"@id\":\"https:\\\/\\\/www.conmarcapropia.com\\\/portal\\\/decrecer-o-no-decrecer-esa-es-la-cuestion\\\/#organizationLogo\"}},{\"@type\":\"Person\",\"@id\":\"https:\\\/\\\/www.conmarcapropia.com\\\/portal\\\/author\\\/carlosp\\\/#author\",\"url\":\"https:\\\/\\\/www.conmarcapropia.com\\\/portal\\\/author\\\/carlosp\\\/\",\"name\":\"Editor\",\"image\":{\"@type\":\"ImageObject\",\"@id\":\"https:\\\/\\\/www.conmarcapropia.com\\\/portal\\\/decrecer-o-no-decrecer-esa-es-la-cuestion\\\/#authorImage\",\"url\":\"https:\\\/\\\/secure.gravatar.com\\\/avatar\\\/444d08604116fee1399108703e7d90e7?s=96&d=mm&r=g\",\"width\":96,\"height\":96,\"caption\":\"Editor\"}},{\"@type\":\"WebPage\",\"@id\":\"https:\\\/\\\/www.conmarcapropia.com\\\/portal\\\/decrecer-o-no-decrecer-esa-es-la-cuestion\\\/#webpage\",\"url\":\"https:\\\/\\\/www.conmarcapropia.com\\\/portal\\\/decrecer-o-no-decrecer-esa-es-la-cuestion\\\/\",\"name\":\"DECRECER O NO DECRECER, \\u00c9SA ES LA CUESTI\\u00d3N - ConMarcaPropia\",\"description\":\"Decrecer o no decrecer, \\u00e9sa es la cuesti\\u00f3n Por: @elmagopoeta Juan Fernando Pach\\u00f3n Botero Confieso que la primera vez que escuch\\u00e9 la intervenci\\u00f3n de la flamante nueva ministra de Minas y Energ\\u00eda de Colombia, Irene V\\u00e9lez, respecto al tema del decrecimiento econ\\u00f3mico, no logr\\u00e9 conectarme con su discurso, tan forzado, tan pueril, tan lejano. No\",\"inLanguage\":\"es-ES\",\"isPartOf\":{\"@id\":\"https:\\\/\\\/www.conmarcapropia.com\\\/portal\\\/#website\"},\"breadcrumb\":{\"@id\":\"https:\\\/\\\/www.conmarcapropia.com\\\/portal\\\/decrecer-o-no-decrecer-esa-es-la-cuestion\\\/#breadcrumblist\"},\"author\":{\"@id\":\"https:\\\/\\\/www.conmarcapropia.com\\\/portal\\\/author\\\/carlosp\\\/#author\"},\"creator\":{\"@id\":\"https:\\\/\\\/www.conmarcapropia.com\\\/portal\\\/author\\\/carlosp\\\/#author\"},\"datePublished\":\"2022-09-11T12:12:05-05:00\",\"dateModified\":\"2022-09-11T12:12:05-05:00\"},{\"@type\":\"WebSite\",\"@id\":\"https:\\\/\\\/www.conmarcapropia.com\\\/portal\\\/#website\",\"url\":\"https:\\\/\\\/www.conmarcapropia.com\\\/portal\\\/\",\"name\":\"ConMarcaPropia\",\"description\":\"cmp@conmarcapropia.com\",\"inLanguage\":\"es-ES\",\"publisher\":{\"@id\":\"https:\\\/\\\/www.conmarcapropia.com\\\/portal\\\/#organization\"}}]}\n\t\t<\/script>\n\t\t<!-- All in One SEO -->\n\n","aioseo_head_json":{"title":"DECRECER O NO DECRECER, \u00c9SA ES LA CUESTI\u00d3N - ConMarcaPropia","description":"Decrecer o no decrecer, \u00e9sa es la cuesti\u00f3n Por: @elmagopoeta Juan Fernando Pach\u00f3n Botero Confieso que la primera vez que escuch\u00e9 la intervenci\u00f3n de la flamante nueva ministra de Minas y Energ\u00eda de Colombia, Irene V\u00e9lez, respecto al tema del decrecimiento econ\u00f3mico, no logr\u00e9 conectarme con su discurso, tan forzado, tan pueril, tan lejano. No","canonical_url":"https:\/\/www.conmarcapropia.com\/portal\/decrecer-o-no-decrecer-esa-es-la-cuestion\/","robots":"max-image-preview:large","keywords":"","webmasterTools":{"miscellaneous":""},"schema":{"@context":"https:\/\/schema.org","@graph":[{"@type":"BlogPosting","@id":"https:\/\/www.conmarcapropia.com\/portal\/decrecer-o-no-decrecer-esa-es-la-cuestion\/#blogposting","name":"DECRECER O NO DECRECER, \u00c9SA ES LA CUESTI\u00d3N - ConMarcaPropia","headline":"DECRECER O NO DECRECER, \u00c9SA ES LA CUESTI\u00d3N","author":{"@id":"https:\/\/www.conmarcapropia.com\/portal\/author\/carlosp\/#author"},"publisher":{"@id":"https:\/\/www.conmarcapropia.com\/portal\/#organization"},"image":{"@type":"ImageObject","url":"https:\/\/i0.wp.com\/www.conmarcapropia.com\/portal\/wp-content\/uploads\/2021\/11\/6C18C932-1388-4EC3-9B45-FB070E8318C8.jpeg?fit=146%2C185&ssl=1","@id":"https:\/\/www.conmarcapropia.com\/portal\/decrecer-o-no-decrecer-esa-es-la-cuestion\/#articleImage","width":146,"height":185},"datePublished":"2022-09-11T12:12:05-05:00","dateModified":"2022-09-11T12:12:05-05:00","inLanguage":"es-ES","mainEntityOfPage":{"@id":"https:\/\/www.conmarcapropia.com\/portal\/decrecer-o-no-decrecer-esa-es-la-cuestion\/#webpage"},"isPartOf":{"@id":"https:\/\/www.conmarcapropia.com\/portal\/decrecer-o-no-decrecer-esa-es-la-cuestion\/#webpage"},"articleSection":"Se Rumora, decrecer, Invitados, Irene V\u00e9lez, Juan Fernando Pach\u00f3n Botero, Ministra de Minas"},{"@type":"BreadcrumbList","@id":"https:\/\/www.conmarcapropia.com\/portal\/decrecer-o-no-decrecer-esa-es-la-cuestion\/#breadcrumblist","itemListElement":[{"@type":"ListItem","@id":"https:\/\/www.conmarcapropia.com\/portal#listItem","position":1,"name":"Home","item":"https:\/\/www.conmarcapropia.com\/portal","nextItem":{"@type":"ListItem","@id":"https:\/\/www.conmarcapropia.com\/portal\/tema\/se-rumora\/#listItem","name":"Se Rumora"}},{"@type":"ListItem","@id":"https:\/\/www.conmarcapropia.com\/portal\/tema\/se-rumora\/#listItem","position":2,"name":"Se Rumora","item":"https:\/\/www.conmarcapropia.com\/portal\/tema\/se-rumora\/","nextItem":{"@type":"ListItem","@id":"https:\/\/www.conmarcapropia.com\/portal\/decrecer-o-no-decrecer-esa-es-la-cuestion\/#listItem","name":"DECRECER O NO DECRECER, \u00c9SA ES LA CUESTI\u00d3N"},"previousItem":{"@type":"ListItem","@id":"https:\/\/www.conmarcapropia.com\/portal#listItem","name":"Home"}},{"@type":"ListItem","@id":"https:\/\/www.conmarcapropia.com\/portal\/decrecer-o-no-decrecer-esa-es-la-cuestion\/#listItem","position":3,"name":"DECRECER O NO DECRECER, \u00c9SA ES LA CUESTI\u00d3N","previousItem":{"@type":"ListItem","@id":"https:\/\/www.conmarcapropia.com\/portal\/tema\/se-rumora\/#listItem","name":"Se Rumora"}}]},{"@type":"Organization","@id":"https:\/\/www.conmarcapropia.com\/portal\/#organization","name":"ConMarcaPropia","description":"cmp@conmarcapropia.com","url":"https:\/\/www.conmarcapropia.com\/portal\/","logo":{"@type":"ImageObject","url":"https:\/\/i0.wp.com\/www.conmarcapropia.com\/portal\/wp-content\/uploads\/2022\/08\/cropped-CONAMR.png?fit=500%2C100&ssl=1","@id":"https:\/\/www.conmarcapropia.com\/portal\/decrecer-o-no-decrecer-esa-es-la-cuestion\/#organizationLogo","width":500,"height":100},"image":{"@id":"https:\/\/www.conmarcapropia.com\/portal\/decrecer-o-no-decrecer-esa-es-la-cuestion\/#organizationLogo"}},{"@type":"Person","@id":"https:\/\/www.conmarcapropia.com\/portal\/author\/carlosp\/#author","url":"https:\/\/www.conmarcapropia.com\/portal\/author\/carlosp\/","name":"Editor","image":{"@type":"ImageObject","@id":"https:\/\/www.conmarcapropia.com\/portal\/decrecer-o-no-decrecer-esa-es-la-cuestion\/#authorImage","url":"https:\/\/secure.gravatar.com\/avatar\/444d08604116fee1399108703e7d90e7?s=96&d=mm&r=g","width":96,"height":96,"caption":"Editor"}},{"@type":"WebPage","@id":"https:\/\/www.conmarcapropia.com\/portal\/decrecer-o-no-decrecer-esa-es-la-cuestion\/#webpage","url":"https:\/\/www.conmarcapropia.com\/portal\/decrecer-o-no-decrecer-esa-es-la-cuestion\/","name":"DECRECER O NO DECRECER, \u00c9SA ES LA CUESTI\u00d3N - ConMarcaPropia","description":"Decrecer o no decrecer, \u00e9sa es la cuesti\u00f3n Por: @elmagopoeta Juan Fernando Pach\u00f3n Botero Confieso que la primera vez que escuch\u00e9 la intervenci\u00f3n de la flamante nueva ministra de Minas y Energ\u00eda de Colombia, Irene V\u00e9lez, respecto al tema del decrecimiento econ\u00f3mico, no logr\u00e9 conectarme con su discurso, tan forzado, tan pueril, tan lejano. No","inLanguage":"es-ES","isPartOf":{"@id":"https:\/\/www.conmarcapropia.com\/portal\/#website"},"breadcrumb":{"@id":"https:\/\/www.conmarcapropia.com\/portal\/decrecer-o-no-decrecer-esa-es-la-cuestion\/#breadcrumblist"},"author":{"@id":"https:\/\/www.conmarcapropia.com\/portal\/author\/carlosp\/#author"},"creator":{"@id":"https:\/\/www.conmarcapropia.com\/portal\/author\/carlosp\/#author"},"datePublished":"2022-09-11T12:12:05-05:00","dateModified":"2022-09-11T12:12:05-05:00"},{"@type":"WebSite","@id":"https:\/\/www.conmarcapropia.com\/portal\/#website","url":"https:\/\/www.conmarcapropia.com\/portal\/","name":"ConMarcaPropia","description":"cmp@conmarcapropia.com","inLanguage":"es-ES","publisher":{"@id":"https:\/\/www.conmarcapropia.com\/portal\/#organization"}}]},"og:locale":"es_ES","og:site_name":"ConMarcaPropia - cmp@conmarcapropia.com","og:type":"article","og:title":"DECRECER O NO DECRECER, \u00c9SA ES LA CUESTI\u00d3N - ConMarcaPropia","og:description":"Decrecer o no decrecer, \u00e9sa es la cuesti\u00f3n Por: @elmagopoeta Juan Fernando Pach\u00f3n Botero Confieso que la primera vez que escuch\u00e9 la intervenci\u00f3n de la flamante nueva ministra de Minas y Energ\u00eda de Colombia, Irene V\u00e9lez, respecto al tema del decrecimiento econ\u00f3mico, no logr\u00e9 conectarme con su discurso, tan forzado, tan pueril, tan lejano. No","og:url":"https:\/\/www.conmarcapropia.com\/portal\/decrecer-o-no-decrecer-esa-es-la-cuestion\/","og:image":"https:\/\/i0.wp.com\/www.conmarcapropia.com\/portal\/wp-content\/uploads\/2022\/08\/cropped-CONAMR.png?fit=500%2C100&#038;ssl=1","og:image:secure_url":"https:\/\/i0.wp.com\/www.conmarcapropia.com\/portal\/wp-content\/uploads\/2022\/08\/cropped-CONAMR.png?fit=500%2C100&#038;ssl=1","article:published_time":"2022-09-11T17:12:05+00:00","article:modified_time":"2022-09-11T17:12:05+00:00","twitter:card":"summary_large_image","twitter:title":"DECRECER O NO DECRECER, \u00c9SA ES LA CUESTI\u00d3N - ConMarcaPropia","twitter:description":"Decrecer o no decrecer, \u00e9sa es la cuesti\u00f3n Por: @elmagopoeta Juan Fernando Pach\u00f3n Botero Confieso que la primera vez que escuch\u00e9 la intervenci\u00f3n de la flamante nueva ministra de Minas y Energ\u00eda de Colombia, Irene V\u00e9lez, respecto al tema del decrecimiento econ\u00f3mico, no logr\u00e9 conectarme con su discurso, tan forzado, tan pueril, tan lejano. No","twitter:image":"https:\/\/i0.wp.com\/www.conmarcapropia.com\/portal\/wp-content\/uploads\/2022\/08\/cropped-CONAMR.png?fit=500%2C100&ssl=1"},"aioseo_meta_data":{"post_id":"9481","title":null,"description":null,"keywords":null,"keyphrases":null,"primary_term":null,"canonical_url":null,"og_title":null,"og_description":null,"og_object_type":"default","og_image_type":"default","og_image_url":null,"og_image_width":null,"og_image_height":null,"og_image_custom_url":null,"og_image_custom_fields":null,"og_video":null,"og_custom_url":null,"og_article_section":null,"og_article_tags":null,"twitter_use_og":false,"twitter_card":"default","twitter_image_type":"default","twitter_image_url":null,"twitter_image_custom_url":null,"twitter_image_custom_fields":null,"twitter_title":null,"twitter_description":null,"schema":{"blockGraphs":[],"customGraphs":[],"default":{"data":{"Article":[],"Course":[],"Dataset":[],"FAQPage":[],"Movie":[],"Person":[],"Product":[],"ProductReview":[],"Car":[],"Recipe":[],"Service":[],"SoftwareApplication":[],"WebPage":[]},"graphName":"","isEnabled":true},"graphs":[]},"schema_type":"default","schema_type_options":null,"pillar_content":false,"robots_default":true,"robots_noindex":false,"robots_noarchive":false,"robots_nosnippet":false,"robots_nofollow":false,"robots_noimageindex":false,"robots_noodp":false,"robots_notranslate":false,"robots_max_snippet":null,"robots_max_videopreview":null,"robots_max_imagepreview":"large","priority":null,"frequency":null,"local_seo":null,"breadcrumb_settings":null,"limit_modified_date":false,"ai":null,"created":"2023-11-11 16:21:59","updated":"2023-11-11 16:21:59","seo_analyzer_scan_date":null,"focus_keyword":null,"additional_keywords":null,"truseo_locale":null},"aioseo_breadcrumb":"<div class=\"aioseo-breadcrumbs\"><span class=\"aioseo-breadcrumb\">\n\t\t\t<a href=\"https:\/\/www.conmarcapropia.com\/portal\" title=\"Home\">Home<\/a>\n\t\t<\/span><span class=\"aioseo-breadcrumb-separator\">&raquo;<\/span><span class=\"aioseo-breadcrumb\">\n\t\t\t<a href=\"https:\/\/www.conmarcapropia.com\/portal\/tema\/se-rumora\/\" title=\"Se Rumora\">Se Rumora<\/a>\n\t\t<\/span><span class=\"aioseo-breadcrumb-separator\">&raquo;<\/span><span class=\"aioseo-breadcrumb\">\n\t\t\tDECRECER O NO DECRECER, \u00c9SA ES LA CUESTI\u00d3N\n\t\t<\/span><\/div>","aioseo_breadcrumb_json":[{"label":"Home","link":"https:\/\/www.conmarcapropia.com\/portal"},{"label":"Se Rumora","link":"https:\/\/www.conmarcapropia.com\/portal\/tema\/se-rumora\/"},{"label":"DECRECER O NO DECRECER, \u00c9SA ES LA CUESTI\u00d3N","link":"https:\/\/www.conmarcapropia.com\/portal\/decrecer-o-no-decrecer-esa-es-la-cuestion\/"}],"yoast_head":"<!-- This site is optimized with the Yoast SEO plugin v20.6 - https:\/\/yoast.com\/wordpress\/plugins\/seo\/ -->\n<title>DECRECER O NO DECRECER, \u00c9SA ES LA CUESTI\u00d3N - ConMarcaPropia<\/title>\n<meta name=\"robots\" content=\"index, follow, max-snippet:-1, max-image-preview:large, max-video-preview:-1\" \/>\n<link rel=\"canonical\" href=\"https:\/\/www.conmarcapropia.com\/portal\/decrecer-o-no-decrecer-esa-es-la-cuestion\/\" \/>\n<meta property=\"og:locale\" content=\"es_ES\" \/>\n<meta property=\"og:type\" content=\"article\" \/>\n<meta property=\"og:title\" content=\"DECRECER O NO DECRECER, \u00c9SA ES LA CUESTI\u00d3N - ConMarcaPropia\" \/>\n<meta property=\"og:description\" content=\"Decrecer o no decrecer, \u00e9sa es la cuesti\u00f3n Por: @elmagopoeta Juan Fernando Pach\u00f3n Botero Confieso que la primera vez que escuch\u00e9 la intervenci\u00f3n de la flamante nueva ministra de Minas y Energ\u00eda de Colombia, Irene V\u00e9lez, respecto al tema del decrecimiento econ\u00f3mico, no logr\u00e9 conectarme con su discurso, tan forzado, tan pueril, tan lejano.\" \/>\n<meta property=\"og:url\" content=\"https:\/\/www.conmarcapropia.com\/portal\/decrecer-o-no-decrecer-esa-es-la-cuestion\/\" \/>\n<meta property=\"og:site_name\" content=\"ConMarcaPropia\" \/>\n<meta property=\"article:publisher\" content=\"https:\/\/www.facebook.com\/ConMarcaPropiaCom\" \/>\n<meta property=\"article:published_time\" content=\"2022-09-11T17:12:05+00:00\" \/>\n<meta property=\"og:image\" content=\"http:\/\/www.conmarcapropia.com\/portal\/wp-content\/uploads\/2021\/11\/6C18C932-1388-4EC3-9B45-FB070E8318C8.jpeg\" \/>\n<meta name=\"author\" content=\"Editor\" \/>\n<meta name=\"twitter:label1\" content=\"Escrito por\" \/>\n\t<meta name=\"twitter:data1\" content=\"Editor\" \/>\n\t<meta name=\"twitter:label2\" content=\"Tiempo de lectura\" \/>\n\t<meta name=\"twitter:data2\" content=\"8 minutos\" \/>\n<script type=\"application\/ld+json\" class=\"yoast-schema-graph\">{\"@context\":\"https:\/\/schema.org\",\"@graph\":[{\"@type\":\"Article\",\"@id\":\"https:\/\/www.conmarcapropia.com\/portal\/decrecer-o-no-decrecer-esa-es-la-cuestion\/#article\",\"isPartOf\":{\"@id\":\"https:\/\/www.conmarcapropia.com\/portal\/decrecer-o-no-decrecer-esa-es-la-cuestion\/\"},\"author\":{\"name\":\"Editor\",\"@id\":\"https:\/\/www.conmarcapropia.com\/portal\/#\/schema\/person\/99e32c7be3e9590e5f01c02fe4bd4148\"},\"headline\":\"DECRECER O NO DECRECER, \u00c9SA ES LA CUESTI\u00d3N\",\"datePublished\":\"2022-09-11T17:12:05+00:00\",\"dateModified\":\"2022-09-11T17:12:05+00:00\",\"mainEntityOfPage\":{\"@id\":\"https:\/\/www.conmarcapropia.com\/portal\/decrecer-o-no-decrecer-esa-es-la-cuestion\/\"},\"wordCount\":1796,\"publisher\":{\"@id\":\"https:\/\/www.conmarcapropia.com\/portal\/#organization\"},\"keywords\":[\"decrecer\",\"Invitados\",\"Irene V\u00e9lez\",\"Juan Fernando Pach\u00f3n Botero\",\"Ministra de Minas\"],\"articleSection\":[\"Se Rumora\"],\"inLanguage\":\"es\"},{\"@type\":\"WebPage\",\"@id\":\"https:\/\/www.conmarcapropia.com\/portal\/decrecer-o-no-decrecer-esa-es-la-cuestion\/\",\"url\":\"https:\/\/www.conmarcapropia.com\/portal\/decrecer-o-no-decrecer-esa-es-la-cuestion\/\",\"name\":\"DECRECER O NO DECRECER, \u00c9SA ES LA CUESTI\u00d3N - ConMarcaPropia\",\"isPartOf\":{\"@id\":\"https:\/\/www.conmarcapropia.com\/portal\/#website\"},\"datePublished\":\"2022-09-11T17:12:05+00:00\",\"dateModified\":\"2022-09-11T17:12:05+00:00\",\"breadcrumb\":{\"@id\":\"https:\/\/www.conmarcapropia.com\/portal\/decrecer-o-no-decrecer-esa-es-la-cuestion\/#breadcrumb\"},\"inLanguage\":\"es\",\"potentialAction\":[{\"@type\":\"ReadAction\",\"target\":[\"https:\/\/www.conmarcapropia.com\/portal\/decrecer-o-no-decrecer-esa-es-la-cuestion\/\"]}]},{\"@type\":\"BreadcrumbList\",\"@id\":\"https:\/\/www.conmarcapropia.com\/portal\/decrecer-o-no-decrecer-esa-es-la-cuestion\/#breadcrumb\",\"itemListElement\":[{\"@type\":\"ListItem\",\"position\":1,\"name\":\"Portada\",\"item\":\"https:\/\/www.conmarcapropia.com\/portal\/\"},{\"@type\":\"ListItem\",\"position\":2,\"name\":\"DECRECER O NO DECRECER, \u00c9SA ES LA CUESTI\u00d3N\"}]},{\"@type\":\"WebSite\",\"@id\":\"https:\/\/www.conmarcapropia.com\/portal\/#website\",\"url\":\"https:\/\/www.conmarcapropia.com\/portal\/\",\"name\":\"ConMarcaPropia\",\"description\":\"cmp@conmarcapropia.com\",\"publisher\":{\"@id\":\"https:\/\/www.conmarcapropia.com\/portal\/#organization\"},\"potentialAction\":[{\"@type\":\"SearchAction\",\"target\":{\"@type\":\"EntryPoint\",\"urlTemplate\":\"https:\/\/www.conmarcapropia.com\/portal\/?s={search_term_string}\"},\"query-input\":\"required name=search_term_string\"}],\"inLanguage\":\"es\"},{\"@type\":\"Organization\",\"@id\":\"https:\/\/www.conmarcapropia.com\/portal\/#organization\",\"name\":\"ConMarcaPropia\",\"url\":\"https:\/\/www.conmarcapropia.com\/portal\/\",\"logo\":{\"@type\":\"ImageObject\",\"inLanguage\":\"es\",\"@id\":\"https:\/\/www.conmarcapropia.com\/portal\/#\/schema\/logo\/image\/\",\"url\":\"https:\/\/i0.wp.com\/www.conmarcapropia.com\/portal\/wp-content\/uploads\/2022\/08\/cropped-CONAMR.png?fit=500%2C100&ssl=1\",\"contentUrl\":\"https:\/\/i0.wp.com\/www.conmarcapropia.com\/portal\/wp-content\/uploads\/2022\/08\/cropped-CONAMR.png?fit=500%2C100&ssl=1\",\"width\":500,\"height\":100,\"caption\":\"ConMarcaPropia\"},\"image\":{\"@id\":\"https:\/\/www.conmarcapropia.com\/portal\/#\/schema\/logo\/image\/\"},\"sameAs\":[\"https:\/\/www.facebook.com\/ConMarcaPropiaCom\",\"https:\/\/twitter.com\/Conmarcap\",\"https:\/\/www.youtube.com\/user\/ConMarcaPropia\"]},{\"@type\":\"Person\",\"@id\":\"https:\/\/www.conmarcapropia.com\/portal\/#\/schema\/person\/99e32c7be3e9590e5f01c02fe4bd4148\",\"name\":\"Editor\",\"image\":{\"@type\":\"ImageObject\",\"inLanguage\":\"es\",\"@id\":\"https:\/\/www.conmarcapropia.com\/portal\/#\/schema\/person\/image\/\",\"url\":\"https:\/\/secure.gravatar.com\/avatar\/444d08604116fee1399108703e7d90e7?s=96&d=mm&r=g\",\"contentUrl\":\"https:\/\/secure.gravatar.com\/avatar\/444d08604116fee1399108703e7d90e7?s=96&d=mm&r=g\",\"caption\":\"Editor\"},\"url\":\"https:\/\/www.conmarcapropia.com\/portal\/author\/carlosp\/\"}]}<\/script>\n<!-- \/ Yoast SEO plugin. -->","yoast_head_json":{"title":"DECRECER O NO DECRECER, \u00c9SA ES LA CUESTI\u00d3N - ConMarcaPropia","robots":{"index":"index","follow":"follow","max-snippet":"max-snippet:-1","max-image-preview":"max-image-preview:large","max-video-preview":"max-video-preview:-1"},"canonical":"https:\/\/www.conmarcapropia.com\/portal\/decrecer-o-no-decrecer-esa-es-la-cuestion\/","og_locale":"es_ES","og_type":"article","og_title":"DECRECER O NO DECRECER, \u00c9SA ES LA CUESTI\u00d3N - ConMarcaPropia","og_description":"Decrecer o no decrecer, \u00e9sa es la cuesti\u00f3n Por: @elmagopoeta Juan Fernando Pach\u00f3n Botero Confieso que la primera vez que escuch\u00e9 la intervenci\u00f3n de la flamante nueva ministra de Minas y Energ\u00eda de Colombia, Irene V\u00e9lez, respecto al tema del decrecimiento econ\u00f3mico, no logr\u00e9 conectarme con su discurso, tan forzado, tan pueril, tan lejano.","og_url":"https:\/\/www.conmarcapropia.com\/portal\/decrecer-o-no-decrecer-esa-es-la-cuestion\/","og_site_name":"ConMarcaPropia","article_publisher":"https:\/\/www.facebook.com\/ConMarcaPropiaCom","article_published_time":"2022-09-11T17:12:05+00:00","og_image":[{"url":"http:\/\/www.conmarcapropia.com\/portal\/wp-content\/uploads\/2021\/11\/6C18C932-1388-4EC3-9B45-FB070E8318C8.jpeg"}],"author":"Editor","twitter_misc":{"Escrito por":"Editor","Tiempo de lectura":"8 minutos"},"schema":{"@context":"https:\/\/schema.org","@graph":[{"@type":"Article","@id":"https:\/\/www.conmarcapropia.com\/portal\/decrecer-o-no-decrecer-esa-es-la-cuestion\/#article","isPartOf":{"@id":"https:\/\/www.conmarcapropia.com\/portal\/decrecer-o-no-decrecer-esa-es-la-cuestion\/"},"author":{"name":"Editor","@id":"https:\/\/www.conmarcapropia.com\/portal\/#\/schema\/person\/99e32c7be3e9590e5f01c02fe4bd4148"},"headline":"DECRECER O NO DECRECER, \u00c9SA ES LA CUESTI\u00d3N","datePublished":"2022-09-11T17:12:05+00:00","dateModified":"2022-09-11T17:12:05+00:00","mainEntityOfPage":{"@id":"https:\/\/www.conmarcapropia.com\/portal\/decrecer-o-no-decrecer-esa-es-la-cuestion\/"},"wordCount":1796,"publisher":{"@id":"https:\/\/www.conmarcapropia.com\/portal\/#organization"},"keywords":["decrecer","Invitados","Irene V\u00e9lez","Juan Fernando Pach\u00f3n Botero","Ministra de Minas"],"articleSection":["Se Rumora"],"inLanguage":"es"},{"@type":"WebPage","@id":"https:\/\/www.conmarcapropia.com\/portal\/decrecer-o-no-decrecer-esa-es-la-cuestion\/","url":"https:\/\/www.conmarcapropia.com\/portal\/decrecer-o-no-decrecer-esa-es-la-cuestion\/","name":"DECRECER O NO DECRECER, \u00c9SA ES LA CUESTI\u00d3N - ConMarcaPropia","isPartOf":{"@id":"https:\/\/www.conmarcapropia.com\/portal\/#website"},"datePublished":"2022-09-11T17:12:05+00:00","dateModified":"2022-09-11T17:12:05+00:00","breadcrumb":{"@id":"https:\/\/www.conmarcapropia.com\/portal\/decrecer-o-no-decrecer-esa-es-la-cuestion\/#breadcrumb"},"inLanguage":"es","potentialAction":[{"@type":"ReadAction","target":["https:\/\/www.conmarcapropia.com\/portal\/decrecer-o-no-decrecer-esa-es-la-cuestion\/"]}]},{"@type":"BreadcrumbList","@id":"https:\/\/www.conmarcapropia.com\/portal\/decrecer-o-no-decrecer-esa-es-la-cuestion\/#breadcrumb","itemListElement":[{"@type":"ListItem","position":1,"name":"Portada","item":"https:\/\/www.conmarcapropia.com\/portal\/"},{"@type":"ListItem","position":2,"name":"DECRECER O NO DECRECER, \u00c9SA ES LA CUESTI\u00d3N"}]},{"@type":"WebSite","@id":"https:\/\/www.conmarcapropia.com\/portal\/#website","url":"https:\/\/www.conmarcapropia.com\/portal\/","name":"ConMarcaPropia","description":"cmp@conmarcapropia.com","publisher":{"@id":"https:\/\/www.conmarcapropia.com\/portal\/#organization"},"potentialAction":[{"@type":"SearchAction","target":{"@type":"EntryPoint","urlTemplate":"https:\/\/www.conmarcapropia.com\/portal\/?s={search_term_string}"},"query-input":"required name=search_term_string"}],"inLanguage":"es"},{"@type":"Organization","@id":"https:\/\/www.conmarcapropia.com\/portal\/#organization","name":"ConMarcaPropia","url":"https:\/\/www.conmarcapropia.com\/portal\/","logo":{"@type":"ImageObject","inLanguage":"es","@id":"https:\/\/www.conmarcapropia.com\/portal\/#\/schema\/logo\/image\/","url":"https:\/\/i0.wp.com\/www.conmarcapropia.com\/portal\/wp-content\/uploads\/2022\/08\/cropped-CONAMR.png?fit=500%2C100&ssl=1","contentUrl":"https:\/\/i0.wp.com\/www.conmarcapropia.com\/portal\/wp-content\/uploads\/2022\/08\/cropped-CONAMR.png?fit=500%2C100&ssl=1","width":500,"height":100,"caption":"ConMarcaPropia"},"image":{"@id":"https:\/\/www.conmarcapropia.com\/portal\/#\/schema\/logo\/image\/"},"sameAs":["https:\/\/www.facebook.com\/ConMarcaPropiaCom","https:\/\/twitter.com\/Conmarcap","https:\/\/www.youtube.com\/user\/ConMarcaPropia"]},{"@type":"Person","@id":"https:\/\/www.conmarcapropia.com\/portal\/#\/schema\/person\/99e32c7be3e9590e5f01c02fe4bd4148","name":"Editor","image":{"@type":"ImageObject","inLanguage":"es","@id":"https:\/\/www.conmarcapropia.com\/portal\/#\/schema\/person\/image\/","url":"https:\/\/secure.gravatar.com\/avatar\/444d08604116fee1399108703e7d90e7?s=96&d=mm&r=g","contentUrl":"https:\/\/secure.gravatar.com\/avatar\/444d08604116fee1399108703e7d90e7?s=96&d=mm&r=g","caption":"Editor"},"url":"https:\/\/www.conmarcapropia.com\/portal\/author\/carlosp\/"}]}},"jetpack_featured_media_url":"","jetpack_sharing_enabled":true,"jetpack_shortlink":"https:\/\/wp.me\/p5SOeN-2sV","jetpack-related-posts":[{"id":2282,"url":"https:\/\/www.conmarcapropia.com\/portal\/erase-una-vez-un-gran-hombre\/","url_meta":{"origin":9481,"position":0},"title":"\u00c9rase una vez un gran hombre","date":"20 septiembre, 2015","format":false,"excerpt":"\u00c9rase una vez un gran hombre Por: Juan Fernando Pach\u00f3n Botero @JuanFernandoPa5 \u00c9rase una vez un hombre atado a una guitarra, como si \u00e9sta fuese una extensi\u00f3n de su cuerpo, un ap\u00e9ndice de su alma. La tocaba, la acariciaba, la mimaba, como lo hace un alfarero con su arcilla m\u00e1s\u2026","rel":"","context":"En \u00abInvitados\u00bb","img":{"alt_text":"","src":"https:\/\/i0.wp.com\/www.conmarcapropia.com\/portal\/wp-content\/uploads\/2015\/06\/fernando-pach\u00f3n.jpg?fit=221%2C300&ssl=1&resize=350%2C200","width":350,"height":200},"classes":[]},{"id":7202,"url":"https:\/\/www.conmarcapropia.com\/portal\/blanca-cecilia-botero-vuela-como-un-ave-cosmica\/","url_meta":{"origin":9481,"position":1},"title":"BLANCA CECILIA BOTERO: \u00a1VUELA COMO UN AVE C\u00d3SMICA!","date":"20 junio, 2020","format":false,"excerpt":"Blanca Cecilia Botero: \u00a1Vuela como un ave c\u00f3smica! Por: Juan Fernando Pach\u00f3n Botero @elmagopoeta En apariencia luc\u00eda tan fr\u00e1gil y mansa como la hoja de oto\u00f1o que yace a merced del soplo del viento, pero tras aquella delicada envoltura subyac\u00eda una mujer valiente, tan dura y resistente como el diamante\u2026","rel":"","context":"En \u00abSe Rumora\u00bb","img":{"alt_text":"","src":"https:\/\/i0.wp.com\/www.conmarcapropia.com\/portal\/wp-content\/uploads\/2020\/06\/Foto-Blanca-2-400x300.jpg?resize=350%2C200","width":350,"height":200},"classes":[]},{"id":10863,"url":"https:\/\/www.conmarcapropia.com\/portal\/las-edades-del-amor\/","url_meta":{"origin":9481,"position":2},"title":"LAS EDADES DEL AMOR","date":"8 octubre, 2023","format":false,"excerpt":"Las edades del amor Por: @elmagopoeta Juan Fernando Pach\u00f3n Botero Hay amores que endulzan la vida. Hay amores que hieren el alma. Hay amores que ensalzan el esp\u00edritu. Hay amores que se clavan como una daga Hay amores que duelen. Hay amores prohibidos. Hay amores secretos. Hay amores tr\u00e1gicos. Hay\u2026","rel":"","context":"En \u00abSe Rumora\u00bb","img":{"alt_text":"","src":"https:\/\/i0.wp.com\/www.conmarcapropia.com\/portal\/wp-content\/uploads\/2023\/10\/El-amor.jpg?fit=557%2C418&ssl=1&resize=350%2C200","width":350,"height":200},"classes":[]},{"id":2834,"url":"https:\/\/www.conmarcapropia.com\/portal\/el-diablo-anda-suelto\/","url_meta":{"origin":9481,"position":3},"title":"EL DIABLO ANDA SUELTO","date":"24 mayo, 2016","format":false,"excerpt":"El diablo anda suelto Por Juan Fernando Pach\u00f3n Botero @JuanFernandoPa5 \u2026Y de pronto me hallaba corriendo estrepitosamente. Mi respiraci\u00f3n se tornaba ruidosa y agitada. Mi mente, ausente, naufragaba en medio de un oc\u00e9ano de caos. Un temblor de ultratumba se apoderaba de todo mi ser. Estaba oscuro. No ten\u00eda m\u00e1s\u2026","rel":"","context":"En \u00abSe Rumora\u00bb","img":{"alt_text":"Diablo","src":"https:\/\/i0.wp.com\/www.conmarcapropia.com\/portal\/wp-content\/uploads\/2016\/05\/Diablo-400x295.jpg?resize=350%2C200","width":350,"height":200},"classes":[]},{"id":14586,"url":"https:\/\/www.conmarcapropia.com\/portal\/el-mejor-ano-del-resto-de-nuestras-vidas\/","url_meta":{"origin":9481,"position":4},"title":"\u00a1El mejor a\u00f1o del resto de nuestras vidas!","date":"31 diciembre, 2025","format":false,"excerpt":"\u00a1El mejor a\u00f1o del resto de nuestras vidas! El doblar de las campanas con su eco embriagador, los abrazos eternos, la m\u00fasica que toca el alma, los brindis emotivos, sin fin, las l\u00e1grimas de satisfacci\u00f3n, pero tambi\u00e9n de honda nostalgia, el mu\u00f1eco de trapo y ropa vieja en brasas cual\u2026","rel":"","context":"En \u00abSe Rumora\u00bb","img":{"alt_text":"","src":"https:\/\/i0.wp.com\/www.conmarcapropia.com\/portal\/wp-content\/uploads\/2025\/12\/Juan-Fernando-Pachon.jpeg?fit=300%2C397&ssl=1&resize=350%2C200","width":350,"height":200},"classes":[]},{"id":10770,"url":"https:\/\/www.conmarcapropia.com\/portal\/se-rumora-n496-semana-del-31-de-agosto-al-06-de-septiembre-de-2023\/","url_meta":{"origin":9481,"position":5},"title":"Se Rumora N\u00b0496 (semana del 31 de Agosto al 06 de Septiembre de 2023)","date":"6 septiembre, 2023","format":false,"excerpt":"El coco de Petro en Rionegro Ahora resulta que en nuestros municipios encontraron muy taquillero y efectivo, asociar a candidatos, sin ning\u00fan fundamento, de petristas, los grad\u00faan en ese espectro, aprovechando la mala prensa que tiene el gobierno actual y el desprestigio que le han causado los conglomerados tradicionales, quienes\u2026","rel":"","context":"En \u00abSe Rumora\u00bb","img":{"alt_text":"","src":"https:\/\/i0.wp.com\/www.conmarcapropia.com\/portal\/wp-content\/uploads\/2023\/09\/Jaque.jpg?fit=843%2C478&ssl=1&resize=350%2C200","width":350,"height":200},"classes":[]}],"_links":{"self":[{"href":"https:\/\/www.conmarcapropia.com\/portal\/wp-json\/wp\/v2\/posts\/9481"}],"collection":[{"href":"https:\/\/www.conmarcapropia.com\/portal\/wp-json\/wp\/v2\/posts"}],"about":[{"href":"https:\/\/www.conmarcapropia.com\/portal\/wp-json\/wp\/v2\/types\/post"}],"author":[{"embeddable":true,"href":"https:\/\/www.conmarcapropia.com\/portal\/wp-json\/wp\/v2\/users\/11"}],"replies":[{"embeddable":true,"href":"https:\/\/www.conmarcapropia.com\/portal\/wp-json\/wp\/v2\/comments?post=9481"}],"version-history":[{"count":1,"href":"https:\/\/www.conmarcapropia.com\/portal\/wp-json\/wp\/v2\/posts\/9481\/revisions"}],"predecessor-version":[{"id":9483,"href":"https:\/\/www.conmarcapropia.com\/portal\/wp-json\/wp\/v2\/posts\/9481\/revisions\/9483"}],"wp:attachment":[{"href":"https:\/\/www.conmarcapropia.com\/portal\/wp-json\/wp\/v2\/media?parent=9481"}],"wp:term":[{"taxonomy":"category","embeddable":true,"href":"https:\/\/www.conmarcapropia.com\/portal\/wp-json\/wp\/v2\/categories?post=9481"},{"taxonomy":"post_tag","embeddable":true,"href":"https:\/\/www.conmarcapropia.com\/portal\/wp-json\/wp\/v2\/tags?post=9481"}],"curies":[{"name":"wp","href":"https:\/\/api.w.org\/{rel}","templated":true}]}}